{"id":241368,"date":"2025-11-17T19:01:31","date_gmt":"2025-11-17T19:01:31","guid":{"rendered":"https:\/\/www.europesays.com\/es\/241368\/"},"modified":"2025-11-17T19:01:31","modified_gmt":"2025-11-17T19:01:31","slug":"nervios-homenajes-y-las-palabras-que-le-dedico-dani-martin-desde-el-escenario","status":"publish","type":"post","link":"https:\/\/www.europesays.com\/es\/241368\/","title":{"rendered":"nervios, homenajes y las palabras que le dedic\u00f3 Dani Mart\u00edn desde el escenario"},"content":{"rendered":"<p id=\"ego3k37Hqm\" data-wc=\"50\">La gala de <strong>LOS40 Music Awards Santander 2025<\/strong> dej\u00f3 momentos m\u00e1gicos, pero pocos tan especiales como los protagonizados por <strong>Dani Fern\u00e1ndez<\/strong>. El artista vivi\u00f3 una noche cargada de sentimientos, donde su m\u00fasica, sus recuerdos y <a class=\"hm-link ho-link\" href=\"https:\/\/www.hola.com\/actualidad\/20251019862365\/dani-fernandez-y-yarea-nos-hablan-de-su-cancion-mas-especial\/\" data-mrf-recirculation=\"article-body-link\" rel=\"nofollow noopener\" target=\"_blank\">sus v\u00ednculos m\u00e1s profundos<\/a> salieron a la luz con una sinceridad que conquist\u00f3 al p\u00fablico.<\/p>\n<p id=\"eb6PziQmJ5y\" data-wc=\"55\">Minutos antes de subir al escenario, <a class=\"hm-link ho-link\" href=\"https:\/\/www.hola.com\/actualidad\/20251015861691\/dani-fernandez-da-la-cara-y-defiende-a-valeria-castro-de-las-criticas-tras-su-polemica-actuacion-en-ot-2025\/\" data-mrf-recirculation=\"article-body-link\" rel=\"nofollow noopener\" target=\"_blank\">Dani confesaba sentirse \u201cm\u00e1s nervioso por cantar que por los premios\u201d<\/a>, una frase que dejaba entrever la importancia que tiene para \u00e9l cada actuaci\u00f3n. <strong>Con seis nominaciones sobre la mesa<\/strong>, evit\u00f3 preparar discursos: <strong>\u201cDepender\u00e1 de lo que sienta en ese momento\u201d<\/strong>, aseguraba entre risas, reflejando esa espontaneidad tan suya.<\/p>\n<p> <img src=\"https:\/\/www.europesays.com\/es\/wp-content\/uploads\/2025\/11\/1763406087_185_f21273843316-dlu594317209.jpg\"   width=\"1080\" height=\"1800\" loading=\"lazy\" decoding=\"async\" alt=\"Dani Fern\u00e1ndez\" fetchpriority=\"auto\" class=\"image ho-image\"\/>\u00a9 GTRESSobre estas l\u00edneas, Dani Fern\u00e1ndez en la gala de Los 40 Music awards <\/p>\n<p id=\"ezUZYf3vYfC\" data-wc=\"76\">Uno de los instantes m\u00e1s emotivos lleg\u00f3 cuando quiso recordar a <strong>Valeria Castro<\/strong>, amiga y compa\u00f1era art\u00edstica, a quien dedic\u00f3 unas palabras llenas de cari\u00f1o y admiraci\u00f3n. La artista se ha retirado temporalmente de los escenarios debido a<strong>\u00a0problemas de salud mental y agotamiento.\u00a0<\/strong>Su homenaje no solo emocion\u00f3 a los presentes, sino que mostr\u00f3 la profundidad del v\u00ednculo que los une y la importancia que Dani otorga a quienes forman parte de su camino musical.<\/p>\n<p> <img src=\"https:\/\/www.europesays.com\/es\/wp-content\/uploads\/2025\/10\/644706cd1e32-valeria-captura3.jpg\"   width=\"1024\" height=\"685\" loading=\"lazy\" decoding=\"async\" alt=\"Actuaci\u00f3n de Dani Fern\u00e1ndez y Valeria Castro en OT\" fetchpriority=\"auto\" class=\"image ho-image\"\/>\u00a9 Prime VideoValeria Castro se ha retirado temporalmente de los escenarios debido a problemas de salud mental y agotamiento<br \/>\n\u201cTiene un ADN que me representa\u201d<\/p>\n<p id=\"ejf6wXN9igp\" data-wc=\"72\">Pero la sorpresa de la noche lleg\u00f3 de la mano de <strong>Dani Mart\u00edn<\/strong>, que desde el escenario quiso dedicarle un gui\u00f1o que no pas\u00f3 desapercibido. Con su habitual calidez, asegur\u00f3 que Fern\u00e1ndez <strong>\u201ctiene un ADN que me representa\u201d<\/strong>, una declaraci\u00f3n que el p\u00fablico recibi\u00f3 con aplausos y que el propio Dani vivi\u00f3 con emoci\u00f3n contenida. Un reconocimiento que, viniendo de uno de sus grandes referentes, dej\u00f3 una marca imborrable en la velada.<\/p>\n<p> <img src=\"https:\/\/www.europesays.com\/es\/wp-content\/uploads\/2025\/11\/e4badfeb61f7-gettyimages-2246738285.jpg\"   width=\"1080\" height=\"1080\" loading=\"lazy\" decoding=\"async\" alt=\"Media Image\" fetchpriority=\"auto\" class=\"image ho-image\"\/>\u00a9 Getty Images<\/p>\n<p id=\"e5zIVqkVONF\" data-wc=\"62\">Entre recuerdos de sus inicios \u2014como cuando son\u00f3 por primera vez en la radio con apenas veinte a\u00f1os\u2014 y confesiones musicales, Dani tambi\u00e9n <a class=\"hm-link ho-link\" href=\"https:\/\/www.hola.com\/actualidad\/20250311819461\/dani-fernandez-lado-personal-yarea-guillen-hijo\/\" data-mrf-recirculation=\"article-body-link\" rel=\"nofollow noopener\" target=\"_blank\">desvel\u00f3 que la primera canci\u00f3n<\/a> que escuch\u00f3 en LOS40 fue <strong>Solo para ti, de Sergio Dalma.<\/strong> Un detalle que habla de ese hilo invisible que une sus sue\u00f1os de juventud con la carrera s\u00f3lida y luminosa que tiene hoy.<\/p>\n","protected":false},"excerpt":{"rendered":"La gala de LOS40 Music Awards Santander 2025 dej\u00f3 momentos m\u00e1gicos, pero pocos tan especiales como los protagonizados&hellip;\n","protected":false},"author":2,"featured_media":241369,"comment_status":"","ping_status":"","sticky":false,"template":"","format":"standard","meta":{"footnotes":""},"categories":[170],"tags":[517,146,147,25,24,184,185,23],"class_list":{"0":"post-241368","1":"post","2":"type-post","3":"status-publish","4":"format-standard","5":"has-post-thumbnail","7":"category-musica","8":"tag-actualidad","9":"tag-entertainment","10":"tag-entretenimiento","11":"tag-es","12":"tag-espana","13":"tag-music","14":"tag-musica","15":"tag-spain"},"share_on_mastodon":{"url":"https:\/\/pubeurope.com\/@es\/115566588033052741","error":""},"_links":{"self":[{"href":"https:\/\/www.europesays.com\/es\/wp-json\/wp\/v2\/posts\/241368","targetHints":{"allow":["GET"]}}],"collection":[{"href":"https:\/\/www.europesays.com\/es\/wp-json\/wp\/v2\/posts"}],"about":[{"href":"https:\/\/www.europesays.com\/es\/wp-json\/wp\/v2\/types\/post"}],"author":[{"embeddable":true,"href":"https:\/\/www.europesays.com\/es\/wp-json\/wp\/v2\/users\/2"}],"replies":[{"embeddable":true,"href":"https:\/\/www.europesays.com\/es\/wp-json\/wp\/v2\/comments?post=241368"}],"version-history":[{"count":0,"href":"https:\/\/www.europesays.com\/es\/wp-json\/wp\/v2\/posts\/241368\/revisions"}],"wp:featuredmedia":[{"embeddable":true,"href":"https:\/\/www.europesays.com\/es\/wp-json\/wp\/v2\/media\/241369"}],"wp:attachment":[{"href":"https:\/\/www.europesays.com\/es\/wp-json\/wp\/v2\/media?parent=241368"}],"wp:term":[{"taxonomy":"category","embeddable":true,"href":"https:\/\/www.europesays.com\/es\/wp-json\/wp\/v2\/categories?post=241368"},{"taxonomy":"post_tag","embeddable":true,"href":"https:\/\/www.europesays.com\/es\/wp-json\/wp\/v2\/tags?post=241368"}],"curies":[{"name":"wp","href":"https:\/\/api.w.org\/{rel}","templated":true}]}}