{"id":241378,"date":"2025-11-17T19:06:15","date_gmt":"2025-11-17T19:06:15","guid":{"rendered":"https:\/\/www.europesays.com\/es\/241378\/"},"modified":"2025-11-17T19:06:15","modified_gmt":"2025-11-17T19:06:15","slug":"no-lo-tienes-todavia-pero-lo-querras","status":"publish","type":"post","link":"https:\/\/www.europesays.com\/es\/241378\/","title":{"rendered":"no lo tienes todav\u00eda, pero lo querr\u00e1s"},"content":{"rendered":"<p>Durante las \u00faltimas semanas, hemos ido comentando un <strong>nuevo producto que Apple lanzar\u00e1 en 2026<\/strong>, y si bien no es algo supernovedoso, s\u00ed que podr\u00eda ser un \u00e9xito en ventas, sobre todo debido a su precio, mucho m\u00e1s econ\u00f3mico que gamas superiores, y al alcance de todos.<\/p>\n<p>Se trata de un nuevo MacBook con chip de iPhone, algo similar a lo que ya tenemos con los iPad, pero para ordenadores, consiguiendo as\u00ed que, quien no busque la mayor potencia posible, pueda tener un MacBook, sin gastarse el dinero que cuesta uno de los actuales.<\/p>\n<p>MacBook barato en 2026<\/p>\n<p>Apple podr\u00eda lanzar en 2026 un <strong>MacBook mucho m\u00e1s barato de lo habitual<\/strong>. En vez de usar sus chips \u201cM\u201d, este nuevo modelo usar\u00eda un procesador como el de los iPhone: el <strong>A18 Pro<\/strong>, el cual podr\u00eda ir mejorando con los a\u00f1os, pero siempre en la l\u00ednea de este chip, y no del que usar\u00edan, ese mismo a\u00f1o, los MacBook Air, o Pro.<\/p>\n<p>Se rumorea que la pantalla ser\u00eda LCD y algo m\u00e1s peque\u00f1a (menos de 13,6 pulgadas), lo que ayudar\u00eda a abaratar. Tambi\u00e9n podr\u00eda venir en colores divertidos como plata, azul, rosa o amarillo, algo muy com\u00fan en Apple cuando se trata de la versi\u00f3n econ\u00f3mica de cualquier producto.<\/p>\n<p>No ser\u00eda un port\u00e1til para tareas exigentes, sino para uso diario: navegar por internet, escribir, ver v\u00eddeos, trabajar con documentos\u2026 Algo que no requiere tanto m\u00fasculo. Se comenta que tendr\u00e1 alrededor de 8 GB de memoria, suficiente para lo b\u00e1sico.<\/p>\n<p><img decoding=\"async\" loading=\"lazy\" width=\"1280\" height=\"720\" src=\"https:\/\/www.europesays.com\/es\/wp-content\/uploads\/2025\/11\/pexels-natri-129208.jpg\" alt=\"MacBook apagado\"\/><\/p>\n<p>MacBook en mesa, apagado<\/p>\n<p>Adem\u00e1s, no tendr\u00eda puertos muy avanzados como Thunderbolt, solo USB-C normales, as\u00ed que no ser\u00eda perfecto para conectar ciertos dispositivos externos muy potentes, pese a que podr\u00edamos adquirir adaptadores por separado que nos facilitasen esto.<\/p>\n<p>En cuanto al precio, los analistas apuntan a que <strong>costar\u00e1 \u00abmuy por debajo\u00bb de los 1.000 d\u00f3lares<\/strong>, lo que lo convertir\u00eda en una alternativa muy competitiva frente a Chromebooks y port\u00e1tiles Windows baratos. Apple incluso podr\u00eda fabricar entre 5 y 7 millones de unidades en 2026, lo que deja claro que est\u00e1n apostando fuerte por este modelo (aunque pas\u00f3 igual con el iPhone Air, el cual no triunf\u00f3, lo que no quiere decir que sea una apuesta segura)<\/p>\n<p>Es probable que, su autonom\u00eda, debido a un procesador sencillo y una pantalla m\u00e1s peque\u00f1a, sea muy alta, siendo el punto a favor m\u00e1s importante del modelo, que, junto al precio, podr\u00eda llamar la atenci\u00f3n de muchas personas, quienes no quieren irse a por algo m\u00e1s caro, pero que, debido a que tienen un iPhone u otros productos del ecosistema, si les gustar\u00eda poseer un MacBook.<\/p>\n<p>En resumen: es un <strong>MacBook \u201cde batalla\u201d, pensado para quienes quieren tener un port\u00e1til Apple sin gastarse una fortuna<\/strong>, y con la potencia justa para tareas cotidianas.<\/p>\n<p>Y t\u00fa, \u00bfcrees que es una buena decisi\u00f3n?, \u00bfvender\u00e1 realmente 6 millones de unidades? La verdad es que, por mi parte, incluso para escribir estas l\u00edneas, me servir\u00eda, por lo que no es un mal producto si no necesitan algo muy potente orientado a ciertos trabajos, y podr\u00eda hacer que, muchas personas que buscan algo de gama media, y que jam\u00e1s pensaron en tener un MacBook, se pasen a ello, as\u00ed que tiene muy buena pinta la estrategia de Apple, y estaremos pendiente de c\u00f3mo les sale. D\u00e9janos un comentario con tu opini\u00f3n sobre ello.<\/p>\n","protected":false},"excerpt":{"rendered":"Durante las \u00faltimas semanas, hemos ido comentando un nuevo producto que Apple lanzar\u00e1 en 2026, y si bien&hellip;\n","protected":false},"author":2,"featured_media":241379,"comment_status":"","ping_status":"","sticky":false,"template":"","format":"standard","meta":{"footnotes":""},"categories":[81],"tags":[119,123,124,25,24,117,121,122,23,118,120],"class_list":{"0":"post-241378","1":"post","2":"type-post","3":"status-publish","4":"format-standard","5":"has-post-thumbnail","7":"category-ciencia-y-tecnologia","8":"tag-ciencia","9":"tag-ciencia-y-tecnologia","10":"tag-cienciaytecnologia","11":"tag-es","12":"tag-espana","13":"tag-science","14":"tag-science-and-technology","15":"tag-scienceandtechnology","16":"tag-spain","17":"tag-technology","18":"tag-tecnologia"},"share_on_mastodon":{"url":"https:\/\/pubeurope.com\/@es\/115566607781684415","error":""},"_links":{"self":[{"href":"https:\/\/www.europesays.com\/es\/wp-json\/wp\/v2\/posts\/241378","targetHints":{"allow":["GET"]}}],"collection":[{"href":"https:\/\/www.europesays.com\/es\/wp-json\/wp\/v2\/posts"}],"about":[{"href":"https:\/\/www.europesays.com\/es\/wp-json\/wp\/v2\/types\/post"}],"author":[{"embeddable":true,"href":"https:\/\/www.europesays.com\/es\/wp-json\/wp\/v2\/users\/2"}],"replies":[{"embeddable":true,"href":"https:\/\/www.europesays.com\/es\/wp-json\/wp\/v2\/comments?post=241378"}],"version-history":[{"count":0,"href":"https:\/\/www.europesays.com\/es\/wp-json\/wp\/v2\/posts\/241378\/revisions"}],"wp:featuredmedia":[{"embeddable":true,"href":"https:\/\/www.europesays.com\/es\/wp-json\/wp\/v2\/media\/241379"}],"wp:attachment":[{"href":"https:\/\/www.europesays.com\/es\/wp-json\/wp\/v2\/media?parent=241378"}],"wp:term":[{"taxonomy":"category","embeddable":true,"href":"https:\/\/www.europesays.com\/es\/wp-json\/wp\/v2\/categories?post=241378"},{"taxonomy":"post_tag","embeddable":true,"href":"https:\/\/www.europesays.com\/es\/wp-json\/wp\/v2\/tags?post=241378"}],"curies":[{"name":"wp","href":"https:\/\/api.w.org\/{rel}","templated":true}]}}