{"id":241382,"date":"2025-11-17T19:08:15","date_gmt":"2025-11-17T19:08:15","guid":{"rendered":"https:\/\/www.europesays.com\/es\/241382\/"},"modified":"2025-11-17T19:08:15","modified_gmt":"2025-11-17T19:08:15","slug":"alemania-levanta-las-restricciones-a-la-exportacion-de-armamento-a-israel","status":"publish","type":"post","link":"https:\/\/www.europesays.com\/es\/241382\/","title":{"rendered":"Alemania levanta las restricciones a la exportaci\u00f3n de armamento a Israel"},"content":{"rendered":"\n<p> El Gobierno alem\u00e1n anunci\u00f3 este lunes el pr\u00f3ximo levantamiento de las restricciones a las <a href=\"https:\/\/www.elconfidencial.com\/empresas\/2025-05-20\/embargo-militar-espana-israel-compra-venta-proyectos_3873036\/\" target=\"_blank\" rel=\"nofollow noopener\">exportaciones de armamento a Israel <\/a>que impuso en agosto pasado, al considerar que <strong>se cumple el alto el fuego que rige en la Franja de Gaza<\/strong>. <\/p>\n<p> En una rueda de prensa ordinaria del Gobierno, Sebastian Hille, portavoz adjunto del Ejecutivo alem\u00e1n, confirm\u00f3 que \u00ablas restricciones a la exportaci\u00f3n de armas a Israel anunciadas en el comunicado del Gobierno del 8 de agosto de 2025<strong> quedan derogadas y la derogaci\u00f3n entrar\u00e1 en vigor el 24 de noviembre<\/strong>\u00ab. <\/p>\n<p> La base de esta decisi\u00f3n, precis\u00f3 el portavoz, es el alto el fuego vigente en la Franja de Gaza desde el pasado 10 de octubre que, en principio, \u00abse ha estabilizado\u00bbhttps:\/\/www.elconfidencial.com\/mundo\/2025-11-17\/alemania-levanta-restricciones-exportacion-armamento-israel_4248799\/.\u00bb<strong>Esperamos que todos respeten los acuerdos alcanzados<\/strong>. Esto incluye que se mantenga el alto el fuego, que se preste ayuda humanitaria a gran escala y que el proceso contin\u00fae de forma ordenada\u00bb, es decir, \u00abque ambas partes, tanto Israel como la parte palestina, se atengan al proceso acordado\u00bb, enfatiz\u00f3. <\/p>\n<p> Hille record\u00f3 que el Gobierno alem\u00e1n siempre hab\u00eda dicho que <strong>revisar\u00eda su decisi\u00f3n de restringir temporalmente la exportaci\u00f3n de armamento <\/strong>\u00aba la luz de los acontecimientos sobre el terreno\u00bb. <\/p>\n<p class=\"bodyObject bodyBlockquote\">El canciller alem\u00e1n hab\u00eda anunciado el pasado 8 de agosto la suspensi\u00f3n hasta nuevo aviso de las exportaciones de armamento a Israel <\/p>\n<p> En este sentido, reiter\u00f3 que el <a href=\"https:\/\/www.elconfidencial.com\/mundo\/2025-10-23\/gaza-israel-hamas-alto-fuego-1hms_4233199\/\" target=\"_blank\" rel=\"nofollow noopener\">alto el fuego <\/a>es el punto m\u00e1s importante en esta evaluaci\u00f3n, pero \u00abhay toda una serie de otros criterios que<strong> han cambiado en la situaci\u00f3n actual respecto a cuando las hostilidades a\u00fan continuaban<\/strong>\u00bb y que han contribuido a la decisi\u00f3n del Gobierno alem\u00e1n. <\/p>\n<p> El canciller alem\u00e1n, Friedrich Merz, hab\u00eda anunciado<strong> el pasado 8 de agosto la suspensi\u00f3n hasta nuevo aviso de las exportaciones de armamento a Israel <\/strong>que pudiera emplearse en la Franja de Gaza, despu\u00e9s de que el Ejecutivo de Benjam\u00edn Netanyahu aprobase un plan militar para ocupar la ciudad de Gaza. <\/p>\n<p> El Gobierno alem\u00e1n anunci\u00f3 este lunes el pr\u00f3ximo levantamiento de las restricciones a las <a href=\"https:\/\/www.elconfidencial.com\/empresas\/2025-05-20\/embargo-militar-espana-israel-compra-venta-proyectos_3873036\/\" target=\"_blank\" rel=\"nofollow noopener\">exportaciones de armamento a Israel <\/a>que impuso en agosto pasado, al considerar que <strong>se cumple el alto el fuego que rige en la Franja de Gaza<\/strong>. <\/p>\n","protected":false},"excerpt":{"rendered":"El Gobierno alem\u00e1n anunci\u00f3 este lunes el pr\u00f3ximo levantamiento de las restricciones a las exportaciones de armamento a&hellip;\n","protected":false},"author":2,"featured_media":241383,"comment_status":"","ping_status":"","sticky":false,"template":"","format":"standard","meta":{"footnotes":""},"categories":[42],"tags":[17,18,13,14,11,61,62,63,64,19,20,9,10,15,16,12,21,22,65,66,67],"class_list":{"0":"post-241382","1":"post","2":"type-post","3":"status-publish","4":"format-standard","5":"has-post-thumbnail","7":"category-internacional","8":"tag-breaking-news","9":"tag-breakingnews","10":"tag-featured-news","11":"tag-featurednews","12":"tag-headlines","13":"tag-internacional","14":"tag-international","15":"tag-international-news","16":"tag-internationalnews","17":"tag-latest-news","18":"tag-latestnews","19":"tag-news","20":"tag-noticias","21":"tag-noticias-destacadas","22":"tag-noticiasdestacadas","23":"tag-titulares","24":"tag-ultimas-noticias","25":"tag-ultimasnoticias","26":"tag-world","27":"tag-world-news","28":"tag-worldnews"},"share_on_mastodon":{"url":"https:\/\/pubeurope.com\/@es\/115566615466269964","error":""},"_links":{"self":[{"href":"https:\/\/www.europesays.com\/es\/wp-json\/wp\/v2\/posts\/241382","targetHints":{"allow":["GET"]}}],"collection":[{"href":"https:\/\/www.europesays.com\/es\/wp-json\/wp\/v2\/posts"}],"about":[{"href":"https:\/\/www.europesays.com\/es\/wp-json\/wp\/v2\/types\/post"}],"author":[{"embeddable":true,"href":"https:\/\/www.europesays.com\/es\/wp-json\/wp\/v2\/users\/2"}],"replies":[{"embeddable":true,"href":"https:\/\/www.europesays.com\/es\/wp-json\/wp\/v2\/comments?post=241382"}],"version-history":[{"count":0,"href":"https:\/\/www.europesays.com\/es\/wp-json\/wp\/v2\/posts\/241382\/revisions"}],"wp:featuredmedia":[{"embeddable":true,"href":"https:\/\/www.europesays.com\/es\/wp-json\/wp\/v2\/media\/241383"}],"wp:attachment":[{"href":"https:\/\/www.europesays.com\/es\/wp-json\/wp\/v2\/media?parent=241382"}],"wp:term":[{"taxonomy":"category","embeddable":true,"href":"https:\/\/www.europesays.com\/es\/wp-json\/wp\/v2\/categories?post=241382"},{"taxonomy":"post_tag","embeddable":true,"href":"https:\/\/www.europesays.com\/es\/wp-json\/wp\/v2\/tags?post=241382"}],"curies":[{"name":"wp","href":"https:\/\/api.w.org\/{rel}","templated":true}]}}