{"id":241388,"date":"2025-11-17T19:15:11","date_gmt":"2025-11-17T19:15:11","guid":{"rendered":"https:\/\/www.europesays.com\/es\/241388\/"},"modified":"2025-11-17T19:15:11","modified_gmt":"2025-11-17T19:15:11","slug":"ya-veremos-como-queda-el-cruce","status":"publish","type":"post","link":"https:\/\/www.europesays.com\/es\/241388\/","title":{"rendered":"Ya veremos c\u00f3mo queda el cruce"},"content":{"rendered":"<p data-gtm-element-container=\"modulo-texto-link\" class=\"paragraph\"><strong>Jiri Lehecka<\/strong>, n\u00famero 17 del mundo y mejor baza de la Rep\u00fablica Checa que capitanea Tomas Berdych, primer rival de Espa\u00f1a en la Copa Davis, <strong>asegur\u00f3 este lunes que este a\u00f1o no ha \u00abmayor reto\u00bb que enfrentarse a Carlos Alcaraz<\/strong>, n\u00famero 1 del mundo, o al italiano Jannik Sinner, flamante campe\u00f3n de la Copa de Maestros.<\/p>\n<p data-gtm-element-container=\"modulo-texto-link\" class=\"paragraph\"><strong>Lehecka fue uno de los pocos que pudo superar a Alcaraz en un curso casi impoluto <\/strong>del campe\u00f3n de seis grandes, dos este a\u00f1o, Roland Garros y Estados Unidos. Fue en los cuartos de final de Doha, en pista dura pero no cubierta. El balance, eso s\u00ed, favorece al murciano por 3-1, que adem\u00e1s gan\u00f3 los dos enfrentamientos posteriores entre ambos.<\/p>\n<p data-gtm-element-container=\"modulo-texto-link\" class=\"paragraph\">\u00ab<strong>Creo que todos sabemos que no hay mayor reto este a\u00f1o que jugar contra Jannik o Carlos<\/strong>. Est\u00e1n teniendo una gran temporada y est\u00e1n haciendo un tenis incre\u00edble all\u00e1 donde van. Ya veremos. Me he sentido muy bien este a\u00f1o en todos mis partidos de la Copa Davis\u00bb, dijo en rueda de prensa.<\/p>\n<p data-gtm-element-container=\"modulo-texto-link\" class=\"paragraph\">\u00abSin duda, intentar\u00e9 prepararme lo mejor posible si juego. Por supuesto, <strong>no hace falta que explique c\u00f3mo est\u00e1 jugando Carlos. Todos vemos su nivel. Ya veremos c\u00f3mo queda el cruce<\/strong>\u00ab, a\u00f1adi\u00f3.<\/p>\n<p>    Lee tambi\u00e9n<\/p>\n<p data-gtm-element-container=\"modulo-texto-link\" class=\"paragraph\">El checo, de 24 a\u00f1os, insisti\u00f3 en que la Davis es un torneo en el que se siente muy c\u00f3modo: \u00ab<strong>La Copa Davis siempre es especial y siempre lo ha sido<\/strong>. Desde el primer momento en que jugu\u00e9 mi primer partido en 2019, sent\u00ed que esta competici\u00f3n es algo un poco diferente. No solo juegas por ti mismo, juegas por todo el equipo, representas a tu pa\u00eds. Siempre me he sentido bien en esta competici\u00f3n\u00bb.<\/p>\n<p data-gtm-element-container=\"modulo-texto-link\" class=\"paragraph\">\u00ab<strong>Tambi\u00e9n creo que el esp\u00edritu de equipo la hace un poco diferente. Te diviertes en el vestuario<\/strong>. Hay mucha m\u00e1s gente de la que est\u00e1s acostumbrado a tener cuando viajas solo en la gira. Estas semanas son siempre las que m\u00e1s espero. Siempre estoy deseando formar parte del equipo\u00bb, finaliz\u00f3.<\/p>\n<p data-gtm-element-container=\"modulo-texto-link\" class=\"paragraph\">Espa\u00f1a y la Rep\u00fablica Checa se enfrentar\u00e1n el<strong> jueves a partir de las 10h.<\/strong><\/p>\n<p data-gtm-element-container=\"modulo-texto-link\" class=\"paragraph\">Espa\u00f1a se ha medido a Rep\u00fablica Checa en la Copa Davis en 10 ocasiones y cuenta con el balance a su favor. Gan\u00f3 5 de sus duelos y perdi\u00f3 4. El \u00faltimo precedente, en la fase de grupos de 2024, con 3-0 para Espa\u00f1a.<\/p>\n<p data-gtm-element-container=\"modulo-texto-link\" class=\"paragraph\">La mejor victoria checa, en la final del torneo de 2012, con un 3-2 definitivo. En esa eliminatoria, David Ferrer, actual capit\u00e1n de Espa\u00f1a, gan\u00f3 a Tomas Berdych, capit\u00e1n actual de los checos.<\/p>\n","protected":false},"excerpt":{"rendered":"Jiri Lehecka, n\u00famero 17 del mundo y mejor baza de la Rep\u00fablica Checa que capitanea Tomas Berdych, primer&hellip;\n","protected":false},"author":2,"featured_media":241389,"comment_status":"","ping_status":"","sticky":false,"template":"","format":"standard","meta":{"footnotes":""},"categories":[274],"tags":[168,25,24,23,167,327,326],"class_list":{"0":"post-241388","1":"post","2":"type-post","3":"status-publish","4":"format-standard","5":"has-post-thumbnail","7":"category-tenis","8":"tag-deportes","9":"tag-es","10":"tag-espana","11":"tag-spain","12":"tag-sports","13":"tag-tenis","14":"tag-tennis"},"share_on_mastodon":{"url":"https:\/\/pubeurope.com\/@es\/115566642812625642","error":""},"_links":{"self":[{"href":"https:\/\/www.europesays.com\/es\/wp-json\/wp\/v2\/posts\/241388","targetHints":{"allow":["GET"]}}],"collection":[{"href":"https:\/\/www.europesays.com\/es\/wp-json\/wp\/v2\/posts"}],"about":[{"href":"https:\/\/www.europesays.com\/es\/wp-json\/wp\/v2\/types\/post"}],"author":[{"embeddable":true,"href":"https:\/\/www.europesays.com\/es\/wp-json\/wp\/v2\/users\/2"}],"replies":[{"embeddable":true,"href":"https:\/\/www.europesays.com\/es\/wp-json\/wp\/v2\/comments?post=241388"}],"version-history":[{"count":0,"href":"https:\/\/www.europesays.com\/es\/wp-json\/wp\/v2\/posts\/241388\/revisions"}],"wp:featuredmedia":[{"embeddable":true,"href":"https:\/\/www.europesays.com\/es\/wp-json\/wp\/v2\/media\/241389"}],"wp:attachment":[{"href":"https:\/\/www.europesays.com\/es\/wp-json\/wp\/v2\/media?parent=241388"}],"wp:term":[{"taxonomy":"category","embeddable":true,"href":"https:\/\/www.europesays.com\/es\/wp-json\/wp\/v2\/categories?post=241388"},{"taxonomy":"post_tag","embeddable":true,"href":"https:\/\/www.europesays.com\/es\/wp-json\/wp\/v2\/tags?post=241388"}],"curies":[{"name":"wp","href":"https:\/\/api.w.org\/{rel}","templated":true}]}}