{"id":241396,"date":"2025-11-17T19:20:10","date_gmt":"2025-11-17T19:20:10","guid":{"rendered":"https:\/\/www.europesays.com\/es\/241396\/"},"modified":"2025-11-17T19:20:10","modified_gmt":"2025-11-17T19:20:10","slug":"oye-por-favor-quitad-esa-imagen-de-la-television","status":"publish","type":"post","link":"https:\/\/www.europesays.com\/es\/241396\/","title":{"rendered":"Oye, por favor, quitad esa imagen de la televisi\u00f3n"},"content":{"rendered":"<p class=\"paragraph\">En la emisi\u00f3n del pasado fin de semana, el <a href=\"https:\/\/www.heraldo.es\/noticias\/ocio-y-cultura\/2025\/11\/16\/respuesta-isabel-pantoja-ataque-hijo-kiko-rivera-telecinco-viernes-1870771.html\" title=\"La respuesta de Isabel Pantoja al ataque de su hijo Kiko Rivera: &quot;Ojal\u00e1 que sus hijos no le hagan lo mismo&quot;\" target=\"_blank\" rel=\"nofollow noopener\">programa &#8216;Fiesta&#8217; de Telecinco<\/a> dedic\u00f3 un segmento especial al anisakis, un par\u00e1sito que afecta a numerosas especies de pescados y puede provocar graves intoxicaciones en humanos si se consume sin el tratamiento adecuado. La presentadora Emma Garc\u00eda, quien conduc\u00eda el espacio, <b>no pudo contener su impresi\u00f3n al enfrentarse a im\u00e1genes expl\u00edcitas del par\u00e1sito.<\/b><\/p>\n<p class=\"paragraph\">Durante el an\u00e1lisis en directo de un pescado infectado, Emma Garc\u00eda exclam\u00f3 visiblemente alterada: \u00ab\u00a1Ay, qu\u00e9 asco, por favor. Yo no puedo con esto!\u00bb. La conductora incluso solicit\u00f3 retirar las im\u00e1genes de la emisi\u00f3n, dirigi\u00e9ndose directamente a la directora del programa:<b> \u00abOye, por favor, quitad esa imagen de la televisi\u00f3n, Eva\u00bb<\/b>. A pesar de su petici\u00f3n, el segmento continu\u00f3 mientras los especialistas presentes prosegu\u00edan con su an\u00e1lisis.<\/p>\n<p>Expertos analizan el riesgo del anisakis<\/p>\n<p class=\"paragraph\">Para abordar esta problem\u00e1tica de salud p\u00fablica, el programa cont\u00f3 con la participaci\u00f3n de David C\u00e9spedes, especialista en salud p\u00fablica, Jos\u00e9 Antonio L\u00f3pez Guerrero, bi\u00f3logo, y Mart\u00edn de la Torre, redactor del espacio. Los tres expertos, junto a la presentadora, <b>realizaron una inspecci\u00f3n detallada del pescado en plat\u00f3<\/b>, momento que provoc\u00f3 la reacci\u00f3n de incomodidad de Emma Garc\u00eda.<\/p>\n<p>Mensaje tranquilizador tras el incidente<\/p>\n<p class=\"paragraph\">Superado el momento de tensi\u00f3n inicial, la presentadora retom\u00f3 el control de la situaci\u00f3n con un mensaje m\u00e1s sereno y educativo. \u00abNos hemos quedado con esta imagen y es que est\u00e1n los tres ah\u00ed emocionados cazando <a href=\"https:\/\/www.heraldo.es\/noticias\/salud\/2025\/08\/11\/como-rebajar-anisakis-pescado-fresco-1840190.html\" title=\"\u00bfC\u00f3mo rebajar el riesgo de anisakis en el pescado fresco?\" target=\"_blank\" rel=\"nofollow noopener\">anisakis<\/a>\u00ab, coment\u00f3 con m\u00e1s calma. Emma Garc\u00eda aprovech\u00f3 para transmitir informaci\u00f3n relevante sobre el consumo seguro de pescado: \u00abPero vamos a hablar en serio: los anisakis est\u00e1n en algunos pescados, en algunas piezas, en algunas partes, pero, efectivamente,<b> si los cocinamos bien o los congelamos bien, no tiene que haber ning\u00fan problema<\/b>\u00ab.<\/p>\n<p>Informaci\u00f3n generada con ayuda de Inteligencia Artificial<\/p>\n<p> <a class=\"enlace-texto-ia\" href=\"https:\/\/www.heraldo.es\/noticias\/comunicacion\/2023\/11\/23\/compromiso-heraldo-innovacion-precision-informativa-1691520.html\" rel=\"nofollow noopener\" target=\"_blank\">Saber m\u00e1s<\/a><\/p>\n","protected":false},"excerpt":{"rendered":"En la emisi\u00f3n del pasado fin de semana, el programa &#8216;Fiesta&#8217; de Telecinco dedic\u00f3 un segmento especial al&hellip;\n","protected":false},"author":2,"featured_media":241397,"comment_status":"","ping_status":"","sticky":false,"template":"","format":"standard","meta":{"footnotes":""},"categories":[174],"tags":[62118,255,6923,146,147,25,24,256,2328,223,166,23,692,807],"class_list":{"0":"post-241396","1":"post","2":"type-post","3":"status-publish","4":"format-standard","5":"has-post-thumbnail","7":"category-famosos","8":"tag-anasakis","9":"tag-celebrities","10":"tag-emma-garcia","11":"tag-entertainment","12":"tag-entretenimiento","13":"tag-es","14":"tag-espana","15":"tag-famosos","16":"tag-fiesta","17":"tag-hub-ia","18":"tag-salud","19":"tag-spain","20":"tag-telecinco","21":"tag-television"},"share_on_mastodon":{"url":"https:\/\/pubeurope.com\/@es\/115566662489794911","error":""},"_links":{"self":[{"href":"https:\/\/www.europesays.com\/es\/wp-json\/wp\/v2\/posts\/241396","targetHints":{"allow":["GET"]}}],"collection":[{"href":"https:\/\/www.europesays.com\/es\/wp-json\/wp\/v2\/posts"}],"about":[{"href":"https:\/\/www.europesays.com\/es\/wp-json\/wp\/v2\/types\/post"}],"author":[{"embeddable":true,"href":"https:\/\/www.europesays.com\/es\/wp-json\/wp\/v2\/users\/2"}],"replies":[{"embeddable":true,"href":"https:\/\/www.europesays.com\/es\/wp-json\/wp\/v2\/comments?post=241396"}],"version-history":[{"count":0,"href":"https:\/\/www.europesays.com\/es\/wp-json\/wp\/v2\/posts\/241396\/revisions"}],"wp:featuredmedia":[{"embeddable":true,"href":"https:\/\/www.europesays.com\/es\/wp-json\/wp\/v2\/media\/241397"}],"wp:attachment":[{"href":"https:\/\/www.europesays.com\/es\/wp-json\/wp\/v2\/media?parent=241396"}],"wp:term":[{"taxonomy":"category","embeddable":true,"href":"https:\/\/www.europesays.com\/es\/wp-json\/wp\/v2\/categories?post=241396"},{"taxonomy":"post_tag","embeddable":true,"href":"https:\/\/www.europesays.com\/es\/wp-json\/wp\/v2\/tags?post=241396"}],"curies":[{"name":"wp","href":"https:\/\/api.w.org\/{rel}","templated":true}]}}