{"id":241398,"date":"2025-11-17T19:21:11","date_gmt":"2025-11-17T19:21:11","guid":{"rendered":"https:\/\/www.europesays.com\/es\/241398\/"},"modified":"2025-11-17T19:21:11","modified_gmt":"2025-11-17T19:21:11","slug":"leccion-de-marcos-rico-en-el-ies-diego-porcelos","status":"publish","type":"post","link":"https:\/\/www.europesays.com\/es\/241398\/","title":{"rendered":"Lecci\u00f3n de Marcos Rico en el IES Diego Porcelos"},"content":{"rendered":"<p>\u00abMarcos Rico cre\u00f3 el Instituto Diego Porcelos en diagonal, con una orientaci\u00f3n sur-sureste y en forma de &#8216;z&#8217; invertida, por lo que resulta muy luminoso. \u00bfY d\u00f3nde se ve esa planta de &#8216;z&#8217; invertida? En la Bauhaus, en Alemania, porque ten\u00eda una visi\u00f3n de lo que se estaba haciendo en Madrid y en Europa\u00bb. El profesor Jos\u00e9 Matesanz y sus compa\u00f1eros del \u00e1rea de Patrimonio han dedicado un rinc\u00f3n de la segunda planta a la obra del arquitecto que proyect\u00f3 el centro. \u00abEs un personaje que merece la pena conocer porque hizo muchas cosas en Burgos. Y no queremos que los estudiantes pasen por el centro y no sepan nada del edificio que les cobija\u00bb, a\u00f1ade.<\/p>\n<p>Apoyada en fotograf\u00edas, planos y documentos, la muestra persigue que miremos el inmueble de otra manera: en conjunto, con la distribuci\u00f3n que ten\u00eda en origen y que inclu\u00eda una zona de restaurante, observando los ventanales que le caracterizan y con el entorno sin urbanizar. Planificado como femenino, sus alrededores un tanto oscuros llevaron a que en 1967 se inaugurara para chicos. Dentro de la corriente racionalista, Rico lo dise\u00f1\u00f3 con zonas verdes, patios abiertos, porches y vivienda para el conserje.\u00a0<\/p>\n<p>Con idea de que estudiantes de altas capacidades puedan realizar visitas guiadas, la exposici\u00f3n no se queda solo en explicar el proyecto del Diego Porcelos. Tambi\u00e9n se detiene en otros trabajos hechos en la ciudad, que no son pocos, aunque algunos hayan desaparecido. Por ejemplo, uno de los m\u00e1s emblem\u00e1ticos fue el Gran Teatro, que estaba situado en la calle Vitoria. \u00abHay cosas muy curiosas que yo no sab\u00eda\u00bb -confiesa Matesanz-. \u00abEn la parte de arriba ten\u00eda una piscina. Y tambi\u00e9n la tiene el colegio de Reparadoras, que es otro de sus proyectos. Que la incluyera en el Gran Teatro supongo que fue porque lo concibi\u00f3 como un complejo de ocio\u00bb.\u00a0<\/p>\n<p><img decoding=\"async\" loading=\"lazy\" src=\"https:\/\/www.europesays.com\/es\/wp-content\/uploads\/2025\/11\/71CACB38-9F17-4FF9-B2C6E1A5E99D7F99.JPG\" alt=\"La muestra de Rico estar\u00e1 hasta finales de enero. Luego llevar\u00e1n al Consulado de Mar su fondo fotogr\u00e1fico. \" border=\"0\"\/>La muestra de Rico estar\u00e1 hasta finales de enero. Luego llevar\u00e1n al Consulado de Mar su fondo fotogr\u00e1fico.  &#8211; Foto: Patricia<\/p>\n<blockquote class=\"QuoteComentario\">\n<p>El edificio de Almacenes Campo \u00a0fue el primero en Burgos de fachada ventilada<\/p>\n<\/blockquote>\n<p>Tambi\u00e9n llevaba su firma el hotel Condestable (donde ahora est\u00e1 Zara), el hotel Castilla en esa misma acera (que luego fue sede del Gobierno Civil y hoy en desuso) o el edificio de los Almacenes Campo, primer inmueble que se realiz\u00f3 en Burgos con fachada ventilada.<\/p>\n<p>A su etapa como restaurador de la Catedral le dedican un apartado, con im\u00e1genes de los tejados de las capillas de los Condestables y la Presentaci\u00f3n donde se aprecia el cambio: \u00abDonde antes era m\u00e1s oscuro, hoy se ven esos espacios con una gran luminosidad\u00bb.\u00a0<\/p>\n<p>A \u00e9l se le debe, adem\u00e1s, la estructura met\u00e1lica que llevaron los Gigantones y Gigantillos tras el incendio que hizo perder el anterior armaz\u00f3n de madera; el primer proyecto del hotel Landa, una serie de gasolineras e incluso patent\u00f3 elementos como las cu\u00f1as cer\u00e1micas para colocar en los tejados.<\/p>\n<p>La exposici\u00f3n estar\u00e1 abierta en horario lectivo hasta finales de enero. Despu\u00e9s preparan una exposici\u00f3n en el Consulado del Mar sobre su fondo fotogr\u00e1fico y de nuevo regresar\u00e1n al instituto para mostrar los fondos del laboratorio de F\u00edsica en la Noche Blanca. Del equipo docente han colaborado junto a Matesanz, Roc\u00edo Garc\u00eda R\u00e1mila, Conchi Alcalde, Luz Ramos, Ana Mar\u00eda Mart\u00ednez, Nieves Gonz\u00e1lez y el director, Jes\u00fas Mart\u00edn.\u00a0<\/p>\n","protected":false},"excerpt":{"rendered":"\u00abMarcos Rico cre\u00f3 el Instituto Diego Porcelos en diagonal, con una orientaci\u00f3n sur-sureste y en forma de &#8216;z&#8217;&hellip;\n","protected":false},"author":2,"featured_media":241399,"comment_status":"","ping_status":"","sticky":false,"template":"","format":"standard","meta":{"footnotes":""},"categories":[173],"tags":[1660,801,229,233,231,230,623,38414,34358,232,234,62119,146,147,25,24,9486,241,62122,62123,13084,62120,205,62121,23,7335],"class_list":{"0":"post-241398","1":"post","2":"type-post","3":"status-publish","4":"format-standard","5":"has-post-thumbnail","7":"category-arte-y-diseno","8":"tag-alemania","9":"tag-arquitectura","10":"tag-arte","11":"tag-arte-y-diseno","12":"tag-arts","13":"tag-arts-and-design","14":"tag-burgos","15":"tag-calle-vitoria","16":"tag-consulado-del-mar","17":"tag-design","18":"tag-diseno","19":"tag-edificio-campo","20":"tag-entertainment","21":"tag-entretenimiento","22":"tag-es","23":"tag-espana","24":"tag-estudiantes","25":"tag-exposiciones","26":"tag-gigantillos","27":"tag-gigantones","28":"tag-hoteles","29":"tag-jesus-martin","30":"tag-madrid","31":"tag-noche-blanca","32":"tag-spain","33":"tag-zara"},"share_on_mastodon":{"url":"https:\/\/pubeurope.com\/@es\/115566666535502292","error":""},"_links":{"self":[{"href":"https:\/\/www.europesays.com\/es\/wp-json\/wp\/v2\/posts\/241398","targetHints":{"allow":["GET"]}}],"collection":[{"href":"https:\/\/www.europesays.com\/es\/wp-json\/wp\/v2\/posts"}],"about":[{"href":"https:\/\/www.europesays.com\/es\/wp-json\/wp\/v2\/types\/post"}],"author":[{"embeddable":true,"href":"https:\/\/www.europesays.com\/es\/wp-json\/wp\/v2\/users\/2"}],"replies":[{"embeddable":true,"href":"https:\/\/www.europesays.com\/es\/wp-json\/wp\/v2\/comments?post=241398"}],"version-history":[{"count":0,"href":"https:\/\/www.europesays.com\/es\/wp-json\/wp\/v2\/posts\/241398\/revisions"}],"wp:featuredmedia":[{"embeddable":true,"href":"https:\/\/www.europesays.com\/es\/wp-json\/wp\/v2\/media\/241399"}],"wp:attachment":[{"href":"https:\/\/www.europesays.com\/es\/wp-json\/wp\/v2\/media?parent=241398"}],"wp:term":[{"taxonomy":"category","embeddable":true,"href":"https:\/\/www.europesays.com\/es\/wp-json\/wp\/v2\/categories?post=241398"},{"taxonomy":"post_tag","embeddable":true,"href":"https:\/\/www.europesays.com\/es\/wp-json\/wp\/v2\/tags?post=241398"}],"curies":[{"name":"wp","href":"https:\/\/api.w.org\/{rel}","templated":true}]}}