{"id":241402,"date":"2025-11-17T19:24:28","date_gmt":"2025-11-17T19:24:28","guid":{"rendered":"https:\/\/www.europesays.com\/es\/241402\/"},"modified":"2025-11-17T19:24:28","modified_gmt":"2025-11-17T19:24:28","slug":"deep-purple-beyond-the-black-concert-music-festival","status":"publish","type":"post","link":"https:\/\/www.europesays.com\/es\/241402\/","title":{"rendered":"DEEP PURPLE \u2013 BEYOND THE BLACK \u2013 Concert Music Festival"},"content":{"rendered":"<p>\u00a0<\/p>\n<p style=\"text-align: center;\"><strong><a href=\"#PURPLE3\">Ian Gillan de DEEP PURPLE revela que solo tiene un 30% de visi\u00f3n<\/a> \u2013 <a href=\"#BEYOND_THE_BLACK\">V\u00eddeo de BEYOND THE BLACK en directo en Wacken<\/a> \u2013 <a href=\"https:\/\/www.rafabasa.com\/2025\/11\/17\/deep-purple-beyond-the-black-concert-music-festival\/CMF\" rel=\"nofollow noopener\" target=\"_blank\">HELLOWEEN y OB\u00daS en Concert Music Festival<\/a>.<\/strong><\/p>\n<p>Seg\u00fan revela Planet Rock, el cantante de <a href=\"https:\/\/deeppurple.com\/\" target=\"_blank\" rel=\"noopener nofollow\"><strong>DEEP PURPLE<\/strong><\/a> <strong>Ian Gillan<\/strong> ha revelado en una entrevista con Uncut que solo tiene un 30% de visi\u00f3n y que no va a mejorar.<\/p>\n<p>\u201cUna de esas cosas. Solo tengo un 30% de visi\u00f3n y no va a mejorar. Hace que la vida sea misteriosa. Lo m\u00e1s dif\u00edcil es trabajar en mi port\u00e1til. No puedo ver nada en la pantalla a menos que use mi visi\u00f3n perif\u00e9rica, pillo una l\u00ednea mirando de reojo. Encuentras el modo, te adaptas.<\/p>\n<p>Respecto al retiro; si pierdo la energ\u00eda parar\u00e9. No quiero avergonzar a nadie. No estamos tan lejos de eso. Va arrastr\u00e1ndose por dentro y no te das cuenta.\u201d<\/p>\n<p>Ten\u00e9is el art\u00edculo original en este <a href=\"https:\/\/hellorayo.co.uk\/planet-rock\/news\/rock-news\/deep-purple-ian-gillan-eyesight-retirement\" target=\"_blank\" rel=\"noopener nofollow\">enlace<\/a>.<\/p>\n<p><img fetchpriority=\"high\" decoding=\"async\" src=\"https:\/\/www.europesays.com\/es\/wp-content\/uploads\/2025\/11\/deep_purple_rock_imperium2023_3_500x267.jpg\" alt=\"DEEP PURPLE\" width=\"500\" height=\"267\"\/><\/p>\n<p>La banda volver\u00e1 a visitarnos el <a href=\"https:\/\/www.rafabasa.com\/2025\/10\/30\/mago-de-oz-deep-purple-iron-savior-darwin\/#PURPLE\" rel=\"nofollow noopener\" target=\"_blank\">pr\u00f3ximo verano<\/a>.<\/p>\n<p><a href=\"https:\/\/deeppurple.com\/\" target=\"_blank\" rel=\"noopener nofollow\"><strong>DEEP PURPLE<\/strong><\/a> editaron el 15 de agosto una <a href=\"https:\/\/www.rafabasa.com\/2025\/06\/18\/deep-purple-danko-jones-ambush-revocation\/#DEEP_PURPLE\" rel=\"nofollow noopener\" target=\"_blank\">versi\u00f3n remezclada<\/a> de su cl\u00e1sico disco en directo \u201cMade In Japan\u201d.<\/p>\n<p>Un v\u00eddeo de adelanto en esta <a href=\"https:\/\/www.rafabasa.com\/2025\/07\/10\/deep-purple-atreyu-lude\/#PURPLE\" rel=\"nofollow noopener\" target=\"_blank\">noticia<\/a>.<\/p>\n<p><a href=\"https:\/\/deeppurple.com\/\" target=\"_blank\" rel=\"noopener nofollow\"><strong>DEEP PURPLE<\/strong><\/a> editaron el 19 de julio de 2024 a trav\u00e9s de earMUSIC un nuevo disco titulado \u201c=1\u201d.<\/p>\n<p>Todos los detalles en esta <a href=\"https:\/\/www.rafabasa.com\/2024\/04\/24\/deep-purple-leo-jimenez-sebastian-bach\/#DEEP_PURPLE\" target=\"_blank\" rel=\"noopener nofollow\">noticia<\/a> y los singles aparecidos en <a href=\"https:\/\/www.rafabasa.com\/2024\/07\/11\/clip-de-deep-purple-en-el-estudio-video-en-directo-de-allice-cooper-caliban-estrenan-single\/#DEEP_PURPLE\" target=\"_blank\" rel=\"noopener nofollow\">esta<\/a>.<\/p>\n<p>\u00a0<\/p>\n<p>A continuaci\u00f3n ten\u00e9is un v\u00eddeo en directo de <a href=\"https:\/\/www.facebook.com\/beyondtheblackofficial\" target=\"_blank\" rel=\"noopener nofollow\"><strong>BEYOND THE BLACK<\/strong><\/a> interpretando los temas \u201cDancing In The Dark\u201d, \u201cBreak The Silence\u201d y \u201cRising High\u201d en la \u00faltima edici\u00f3n del festival alem\u00e1n Wacken Open Air.<\/p>\n<p><a href=\"https:\/\/www.facebook.com\/beyondtheblackofficial\" target=\"_blank\" rel=\"noopener nofollow\"><strong>BEYOND THE BLACK<\/strong><\/a> editar\u00e1n el 9 de enero a trav\u00e9s de Nuclear Blast un nuevo disco titulado \u201cBreak The Silence\u201d.<\/p>\n<p>Todos los detalles en esta <a href=\"https:\/\/www.rafabasa.com\/2025\/07\/27\/sabaton-enuff-z-nuff-beyond-the-black\/#BEYOND\" rel=\"nofollow noopener\" target=\"_blank\">noticia<\/a> y su anterior en <a href=\"https:\/\/www.rafabasa.com\/2025\/09\/12\/testament-beyond-the-black-ultra-raptor\/#BEYOND_THE_BLACK\" rel=\"nofollow noopener\" target=\"_blank\">esta<\/a>.<\/p>\n<p>\u00a0<\/p>\n<p>\u00a0<\/p>\n<p>El 6 de agosto se celebrar\u00e1 en el Poblado de Sancti Petri de Chiclana de la Frontera el <strong>Concert Music Festival.<\/strong><\/p>\n<p>Estas son las primeras bandas anunciadas:<\/p>\n<ul>\n<li>HELLOWEEN<\/li>\n<li>OB\u00daS<\/li>\n<li>MOTORHITS<\/li>\n<\/ul>\n<p>M\u00e1s detalles en este <a href=\"https:\/\/www.facebook.com\/concertmusicfestival\" rel=\"nofollow noopener\" target=\"_blank\">enlace<\/a>.<\/p>\n<p><strong>HELLOWEEN<\/strong> tocar\u00e1n en LEYENDAS DEL ROCK y Barcelona Rock Fest<\/p>\n<p style=\"text-align: center;\"><strong><a href=\"https:\/\/www.rafabasa.com\/2025\/11\/16\/cronica-y-fotos-de-helloween-beast-in-black-conciertazo-el-sabado-15-en-la-cubierta-leganes-madrid\/\" target=\"_blank\" rel=\"noopener nofollow\">Cr\u00f3nica y fotos de su concierto el s\u00e1bado en Madrid<\/a><\/strong><\/p>\n<p style=\"text-align: center;\"><strong><a href=\"https:\/\/www.rafabasa.com\/2025\/11\/13\/obus-un-mes-para-la-fecha-unica-con-su-formacion-original-en-vistalegre\/\" target=\"_blank\" rel=\"noopener nofollow\">OBUS<\/a><\/strong><a href=\"https:\/\/www.rafabasa.com\/2025\/11\/13\/obus-un-mes-para-la-fecha-unica-con-su-formacion-original-en-vistalegre\/\" rel=\"nofollow noopener\" target=\"_blank\">, con su formaci\u00f3n de Fortu, Paco, Juan Luis y Fernando se presentan en un hist\u00f3rico concierto en <strong>Madrid, el 13 de diciembre<\/strong><\/a><\/p>\n<p align=\"center\"><strong>Sigue el\u00a0<a href=\"https:\/\/whatsapp.com\/channel\/0029VaCprxVBA1f555USvT2O\" target=\"_blank\" rel=\"nofollow noopener\">Canal de RAFABASA.COM en WhatsApp<\/a>, donde encontrar\u00e1s todas nuestras novedades al instante<\/strong><\/p>\n<p>&#13;<\/p>\n<tr>&#13;<\/p>\n<td width=\"25%\"\/>&#13;<\/p>\n<td width=\"50%\"><a href=\"https:\/\/www.ticketmaster.es\/artist\/obus-entradas\/965728\" target=\"_blank\" rel=\"noopener nofollow\"><img loading=\"lazy\" decoding=\"async\" src=\"https:\/\/www.europesays.com\/es\/wp-content\/uploads\/2025\/11\/banner_obus_madrid21_11_25lateral.jpg\" alt=\"OB\u00daS \u2013 13 de Diciembre - Palacio de Vistalegre\" width=\"216\" height=\"312\"\/><\/a><\/td>\n<p>&#13;<\/p>\n<td width=\"25%\"\/>&#13;<br \/>\n    <\/tr>\n<p>&#13;<\/p>\n<p>&#13;<\/p>\n<tr>&#13;<\/p>\n<td width=\"50%\"><a href=\" https:\/\/www.youtube.com\/watch?v=lEI-LL4Exvg\" target=\"_blank\" rel=\"noopener\"><img loading=\"lazy\" decoding=\"async\" src=\"https:\/\/www.europesays.com\/es\/wp-content\/uploads\/2025\/11\/banner_nurcry_estan_de_vuelta05_11_25.gif\" alt=\"MURCRY - Ens\u00e9\u00f1ame a Sentir\" width=\"216\" height=\"216\"\/><\/a><\/td>\n<p>&#13;<\/p>\n<td width=\"50%\"><a href=\"https:\/\/ticketandroll.com\/evento\/concierto-sin-control-the-art-of-war\" target=\"_blank\" rel=\"noopener nofollow\"><img loading=\"lazy\" decoding=\"async\" src=\"https:\/\/www.europesays.com\/es\/wp-content\/uploads\/2025\/11\/banner_sin_control_presentacion_madrid04_11_25.jpg\" alt=\"SIN CONTROL - Presentacion Madrid 2025\" width=\"216\" height=\"305\"\/><\/a><\/td>\n<p>&#13;<br \/>\n  <\/tr>\n<p>&#13;<\/p>\n<p>&#13;<\/p>\n<tr>&#13;<\/p>\n<td width=\"50%\"><a href=\"https:\/\/open.spotify.com\/artist\/4eQCcZ8z3UMuATD4yqKVaF?\" target=\"_blank\" rel=\"noopener nofollow\"><img loading=\"lazy\" decoding=\"async\" src=\"https:\/\/www.europesays.com\/es\/wp-content\/uploads\/2025\/10\/banner_reveal_the_edge_knowledge20_20_25-2.gif\" alt=\"REVEAL - Edge Of Knowledge\" width=\"216\" height=\"216\"\/><\/a><\/td>\n<p>&#13;<\/p>\n<td width=\"50%\"><a href=\"https:\/\/medicinemusic.es\/tienda-oficial\/escenario-heavy\/artistas-heavy\/dunedain\/\" target=\"_blank\" rel=\"noopener nofollow\"><img loading=\"lazy\" decoding=\"async\" src=\"https:\/\/www.europesays.com\/es\/wp-content\/uploads\/2025\/10\/banner_dunedain_erase17_10_25.jpg\" alt=\"DUNEDAIN - Erase\" width=\"216\" height=\"197\"\/><\/a><\/td>\n<p>&#13;<br \/>\n  <\/tr>\n<p>&#13;<\/p>\n<p>&#13;<\/p>\n<tr>&#13;<\/p>\n<td width=\"50%\"><a href=\"https:\/\/sphinxmetal.es\/producto\/1785\/\" target=\"_blank\" rel=\"noopener nofollow\"><img loading=\"lazy\" decoding=\"async\" src=\"https:\/\/www.europesays.com\/es\/wp-content\/uploads\/2025\/10\/banner_sphinx06_10_25.gif\" alt=\"SPHINX - Vida Virtual\" width=\"216\" height=\"216\"\/><\/a><\/td>\n<p>&#13;<\/p>\n<td width=\"50%\"><a href=\"https:\/\/movingtickets.com\/?buscar=avalanch&amp;fbclid\" target=\"_blank\" rel=\"noopener nofollow\"><img loading=\"lazy\" decoding=\"async\" src=\"https:\/\/www.europesays.com\/es\/wp-content\/uploads\/2025\/11\/banner_avalanch_gira10_11_25.gif\" alt=\"AVALANCH Gira 2025\" width=\"216\" height=\"216\"\/><\/a><\/td>\n<p>&#13;<br \/>\n  <\/tr>\n<p>&#13;<\/p>\n<p>  &#13;<\/p>\n<tr>&#13;<\/p>\n<td width=\"50%\"><a href=\" https:\/\/www.ticketmaster.es\/artist\/avalanch-entradas\/1007913\" target=\"_blank\" rel=\"noopener\"><img loading=\"lazy\" decoding=\"async\" src=\"https:\/\/www.europesays.com\/es\/wp-content\/uploads\/2025\/11\/banner_rrs_avalanch_madrid10_11_25.jpg\" alt=\"AVALANCH Madrid 2025 - RRS Promo\" width=\"216\" height=\"305\"\/><\/a><\/td>\n<p>&#13;<\/p>\n<td width=\"50%\"><a href=\"https:\/\/www.leyendasdelrockfestival.com\/tickets\/\" rel=\"nofollow noopener\" target=\"_blank\"><img loading=\"lazy\" decoding=\"async\" src=\"https:\/\/www.europesays.com\/es\/wp-content\/uploads\/2025\/09\/1757683877_694_banner_leyendas2026_19_08_25.jpg\" alt=\"LEYENDAS DEL ROCK 2026\" width=\"216\" height=\"173\"\/><\/a><\/td>\n<p>&#13;<br \/>\n  <\/tr>\n<p>&#13;<\/p>\n","protected":false},"excerpt":{"rendered":"\u00a0 Ian Gillan de DEEP PURPLE revela que solo tiene un 30% de visi\u00f3n \u2013 V\u00eddeo de BEYOND&hellip;\n","protected":false},"author":2,"featured_media":241403,"comment_status":"","ping_status":"","sticky":false,"template":"","format":"standard","meta":{"footnotes":""},"categories":[170],"tags":[54822,62071,62124,146,147,25,24,184,185,23],"class_list":{"0":"post-241402","1":"post","2":"type-post","3":"status-publish","4":"format-standard","5":"has-post-thumbnail","7":"category-musica","8":"tag-beyond-the-black","9":"tag-concert-music-festival","10":"tag-deep-purple","11":"tag-entertainment","12":"tag-entretenimiento","13":"tag-es","14":"tag-espana","15":"tag-music","16":"tag-musica","17":"tag-spain"},"share_on_mastodon":{"url":"https:\/\/pubeurope.com\/@es\/115566680996411140","error":""},"_links":{"self":[{"href":"https:\/\/www.europesays.com\/es\/wp-json\/wp\/v2\/posts\/241402","targetHints":{"allow":["GET"]}}],"collection":[{"href":"https:\/\/www.europesays.com\/es\/wp-json\/wp\/v2\/posts"}],"about":[{"href":"https:\/\/www.europesays.com\/es\/wp-json\/wp\/v2\/types\/post"}],"author":[{"embeddable":true,"href":"https:\/\/www.europesays.com\/es\/wp-json\/wp\/v2\/users\/2"}],"replies":[{"embeddable":true,"href":"https:\/\/www.europesays.com\/es\/wp-json\/wp\/v2\/comments?post=241402"}],"version-history":[{"count":0,"href":"https:\/\/www.europesays.com\/es\/wp-json\/wp\/v2\/posts\/241402\/revisions"}],"wp:featuredmedia":[{"embeddable":true,"href":"https:\/\/www.europesays.com\/es\/wp-json\/wp\/v2\/media\/241403"}],"wp:attachment":[{"href":"https:\/\/www.europesays.com\/es\/wp-json\/wp\/v2\/media?parent=241402"}],"wp:term":[{"taxonomy":"category","embeddable":true,"href":"https:\/\/www.europesays.com\/es\/wp-json\/wp\/v2\/categories?post=241402"},{"taxonomy":"post_tag","embeddable":true,"href":"https:\/\/www.europesays.com\/es\/wp-json\/wp\/v2\/tags?post=241402"}],"curies":[{"name":"wp","href":"https:\/\/api.w.org\/{rel}","templated":true}]}}