{"id":241415,"date":"2025-11-17T19:31:16","date_gmt":"2025-11-17T19:31:16","guid":{"rendered":"https:\/\/www.europesays.com\/es\/241415\/"},"modified":"2025-11-17T19:31:16","modified_gmt":"2025-11-17T19:31:16","slug":"chile-se-encamina-al-balotaje-presidencial-entre-jara-y-kast-dw-17-11-2025","status":"publish","type":"post","link":"https:\/\/www.europesays.com\/es\/241415\/","title":{"rendered":"Chile se encamina al balotaje presidencial entre Jara y Kast \u2013 DW \u2013 17\/11\/2025"},"content":{"rendered":"<p>La izquierdista Jeannette Jara y el ultraderechista Jos\u00e9 Antonio Kast competir\u00e1n por la Presidencia de <a class=\"internal-link\" href=\"https:\/\/www.dw.com\/es\/chile\/t-17411731\" rel=\"nofollow noopener\" target=\"_blank\">Chile<\/a> en una segunda vuelta el 14 de diciembre, seg\u00fan el resultado del 52,39 % de los sufragios escrutados tras las elecciones de este domingo (16.11.2025).<\/p>\n<p>De acuerdo a los conteos preliminares del Servicio Electoral, la exministra del presidente\u00a0\u00a0<a class=\"internal-link\" href=\"https:\/\/www.dw.com\/es\/boric-gabriel\/t-39881303\" rel=\"nofollow noopener\" target=\"_blank\">Gabriel Boric<\/a>, militante del Partido Comunista y l\u00edder de una coalici\u00f3n de nueve partidos de centro-izquierda, obten\u00eda el primer lugar de las votaciones, con el 26,58%. Kast, un exdiputado ultracat\u00f3lico del Partido Republicano, la secundaba con el 24,32%. El tercer lugar sorpresivamente lo alcanza el candidato del Partido de la Gente, Franco Parisi, con el 18,84%.<\/p>\n<p>El resultado es bastante m\u00e1s ajustado de los que pronosticaban los sondeos antes de la veda electoral, que le daban a Jara una victoria por encima del 30 %.<\/p>\n<blockquote class=\"tweet embed\" data-id=\"1990210280056611015\"\/>\n<p>Tras conocerse los resultados, Jara dijo que Chile es un pa\u00eds \u00abcon mucho futuro y esperanza\u00bb y pidi\u00f3 cuidar la democracia para no ponerla \u00aben riesgo\u00bb de cara a la segunda vuelta.\u00a0\u00abNo olvidemos lo bueno que somos como pa\u00eds, no dejemos creer que no lo somos. Somos un pa\u00eds inmenso, grande, hermoso, solidario y con mucho futuro y esperanza\u00bb, asegur\u00f3.<\/p>\n<p>En su discurso, Jara reconoci\u00f3 que \u00ablos desaf\u00edos son enormes\u00bb e hizo gui\u00f1os a los otros candidatos que no pasaron en segunda vuelta.<\/p>\n<p>\u00abQuienes nos dividen y siembran el odio hacen un mal negocio para el futuro de Chile\u00bb, concluy\u00f3 Jara, que prometi\u00f3 impulsar un \u00abingreso vital\u00bb de 750.000 pesos (800 d\u00f3lares) y reforzar la seguridad.<\/p>\n<p>Jara se impuso en las urnas en el exterior<\/p>\n<p>Mientras que en la votaci\u00f3n presidencial y parlamentaria de Chile qued\u00f3 definida en el exterior, con la candidata oficialista ganando por mayor\u00eda las mesas internacionales.<\/p>\n<p>Citando datos oficiales del Servicio Electoral (Servel), el diario local El Mercurio inform\u00f3 que Jara obtuvo el 54,5% de las preferencias del voto en el exterior, mientras que la abanderada de Chile Vamos, Dem\u00f3cratas y Amarillos, Evelyn Matthei, se qued\u00f3 con el segundo lugar.<\/p>\n<p><img data-format=\"MASTER_LANDSCAPE\" data-id=\"74770463\" data-url=\"https:\/\/static.dw.com\/image\/74770463_${formatId}.jpg\" data-aspect-ratio=\"16\/9\" alt=\"Jeannette Jara (segunda por la izquierda), candidata presidencial de la coalici\u00f3n Unidad Por Chile, celebra con sus partidarios en Santiago, tras conocer los resultados de la primera vuelta de las elecciones presidenciales.\" style=\"padding-bottom: 56.25%; height: 0; max-height: 0;\"\/>Jeannette Jara (segunda por la izquierda), candidata presidencial de la coalici\u00f3n Unidad Por Chile, celebra con sus partidarios en Santiago, tras conocer los resultados de la primera vuelta de las elecciones presidenciales.Imagen: Claudio Santana\/Getty Images<\/p>\n<p>Matthei reconoci\u00f3 este domingo su derrota en las elecciones presidenciales de Chile, en las que qued\u00f3 en quinto lugar, y dio su apoyo a Kast.<\/p>\n<p>Kast dice que es tiempo de \u00abun cambio real\u00bb<\/p>\n<p>El candidato ultraderechista dijo por su parte\u00a0que es tiempo de \u201cun cambio real\u201d y de \u201creconstruir la patria\u201d.\u00a0\u201cRequerimos unidad para avanzar en seguridad, en vivienda, en educaci\u00f3n y en todos los temas que se han visto muy afectados por las malas pol\u00edticas de este Gobierno\u201d, dijo el candidato del segundo lugar.<\/p>\n<p>Kast ya tiene asegurado el apoyo de los candidatos de la derecha tradicional, Evelyn Matthei, y de la extrema derecha m\u00e1s radical, Johannes Kaiser, quienes quedaron en cuarto y quinto lugar, respectivamente.<\/p>\n<p>\u201cQueremos llamar a todas las personas que votaron por nosotros que por favor apoyen en segunda vuelta al candidato Kast porque es super importante que no contin\u00fae este gobierno en el poder\u201d, dijo la ya excandidata Matthei encima del escenario del comando de Kast, al que lleg\u00f3 para felicitarle en persona.\u00a0<\/p>\n<p><img data-format=\"MASTER_LANDSCAPE\" data-id=\"74770377\" data-url=\"https:\/\/static.dw.com\/image\/74770377_${formatId}.jpg\" data-aspect-ratio=\"16\/9\" alt=\"Seguidores del segundo candidato m\u00e1s votado, Jos\u00e9 Antonio Kast, reaccionan al conocer los primeros resultados preliminares del conteo en Santiago de Chile.\" style=\"padding-bottom: 56.25%; height: 0; max-height: 0;\"\/>Seguidores del segundo candidato m\u00e1s votado, Jos\u00e9 Antonio Kast, reaccionan al conocer los primeros resultados preliminares del conteo en Santiago de Chile.Imagen: Esteban Felix\/AP Photo\/picture alliance<\/p>\n<p>jc (afp, efe, Emol, La Tercera)<\/p>\n","protected":false},"excerpt":{"rendered":"La izquierdista Jeannette Jara y el ultraderechista Jos\u00e9 Antonio Kast competir\u00e1n por la Presidencia de Chile en una&hellip;\n","protected":false},"author":2,"featured_media":241416,"comment_status":"","ping_status":"","sticky":false,"template":"","format":"standard","meta":{"footnotes":""},"categories":[42],"tags":[17,18,13,14,11,61,62,63,64,19,20,9,10,15,16,12,21,22,65,66,67],"class_list":{"0":"post-241415","1":"post","2":"type-post","3":"status-publish","4":"format-standard","5":"has-post-thumbnail","7":"category-internacional","8":"tag-breaking-news","9":"tag-breakingnews","10":"tag-featured-news","11":"tag-featurednews","12":"tag-headlines","13":"tag-internacional","14":"tag-international","15":"tag-international-news","16":"tag-internationalnews","17":"tag-latest-news","18":"tag-latestnews","19":"tag-news","20":"tag-noticias","21":"tag-noticias-destacadas","22":"tag-noticiasdestacadas","23":"tag-titulares","24":"tag-ultimas-noticias","25":"tag-ultimasnoticias","26":"tag-world","27":"tag-world-news","28":"tag-worldnews"},"share_on_mastodon":{"url":"","error":""},"_links":{"self":[{"href":"https:\/\/www.europesays.com\/es\/wp-json\/wp\/v2\/posts\/241415","targetHints":{"allow":["GET"]}}],"collection":[{"href":"https:\/\/www.europesays.com\/es\/wp-json\/wp\/v2\/posts"}],"about":[{"href":"https:\/\/www.europesays.com\/es\/wp-json\/wp\/v2\/types\/post"}],"author":[{"embeddable":true,"href":"https:\/\/www.europesays.com\/es\/wp-json\/wp\/v2\/users\/2"}],"replies":[{"embeddable":true,"href":"https:\/\/www.europesays.com\/es\/wp-json\/wp\/v2\/comments?post=241415"}],"version-history":[{"count":0,"href":"https:\/\/www.europesays.com\/es\/wp-json\/wp\/v2\/posts\/241415\/revisions"}],"wp:featuredmedia":[{"embeddable":true,"href":"https:\/\/www.europesays.com\/es\/wp-json\/wp\/v2\/media\/241416"}],"wp:attachment":[{"href":"https:\/\/www.europesays.com\/es\/wp-json\/wp\/v2\/media?parent=241415"}],"wp:term":[{"taxonomy":"category","embeddable":true,"href":"https:\/\/www.europesays.com\/es\/wp-json\/wp\/v2\/categories?post=241415"},{"taxonomy":"post_tag","embeddable":true,"href":"https:\/\/www.europesays.com\/es\/wp-json\/wp\/v2\/tags?post=241415"}],"curies":[{"name":"wp","href":"https:\/\/api.w.org\/{rel}","templated":true}]}}