{"id":241419,"date":"2025-11-17T19:33:16","date_gmt":"2025-11-17T19:33:16","guid":{"rendered":"https:\/\/www.europesays.com\/es\/241419\/"},"modified":"2025-11-17T19:33:16","modified_gmt":"2025-11-17T19:33:16","slug":"encuentro-de-leon-xiv-con-los-obispos-espanoles","status":"publish","type":"post","link":"https:\/\/www.europesays.com\/es\/241419\/","title":{"rendered":"Encuentro de Le\u00f3n XIV con los obispos espa\u00f1oles"},"content":{"rendered":"<p>El Papa Le\u00f3n XIV se ha reunido con la Comisi\u00f3n Ejecutiva de la Conferencia Episcopal Espa\u00f1ola (CEE) en la ma\u00f1ana del 17 de noviembre, en un encuentro que ha durado alrededor de una hora. Un encuentro que solicitaron tras su nombramiento el pasado 8 de mayo y les fue confirmado a inicios de curso 2025\/2026. <\/p>\n<p>Roc\u00edo Lancho Garc\u00eda\u00a0&#8211; Ciudad del Vaticano\u00a0<\/p>\n<p>Monse\u00f1or Luis Arg\u00fcello, arzobispo de Valladolid y presidente de la CEE, en declaraciones a la prensa tras el encuentro, ha explicado que han podido comentar con Le\u00f3n XIV \u201clos diversos momentos que vive la Iglesia espa\u00f1ola\u201d, entre los cuales \u201cel deseo grande de anunciar el Evangelio, los retos de la iniciaci\u00f3n cristiana\u201d, \u201cla distribuci\u00f3n territorial\u201d, \u201cla llegada de mucha gente de otros lugares del mundo\u201d, \u201cla preocupaci\u00f3n por la presencia p\u00fablica de los laicos y por la situaci\u00f3n de los religiosos y monjas de clausura, en una riqueza tan grande de monasterios en Espa\u00f1a pero menguantes\u201d y \u201cla realidad de los sacerdotes a la que se est\u00e1n incorporando bastantes sacerdotes que llegan de Iberoam\u00e9rica y \u00c1frica\u201d.<\/p>\n<p>Por otro lado, ha indicado el prelado, \u201chemos podido comentar tambi\u00e9n lo que la Iglesia espa\u00f1ola viene haciendo, ya desde el impulso de la Santa Sede, en relaci\u00f3n con la prevenci\u00f3n, formaci\u00f3n y reparaci\u00f3n con las v\u00edctimas de abusos en ese plan que nosotros llamamos PRIVA\u201d. El PRIVA es un plan creado para ofrecer una reparaci\u00f3n integral a quien haya sido v\u00edctima de abusos sexuales siendo menores de edad o personas mayores equiparables en derecho en la Iglesia Cat\u00f3lica (di\u00f3cesis, congregaciones religiosas y otras entidades eclesiales), en los casos en que dichos abusos ya est\u00e1n prescritos o ha fallecido el victimario. Y tal y como ha indicado el presidente de la CEE, \u201ceste plan ha dado pie tambi\u00e9n a la existencia de una comisi\u00f3n de reparaci\u00f3n que creemos est\u00e1 atendiendo a las v\u00edctimas que se acercan de forma satisfactoria\u201d.<\/p>\n<p>El prelado tambi\u00e9n inform\u00f3 que el Papa est\u00e1 al corriente de la situaci\u00f3n del obispo de C\u00e1diz y Ceuta, Rafael Zornoza, acusado de abusos sexuales en los a\u00f1os 90 mientras dirig\u00eda el seminario de Getafe. \u00abEl Santo Padre, obviamente, est\u00e1 al tanto, pero no nos ha dicho nada m\u00e1s\u00bb. Seg\u00fan Arg\u00fcello, es posible que el obispo presente su dimisi\u00f3n en breve.<\/p>\n<p>    <img decoding=\"async\" src=\"data:image\/gif;base64,R0lGODlhAQABAIAAAAAAAP\/\/\/yH5BAEAAAAALAAAAAABAAEAAAIBRAA7\" data-original=\"https:\/\/www.vaticannews.va\/content\/dam\/vaticannews\/multimedia\/2025\/novembre\/17\/WhatsApp-Image-2025-11-17-at-11.01.57AEM.jpg\/_jcr_content\/renditions\/cq5dam.thumbnail.cropped.750.422.jpeg\" alt=\"Obispos de la Conferencia Episcopal Espa\u00f1ola (Foto  CEE)\" title=\"Obispos de la Conferencia Episcopal Espa\u00f1ola (Foto  CEE)\"\/><\/p>\n<p>\n   Obispos de la Conferencia Episcopal Espa\u00f1ola (Foto CEE)\n  <\/p>\n<p>La evangelizaci\u00f3n, las inquietudes y las esperanzas <\/p>\n<p>Asimismo, el encuentro ha sido ocasi\u00f3n para invitar al Papa Le\u00f3n XIV a visitar Espa\u00f1a. \u201cSalimos esperanzados de que pueda realizarse quiz\u00e1 relativamente pronto, para que pueda conocer algunas de las realidades de la Iglesia espa\u00f1ola\u201d, ha afirmado monse\u00f1or Arg\u00fcello. Esperanzados \u2013 ha especificado respondiendo a la pregunta de una periodista \u2013 por un lado, respecto a la posible visita y por otro porque \u00e9l tambi\u00e9n se ha hecho eco de las noticias que le llegan de un cierto resurgir del inter\u00e9s espiritual y de la b\u00fasqueda religiosa. En concreto, ha a\u00f1adido, de la b\u00fasqueda cristiana entre sectores de la poblaci\u00f3n espa\u00f1ola, especialmente entre sectores j\u00f3venes que sociol\u00f3gicamente hoy, de manera quiz\u00e1 mayoritaria, se encuentran distantes de la vida de la Iglesia, pero que se ve un crecimiento.<\/p>\n<p>Monse\u00f1or Arg\u00fcello ha asegurado que el Pont\u00edfice conoc\u00eda \u201cla importancia del crecimiento de los retiros llamados de impacto y otras realidades, como las personas que buscan el bautismo siendo adultos\u201d. Los obispos de la Comisi\u00f3n Ejecutiva han confirmado al Papa estas inquietudes y han compartido con \u00e9l un dato importante, y es que este a\u00f1o el n\u00famero de seminaristas ha crecido con respecto a los que hab\u00eda el a\u00f1o pasado.<\/p>\n<p>En esta misma l\u00ednea, el presidente de la CEE ha observado que notan especialmente \u201cla cantidad de j\u00f3venes que se acercan impulsados por otros j\u00f3venes a diversas realidades que est\u00e1n surgiendo en la vida de la Iglesia espa\u00f1ola, con un deseo grande de un encuentro vivo con el Se\u00f1or\u201d.\u00a0 Esta esperanza &#8211; ha a\u00f1adido &#8211; se refiere a lo que ha sido el asunto central de la conversaci\u00f3n con Le\u00f3n XIV, la evangelizaci\u00f3n en una sociedad espa\u00f1ola, como pr\u00e1cticamente toda la europea, ya no secularizada sino seguramente postsecular. \u201cY en esa situaci\u00f3n postsecular es donde aparecen nuevas b\u00fasquedas de diverso tipo, y en esa b\u00fasqueda es donde est\u00e1 tambi\u00e9n la b\u00fasqueda espiritual y la del Evangelio\u201d, ha precisado el arzobispo de Valladolid.\u00a0\u00a0<\/p>\n<p>    <img decoding=\"async\" src=\"data:image\/gif;base64,R0lGODlhAQABAIAAAAAAAP\/\/\/yH5BAEAAAAALAAAAAABAAEAAAIBRAA7\" data-original=\"https:\/\/www.vaticannews.va\/content\/dam\/vaticannews\/multimedia\/2025\/novembre\/17\/WhatsApp-Image-2025-11-17-at-12.43.23AEM.jpg\/_jcr_content\/renditions\/cq5dam.thumbnail.cropped.750.422.jpeg\" alt=\"Mons. Francisco C\u00e9sar Garc\u00eda Mag\u00e1n, Secretario General de CEE. Mons. Luis Arg\u00fcello, presidente del episcopado (Foto: CEE) \" title=\"Mons. Francisco C\u00e9sar Garc\u00eda Mag\u00e1n, Secretario General de CEE. Mons. Luis Arg\u00fcello, presidente del episcopado (Foto: CEE) \"\/><\/p>\n<p>\n   Mons. Francisco C\u00e9sar Garc\u00eda Mag\u00e1n, Secretario General de CEE. Mons. Luis Arg\u00fcello, presidente del episcopado (Foto: CEE)\n  <\/p>\n<p>El conocimiento del Papa Le\u00f3n sobre la Iglesia en Espa\u00f1a <\/p>\n<p>Los obispos han comprobado \u201cque el Papa conoce bien Espa\u00f1a de su \u00e9poca de agustino y de su tiempo en el Dicasterio para los obispos. Y esto le permite tener un conocimiento bastante importante de la Iglesia espa\u00f1ola\u201d. Otro de los temas abordados durante el encuentro ha sido el Jubileo, \u201cespecialmente el de los j\u00f3venes que tuvo lugar a primeros de agosto\u201d. Los obispos espa\u00f1oles han regalado al Santo Padre una Biblia encuadernada con la traducci\u00f3n de la Conferencia Episcopal Espa\u00f1ola, dos n\u00fameros de la revista Ecclesia (publicaci\u00f3n de la CEE) dedicados a \u00e9l y un donativo para la caridad del Papa.<\/p>\n<p>Reuni\u00f3n en Secretar\u00eda de Estado <\/p>\n<p>La Comisi\u00f3n Ejecutiva se ha reunido tambi\u00e9n con el secretario de Estado, el cardenal Pietro Parolin. Ha sido una ocasi\u00f3n para \u201ccompartido los asuntos que la Iglesia espa\u00f1ola tiene en el telar respecto las relaciones Iglesia \u2013 Estado\u201d. Se han recordado los encuentros que el cardenal ha tenido \u00faltimamente con el ministro de Justicia y recientemente con el presidente Pedro S\u00e1nchez en Brasil con motivo de la COP30.\u00a0\u00a0<\/p>\n<p>\u00a0<\/p>\n","protected":false},"excerpt":{"rendered":"El Papa Le\u00f3n XIV se ha reunido con la Comisi\u00f3n Ejecutiva de la Conferencia Episcopal Espa\u00f1ola (CEE) en&hellip;\n","protected":false},"author":2,"featured_media":241420,"comment_status":"","ping_status":"","sticky":false,"template":"","format":"standard","meta":{"footnotes":""},"categories":[5],"tags":[2509,17,18,25,24,13,14,11,19,20,9,10,15,16,18386,400,23,12,21,22],"class_list":{"0":"post-241419","1":"post","2":"type-post","3":"status-publish","4":"format-standard","5":"has-post-thumbnail","7":"category-titulares","8":"tag-audiencias","9":"tag-breaking-news","10":"tag-breakingnews","11":"tag-es","12":"tag-espana","13":"tag-featured-news","14":"tag-featurednews","15":"tag-headlines","16":"tag-latest-news","17":"tag-latestnews","18":"tag-news","19":"tag-noticias","20":"tag-noticias-destacadas","21":"tag-noticiasdestacadas","22":"tag-obispos","23":"tag-papa-leon-xiv","24":"tag-spain","25":"tag-titulares","26":"tag-ultimas-noticias","27":"tag-ultimasnoticias"},"share_on_mastodon":{"url":"https:\/\/pubeurope.com\/@es\/115566713389139629","error":""},"_links":{"self":[{"href":"https:\/\/www.europesays.com\/es\/wp-json\/wp\/v2\/posts\/241419","targetHints":{"allow":["GET"]}}],"collection":[{"href":"https:\/\/www.europesays.com\/es\/wp-json\/wp\/v2\/posts"}],"about":[{"href":"https:\/\/www.europesays.com\/es\/wp-json\/wp\/v2\/types\/post"}],"author":[{"embeddable":true,"href":"https:\/\/www.europesays.com\/es\/wp-json\/wp\/v2\/users\/2"}],"replies":[{"embeddable":true,"href":"https:\/\/www.europesays.com\/es\/wp-json\/wp\/v2\/comments?post=241419"}],"version-history":[{"count":0,"href":"https:\/\/www.europesays.com\/es\/wp-json\/wp\/v2\/posts\/241419\/revisions"}],"wp:featuredmedia":[{"embeddable":true,"href":"https:\/\/www.europesays.com\/es\/wp-json\/wp\/v2\/media\/241420"}],"wp:attachment":[{"href":"https:\/\/www.europesays.com\/es\/wp-json\/wp\/v2\/media?parent=241419"}],"wp:term":[{"taxonomy":"category","embeddable":true,"href":"https:\/\/www.europesays.com\/es\/wp-json\/wp\/v2\/categories?post=241419"},{"taxonomy":"post_tag","embeddable":true,"href":"https:\/\/www.europesays.com\/es\/wp-json\/wp\/v2\/tags?post=241419"}],"curies":[{"name":"wp","href":"https:\/\/api.w.org\/{rel}","templated":true}]}}