{"id":241421,"date":"2025-11-17T19:38:18","date_gmt":"2025-11-17T19:38:18","guid":{"rendered":"https:\/\/www.europesays.com\/es\/241421\/"},"modified":"2025-11-17T19:38:18","modified_gmt":"2025-11-17T19:38:18","slug":"por-que-el-doble-toque-del-italiano-fue-legal","status":"publish","type":"post","link":"https:\/\/www.europesays.com\/es\/241421\/","title":{"rendered":"por qu\u00e9 el doble toque del italiano fue legal"},"content":{"rendered":"\n<ul class=\"bodyList bodyList--unordered\">\n<li class=\"bodyList__item\"><a href=\"https:\/\/www.elconfidencial.com\/deportes\/tenis\/2025-11-17\/sinner-relacion-alcaraz-jugadores-me-siento-cercano-alcaraz-es-diferente_4248871\/\" target=\"_self\" rel=\"nofollow noopener\">Sinner: \u00abTengo otros jugadores con los que me siento muy cercano, pero con Alcaraz es diferente\u00bb<\/a><\/li>\n<li class=\"bodyList__item\"><a href=\"https:\/\/www.elconfidencial.com\/deportes\/tenis\/2025-11-17\/carlos-alcaraz-jannik-sinner-final-atp-finals-objetivo-mision-pendiente_4248698\/\" target=\"_self\" rel=\"nofollow noopener\">\u00bfY ahora qu\u00e9, Carlos? Alcaraz s\u00ed cumple la misi\u00f3n en Tur\u00edn&#8230; pero se marcha con trabajo pendiente<\/a><\/li>\n<\/ul>\n<p> <strong>Jannik Sinner <\/strong>volvi\u00f3 a ganar por segundo a\u00f1o consecutivo las<a href=\"https:\/\/www.elconfidencial.com\/deportes\/tenis\/2025-11-16\/alcaraz-sinner-atp-finals-resultado-turin-maestros_4248466\/\" target=\"_self\" rel=\"nofollow noopener\"> ATP Finals.<\/a> El italiano derrot\u00f3 a <a href=\"https:\/\/www.elconfidencial.com\/deportes\/tenis\/2025-11-17\/carlos-alcaraz-jannik-sinner-final-atp-finals-objetivo-mision-pendiente_4248698\/\" target=\"_self\" rel=\"nofollow noopener\">Carlos Alcaraz<\/a> en la final por 7-6, 7-5, un resultado que dej\u00f3 patente la gran igualdad que se vivi\u00f3 en Tur\u00edn entre ambos jugadores, en un duelo que se decidi\u00f3 por <strong>detalles<\/strong>. <\/p>\n<p> Uno de los momentos m\u00e1s comentados y que m\u00e1s debate gener\u00f3 sucedi\u00f3 en un momento crucial del encuentro, en el segundo set, cuando el <strong>espa\u00f1ol lideraba por 3-2 con saque<\/strong>, el juego se puso 30-40 a favor del <a href=\"https:\/\/www.elconfidencial.com\/deportes\/tenis\/2025-11-17\/sinner-relacion-alcaraz-jugadores-me-siento-cercano-alcaraz-es-diferente_4248871\/\" target=\"_self\" rel=\"nofollow noopener\">italiano<\/a>, es decir, dispon\u00eda de &#8216;bola de break&#8217;. <\/p>\n<blockquote class=\"twitter-tweet\">\n<p lang=\"es\" dir=\"ltr\">\u00bfY esto de Sinner? <a href=\"https:\/\/twitter.com\/hashtag\/LaPistaDelTenis?src=hash&amp;ref_src=twsrc%5Etfw\" rel=\"nofollow noopener\" target=\"_blank\">#LaPistaDelTenis<\/a> <a href=\"https:\/\/twitter.com\/hashtag\/NittoATPFinals?src=hash&amp;ref_src=twsrc%5Etfw\" rel=\"nofollow noopener\" target=\"_blank\">#NittoATPFinals<\/a> <a href=\"https:\/\/t.co\/93TR7WTq7I\" rel=\"nofollow\">pic.twitter.com\/93TR7WTq7I<\/a><\/p>\n<p>\u2014 Tenis en Movistar Plus+ (@MovistarTenis) <a href=\"https:\/\/twitter.com\/MovistarTenis\/status\/1990132861249196229?ref_src=twsrc%5Etfw\" rel=\"nofollow noopener\" target=\"_blank\">November 16, 2025<\/a><\/p><\/blockquote>\n<p> <strong>Cuando Alcaraz <\/strong>sac\u00f3, Sinner toc\u00f3 mal la pelota en el resto, con un <strong>doble toque en su raqueta <\/strong>que dej\u00f3 un extra\u00f1o golpeo que entr\u00f3 dentro de la pista y que termin\u00f3 siendo una <strong>dejada perfecta para romper el servicio a Alcaraz <\/strong>y que este perdiese la ventaja que ten\u00eda en la segunda manga. <\/p>\n<p> Esto desat\u00f3 una gran pol\u00e9mica, pero la realidad es que el doble toque de Jannik es totalmente legal. Seg\u00fan las <strong>Reglas del Tenis de la ITF<\/strong> recogen en su art\u00edculo 24.f, en respuesta al Caso 1 del Art\u00edculo 26 sobre abuso de bola, que es <strong>v\u00e1lido un doble toque con la raqueta <\/strong>siempre y cuando se produzca en un m<strong>ismo movimiento o swing y de forma no deliberada.<\/strong> <\/p>\n<blockquote class=\"twitter-tweet\">\n<p lang=\"es\" dir=\"ltr\">A ver, corderitos, que tengo que salir a defender Sinner, esto no&#8230;&#8230;<\/p>\n<p>Aunque sea doble toque es v\u00e1lido siempre que sea un solo swing o motion. Aqu\u00ed el propio Sinner concedi\u00f3 el punto a su rival por esto mismo. <a href=\"https:\/\/t.co\/eNT7Cpr2BD\" rel=\"nofollow\">pic.twitter.com\/eNT7Cpr2BD<\/a> <a href=\"https:\/\/t.co\/ByT9UiDTnm\" rel=\"nofollow\">https:\/\/t.co\/ByT9UiDTnm<\/a><\/p>\n<p>\u2014 MUNAR &#8216;EL MAGICO&#8217; (@BerridosDeMunar) <a href=\"https:\/\/twitter.com\/BerridosDeMunar\/status\/1990138434107683099?ref_src=twsrc%5Etfw\" rel=\"nofollow noopener\" target=\"_blank\">November 16, 2025<\/a><\/p><\/blockquote>\n<p> Lo m\u00e1s curioso es que a <a href=\"https:\/\/www.elconfidencial.com\/deportes\/tenis\/2025-11-16\/cuanto-dinera-se-lleva-ganador-atps-finals-2025_4248399\/\" target=\"_self\" rel=\"nofollow noopener\">Sinner <\/a>le pas\u00f3 en una ocasi\u00f3n lo contrario. Jugando un partido de dobles junto a<strong> Alex de Mi\u00f1aur en el Barcelona Open Banc Sabadell 2023<\/strong>, sus rivales Santiago Gonz\u00e1lez y Edouard Roger Vasselin dieron un doble toque que el juez de silla se\u00f1al\u00f3 como falta, pero fue el propio italiano el que defendi\u00f3 que fue legal, teniendo que corregir su decisi\u00f3n el colegiado. <\/p>\n<p>         <script async src=\"https:\/\/platform.twitter.com\/widgets.js\" charset=\"utf-8\"><\/script><\/p>\n","protected":false},"excerpt":{"rendered":"Sinner: \u00abTengo otros jugadores con los que me siento muy cercano, pero con Alcaraz es diferente\u00bb \u00bfY ahora&hellip;\n","protected":false},"author":2,"featured_media":241422,"comment_status":"","ping_status":"","sticky":false,"template":"","format":"standard","meta":{"footnotes":""},"categories":[274],"tags":[168,25,24,23,167,327,326],"class_list":{"0":"post-241421","1":"post","2":"type-post","3":"status-publish","4":"format-standard","5":"has-post-thumbnail","7":"category-tenis","8":"tag-deportes","9":"tag-es","10":"tag-espana","11":"tag-spain","12":"tag-sports","13":"tag-tenis","14":"tag-tennis"},"share_on_mastodon":{"url":"https:\/\/pubeurope.com\/@es\/115566733137022017","error":""},"_links":{"self":[{"href":"https:\/\/www.europesays.com\/es\/wp-json\/wp\/v2\/posts\/241421","targetHints":{"allow":["GET"]}}],"collection":[{"href":"https:\/\/www.europesays.com\/es\/wp-json\/wp\/v2\/posts"}],"about":[{"href":"https:\/\/www.europesays.com\/es\/wp-json\/wp\/v2\/types\/post"}],"author":[{"embeddable":true,"href":"https:\/\/www.europesays.com\/es\/wp-json\/wp\/v2\/users\/2"}],"replies":[{"embeddable":true,"href":"https:\/\/www.europesays.com\/es\/wp-json\/wp\/v2\/comments?post=241421"}],"version-history":[{"count":0,"href":"https:\/\/www.europesays.com\/es\/wp-json\/wp\/v2\/posts\/241421\/revisions"}],"wp:featuredmedia":[{"embeddable":true,"href":"https:\/\/www.europesays.com\/es\/wp-json\/wp\/v2\/media\/241422"}],"wp:attachment":[{"href":"https:\/\/www.europesays.com\/es\/wp-json\/wp\/v2\/media?parent=241421"}],"wp:term":[{"taxonomy":"category","embeddable":true,"href":"https:\/\/www.europesays.com\/es\/wp-json\/wp\/v2\/categories?post=241421"},{"taxonomy":"post_tag","embeddable":true,"href":"https:\/\/www.europesays.com\/es\/wp-json\/wp\/v2\/tags?post=241421"}],"curies":[{"name":"wp","href":"https:\/\/api.w.org\/{rel}","templated":true}]}}