{"id":241427,"date":"2025-11-17T19:46:24","date_gmt":"2025-11-17T19:46:24","guid":{"rendered":"https:\/\/www.europesays.com\/es\/241427\/"},"modified":"2025-11-17T19:46:24","modified_gmt":"2025-11-17T19:46:24","slug":"las-ultimas-fotos-que-muestran-un-importante-giro-en-su-imagen","status":"publish","type":"post","link":"https:\/\/www.europesays.com\/es\/241427\/","title":{"rendered":"las \u00faltimas fotos que muestran un importante giro en su imagen"},"content":{"rendered":"<p id=\"ePPmErGBHI\" data-wc=\"124\">Los \u00faltimos a\u00f1os no han sido sencillos para la princesa<strong>\u00a0Charlene de M\u00f3naco<\/strong>. Tras superar problemas de salud y un periodo de aislamiento, regres\u00f3 a la vida oficial cumpliendo con la agenda y las expectativas de los monegascos. Durante un tiempo, su imagen estuvo marcada por una seriedad que alimentaba rumores sobre cierta distancia emocional. Sin embargo, en los \u00faltimos meses sus apariciones p\u00fablicas reflejan un cambio notable: la<a class=\"hm-link ho-link\" href=\"https:\/\/www.hola.com\/moda\/20251103865230\/charlene-de-monaco-princesa-en-vaqueros-rokethon-2025\/\" data-mrf-recirculation=\"article-body-link\" rel=\"nofollow noopener\" target=\"_blank\"> esposa del pr\u00edncipe Alberto se muestra c\u00f3moda<\/a>, especialmente en actos vinculados a causas sociales, donde el ambiente es m\u00e1s sencillo, flexible y cercano a los ciudadanos. Su \u00faltima participaci\u00f3n lo ejemplifica con claridad: al dar el pistoletazo de salida a una carrera solidaria, <strong>Charlene se emocion\u00f3 hasta las l\u00e1grimas y transmiti\u00f3 empat\u00eda, cercan\u00eda y accesibilidad.\u00a0<\/strong><\/p>\n<p> <img src=\"https:\/\/www.europesays.com\/es\/wp-content\/uploads\/2025\/11\/30ee14bfc003-00732601000015.jpg\"   width=\"1080\" height=\"1800\" loading=\"lazy\" decoding=\"async\" alt=\"Charlen de\u00a0 Monaco, una m\u00e1s durante una carrera ben\u00e9fica este fin de semana en el Principado\" fetchpriority=\"auto\" class=\"image ho-image\"\/>\u00a9 Cordon PressCharlen de\u00a0 Monaco, una m\u00e1s durante una carrera ben\u00e9fica este fin de semana en el Principado<\/p>\n<p id=\"eeO0sHvyWl\" data-wc=\"76\">La princesa Charlene volvi\u00f3 a ser protagonista en la carpa de Fontvieille, donde inaugur\u00f3 la tradicional carrera solidaria Sin Meta. Esta prueba, que se extiende a lo largo de ocho d\u00edas, tiene como objetivo recaudar fondos destinados a apoyar a ni\u00f1os que atraviesan enfermedades y necesitan ayuda. El pasado s\u00e1bado,<strong>\u00a0la jornada estuvo marcada por la emoci\u00f3n: la princesa no pudo evitar conmoverse al encontrarse con una participante cuya valent\u00eda arranc\u00f3 l\u00e1grimas y gestos de ternura.<\/strong><\/p>\n<p> <img src=\"https:\/\/www.europesays.com\/es\/wp-content\/uploads\/2025\/11\/ca34268383ba-00732590000058.jpg\"   width=\"1024\" height=\"683\" loading=\"lazy\" decoding=\"async\" alt=\"Media Image\" fetchpriority=\"auto\" class=\"image ho-image\"\/>\u00a9 Cordon Press<\/p>\n<p> <img src=\"https:\/\/www.europesays.com\/es\/wp-content\/uploads\/2025\/11\/92a17db212bd-00732601000061.jpg\"   width=\"1024\" height=\"682\" loading=\"lazy\" decoding=\"async\" alt=\"Media Image\" fetchpriority=\"auto\" class=\"image ho-image\"\/>\u00a9 Cordon Press<\/p>\n<p> <img src=\"https:\/\/www.europesays.com\/es\/wp-content\/uploads\/2025\/11\/85af4eef0543-00732601000059.jpg\"   width=\"1024\" height=\"682\" loading=\"lazy\" decoding=\"async\" alt=\"Tres im\u00e1genes de Charlen de M\u00f3naco tomadas el pasado s\u00e1bado durante la carrera que impulsa con fines solidarios y donde se emocion\u00f3 con la experiencia de los participantes\" fetchpriority=\"auto\" class=\"image ho-image\"\/>\u00a9 Cordon PressTres im\u00e1genes de Charlene de M\u00f3naco tomadas el pasado s\u00e1bado durante la carrera que impulsa con fines solidarios y donde se emocion\u00f3 con la experiencia de los participantes<\/p>\n<p id=\"elvX55JO4r\" data-wc=\"55\">Este es el tercer acto en pocos d\u00edas en el que<strong>\u00a0la princesa Charlene reaparece a pie de calle y con una agenda solidaria<\/strong>, siendo en estos actos, junto con los deportivos y los que est\u00e1n relacionados con los de la protecci\u00f3n a los animales, en los que parece sentirse m\u00e1s conectada con sus intereses.\u00a0<\/p>\n<p> <img src=\"https:\/\/www.europesays.com\/es\/wp-content\/uploads\/2025\/11\/d1a61222f74b-572648611183293986632375516278307268731731825n.jpg\"   width=\"819\" height=\"1024\" loading=\"lazy\" decoding=\"async\" alt=\"Charlene de M\u00f3naco con su chihuahua Harley en el Rokethon 2025.\" fetchpriority=\"auto\" class=\"image ho-image\"\/>\u00a9 Fr\u00e9d\u00e9ric Nebinger \/ Palais princier<\/p>\n<p> <img src=\"https:\/\/www.europesays.com\/es\/wp-content\/uploads\/2025\/11\/8e6768fa4353-574210368183293986722375514536915992891047174n.jpg\"   width=\"819\" height=\"1024\" loading=\"lazy\" decoding=\"async\" alt=\"Charlene de M\u00f3naco con su chihuahua Harley en el Rokethon 2025.\" fetchpriority=\"auto\" class=\"image ho-image\"\/>\u00a9 Fr\u00e9d\u00e9ric Nebinger \/ Palais princier<\/p>\n<p id=\"eQnL8wOtUj\" data-wc=\"89\">Si bien la sofisticaci\u00f3n es parte de la imagen de los Grimaldi y el lujo monegasco, su se\u00f1a de identidad, algo que domina y no ha abandonado, <strong>estas apariciones se alternan con las de un marcado car\u00e1cter social que son las que m\u00e1s abundan en su agenda<\/strong>. Este mes ha estado promoviendo la adopci\u00f3n responsable y concienciaci\u00f3n sobre el abandono animal, y tambi\u00e9n se ha encontrado con la Cruz Roja monegasca \u00a0junto al pr\u00edncipe Alberto, en una de las acciones que preceden a las celebraciones por el D\u00eda Nacional.\u00a0<\/p>\n<p> <img src=\"https:\/\/www.europesays.com\/es\/wp-content\/uploads\/2025\/11\/aca84b5344fe-dlu594760029.jpg\"   width=\"1024\" height=\"682\" loading=\"lazy\" decoding=\"async\" alt=\"Alberto y Charlene de M\u00f3naco en el \u00faltimo encuentro con la Cruz Roja monegasca que se ha celebrado como parte de las acciones previas al D\u00eda Nacional\" fetchpriority=\"auto\" class=\"image ho-image\"\/>\u00a9 GTRESAlberto y Charlene de M\u00f3naco en el \u00faltimo encuentro con la Cruz Roja monegasca que se ha celebrado como parte de las acciones previas al D\u00eda Nacional<\/p>\n<p id=\"exL_aYwjy_\" data-wc=\"63\">La princesa Charlene ha reafirmado as\u00ed su compromiso con las causas solidarias y con la vida p\u00fablica del Principado, <strong>en plena cuenta atr\u00e1s para la las festividades m\u00e1s importantes del a\u00f1o, el D\u00eda Nacional<\/strong>, donde la familia Grimaldi volver\u00e1 a ocupar un papel central con la presencia m\u00e1s esperada, la de las nuevas generaciones encabezadas por sus hijos, los pr\u00edncipes Jacques y Gabriella.\u00a0<\/p>\n","protected":false},"excerpt":{"rendered":"Los \u00faltimos a\u00f1os no han sido sencillos para la princesa\u00a0Charlene de M\u00f3naco. Tras superar problemas de salud y&hellip;\n","protected":false},"author":2,"featured_media":241428,"comment_status":"","ping_status":"","sticky":false,"template":"","format":"standard","meta":{"footnotes":""},"categories":[174],"tags":[35387,255,56615,146,147,25,24,256,1027,17329,23],"class_list":{"0":"post-241427","1":"post","2":"type-post","3":"status-publish","4":"format-standard","5":"has-post-thumbnail","7":"category-famosos","8":"tag-alberto-de-monaco","9":"tag-celebrities","10":"tag-charlene-de-monaco","11":"tag-entertainment","12":"tag-entretenimiento","13":"tag-es","14":"tag-espana","15":"tag-famosos","16":"tag-realeza","17":"tag-realeza-monaco","18":"tag-spain"},"share_on_mastodon":{"url":"https:\/\/pubeurope.com\/@es\/115566765524789407","error":""},"_links":{"self":[{"href":"https:\/\/www.europesays.com\/es\/wp-json\/wp\/v2\/posts\/241427","targetHints":{"allow":["GET"]}}],"collection":[{"href":"https:\/\/www.europesays.com\/es\/wp-json\/wp\/v2\/posts"}],"about":[{"href":"https:\/\/www.europesays.com\/es\/wp-json\/wp\/v2\/types\/post"}],"author":[{"embeddable":true,"href":"https:\/\/www.europesays.com\/es\/wp-json\/wp\/v2\/users\/2"}],"replies":[{"embeddable":true,"href":"https:\/\/www.europesays.com\/es\/wp-json\/wp\/v2\/comments?post=241427"}],"version-history":[{"count":0,"href":"https:\/\/www.europesays.com\/es\/wp-json\/wp\/v2\/posts\/241427\/revisions"}],"wp:featuredmedia":[{"embeddable":true,"href":"https:\/\/www.europesays.com\/es\/wp-json\/wp\/v2\/media\/241428"}],"wp:attachment":[{"href":"https:\/\/www.europesays.com\/es\/wp-json\/wp\/v2\/media?parent=241427"}],"wp:term":[{"taxonomy":"category","embeddable":true,"href":"https:\/\/www.europesays.com\/es\/wp-json\/wp\/v2\/categories?post=241427"},{"taxonomy":"post_tag","embeddable":true,"href":"https:\/\/www.europesays.com\/es\/wp-json\/wp\/v2\/tags?post=241427"}],"curies":[{"name":"wp","href":"https:\/\/api.w.org\/{rel}","templated":true}]}}