{"id":241431,"date":"2025-11-17T19:49:19","date_gmt":"2025-11-17T19:49:19","guid":{"rendered":"https:\/\/www.europesays.com\/es\/241431\/"},"modified":"2025-11-17T19:49:19","modified_gmt":"2025-11-17T19:49:19","slug":"la-china-suarez-conto-cual-fue-el-primer-mensaje-de-mauro-icardi-que-termino-con-ambos-en-paris","status":"publish","type":"post","link":"https:\/\/www.europesays.com\/es\/241431\/","title":{"rendered":"La China Su\u00e1rez cont\u00f3 cu\u00e1l fue el primer mensaje de Mauro Icardi que termin\u00f3 con ambos en Par\u00eds"},"content":{"rendered":"<p class=\"com-paragraph  --capital --s\">Este lunes, <strong>Moria Cas\u00e1n<\/strong> entrevist\u00f3 a <a href=\"https:\/\/www.lanacion.com.ar\/espectaculos\/la-filosa-frase-de-la-china-suarez-que-muchos-interpretaron-como-una-indirecta-a-wanda-nara-nid15112025\/\" target=\"_self\" title=\"https:\/\/www.lanacion.com.ar\/espectaculos\/la-filosa-frase-de-la-china-suarez-que-muchos-interpretaron-como-una-indirecta-a-wanda-nara-nid15112025\/\" class=\"com-link break-word\" data-mrf-recirculation=\"n_link_parrafo\" rel=\"nofollow noopener\"><strong>Mar\u00eda Eugenia \u201cLa China\u201d Su\u00e1rez<\/strong><\/a> en su programa matutino llamado <strong>La ma\u00f1ana con Moria<\/strong> (eltrece). En compa\u00f1\u00eda de Mauro Icardi, su pareja, la actriz cont\u00f3, entre otras cosas, c\u00f3mo fue el inicio de la relaci\u00f3n con el futbolista y<strong> cu\u00e1l fue el primer mensaje que le envi\u00f3 \u00e9l para conquistarla<\/strong>.<\/p>\n<p class=\"com-paragraph   --s\">Seg\u00fan el testimonio de Su\u00e1rez, ella viaj\u00f3 desde Madrid -donde participaba del rodaje de la pel\u00edcula <strong>0bjetos<\/strong>&#8211; a Par\u00eds para encontrarse con Icardi tras un largo periodo de conocimiento virtual v\u00eda WhatsApp. \u201cTe vi darle un beso y <strong>no pod\u00e9s aguantar las ganas de besarlo<\/strong>. Est\u00e1s enamorada, m\u00e1s all\u00e1 de todo\u201d, lanz\u00f3 Moria, antes de preguntarle<strong> c\u00f3mo inici\u00f3 su historia de amor.<\/strong><\/p>\n<p><img class=\"image flex com-image --cover\" decoding=\"async\" fetchpriority=\"low\" loading=\"lazy\" src=\"https:\/\/www.europesays.com\/es\/wp-content\/uploads\/2025\/11\/https:\/\/cdn.jwplayer.com\/v2\/media\/poIjylf8\/poster.jpg\" alt=\"La China Suarez conto que lo enamoro de Mauro Icardi\"\/>La China Suarez conto que lo enamoro de Mauro Icardi<\/p>\n<p class=\"com-paragraph   --s\">\u201c\u00c9l me mand\u00f3 el primer mensaje en un momento de mi vida que estaba bajo tierra\u201d, aclar\u00f3 Su\u00e1rez, quien recibi\u00f3 la repregunta de Moria acerca de cu\u00e1l fue la frase que le dijo Icardi. \u201c<strong>Me dijo \u2018esa boquita\u2019. Tiene algo con mi boca<\/strong>\u201d, dijo la actriz ante la sorpresa de la interlocutora.<\/p>\n<p class=\"com-paragraph   --s\">Luego de varios d\u00edas conversando, la China se tom\u00f3 un vuelo de Espa\u00f1a a Francia para encontrarse con Icardi en un hotel. \u201cNo pod\u00eda m\u00e1s de los nervios. No pod\u00eda explicar lo que me pasaba y eso que no soy una mina t\u00edmida\u201d. <\/p>\n<p class=\"com-paragraph   --s\">Como parte del plan, la China asegur\u00f3 que su outfit fue sencillo, sin mayor producci\u00f3n. \u201cFui simple, sin maquillaje, con unas zapatillas, un pantal\u00f3n ancho negro y una camiseta manga larga de color blanco.<strong> Si no le gustaba as\u00ed, ya est\u00e1&#8230;<\/strong>\u201d, indic\u00f3.<\/p>\n<p>La China Su\u00e1rez cont\u00f3 c\u00f3mo fueron los primeros d\u00edas de romance con Icardi (Foto: Instagram @mauroicardi)<\/p>\n<p class=\"com-paragraph   --s\">Por \u00faltimo, aclar\u00f3 que qued\u00f3 impactada al verlo por primera vez en persona y destac\u00f3 su figura imponente: \u201cMe impact\u00f3 lo alto que es. Es muy llamativo. Se me aflojaron las piernas. Lleg\u00f3 y me rob\u00f3 un beso. Fue una conexi\u00f3n muy fuerte\u201d.<\/p>\n<p class=\"com-paragraph   --s\">D\u00edas atr\u00e1s, la China Su\u00e1rez <a href=\"https:\/\/www.lanacion.com.ar\/espectaculos\/personajes\/la-confesion-de-eugenia-china-suarez-soy-muy-hiriente-digo-cosas-que-despues-me-arrepiento-nid14112025\/\" target=\"_self\" title=\"https:\/\/www.lanacion.com.ar\/espectaculos\/personajes\/la-confesion-de-eugenia-china-suarez-soy-muy-hiriente-digo-cosas-que-despues-me-arrepiento-nid14112025\/\" class=\"com-link break-word\" data-mrf-recirculation=\"n_link_parrafo\" rel=\"nofollow noopener\">asisti\u00f3 al programa <strong>Otro d\u00eda perdido<\/strong> (eltrece)<\/a>, conducido por <strong>Mario Pergolini<\/strong>, y cont\u00f3 detalles de c\u00f3mo fue el momento en el que tom\u00f3 la decisi\u00f3n de mudarse a Turqu\u00eda para convivir con el futbolista de<strong> Galatasaray<\/strong>.<\/p>\n<p class=\"com-paragraph   --s\">\u201cFue demasiado r\u00e1pido. Si me hubiese pasado a los 20 a\u00f1os no hubiese sido posible porque mi sue\u00f1o era ser actriz y es mi vocaci\u00f3n y lo que me hace realmente feliz pero bueno, el a\u00f1o pasado film\u00e9 muchos proyectos (este a\u00f1o se estrenaron cinco seguidos) y dije: <strong>\u2018\u00bfqu\u00e9 pasa si un a\u00f1o estoy un poco m\u00e1s tranquila y espero que me llegue un proyecto que me encante?<\/strong>\u2019\u201c, indic\u00f3 Su\u00e1rez, quien debi\u00f3 congeniar con sus expareja <strong>Nicol\u00e1s Cabr\u00e9<\/strong> y<a href=\"https:\/\/www.lanacion.com.ar\/espectaculos\/benjamin-vicuna-respondio-las-acusaciones-de-la-china-suarez-las-cosas-se-arreglan-en-familia-nid14112025\/\" target=\"_self\" title=\"https:\/\/www.lanacion.com.ar\/espectaculos\/benjamin-vicuna-respondio-las-acusaciones-de-la-china-suarez-las-cosas-se-arreglan-en-familia-nid14112025\/\" class=\"com-link break-word\" data-mrf-recirculation=\"n_link_parrafo\" rel=\"nofollow noopener\"><strong> Benjam\u00edn Vicu\u00f1a<\/strong><\/a>, el cuidado de sus hijos <strong>Magnolia, Rufina <\/strong>y<strong> Amancio<\/strong>.<\/p>\n<p><img class=\"image flex com-image --cover\" decoding=\"async\" fetchpriority=\"low\" loading=\"lazy\" src=\"https:\/\/www.europesays.com\/es\/wp-content\/uploads\/2025\/11\/https:\/\/cdn.jwplayer.com\/v2\/media\/k7aNRkq4\/poster.jpg\" alt=\"\u201cEstoy con ganas de vengarme\u201d: la declaraci\u00f3n de la China Su\u00e1rez que encendi\u00f3 especulaciones\"\/>\u201cEstoy con ganas de vengarme\u201d: la declaraci\u00f3n de la China Su\u00e1rez que encendi\u00f3 especulaciones<\/p>\n<p class=\"com-paragraph   --s\">En esa misma l\u00ednea, indic\u00f3 la libertad que le proporcion\u00f3 Icardi para que pueda amalgamar las obligaciones laborales con el amor. \u201cQuiz\u00e1 por eso a m\u00ed tampoco me funcionaron mis relaciones porque no soy de preguntarle al otro. <strong>Soy medio ego\u00edsta<\/strong>. A lo mejor Mauro es m\u00e1s estructurado y me dice: \u2018che, dale; seamos un equipo\u2019. \u00c9l es as\u00ed, \u00e9l me acompa\u00f1a, me ayuda. Es imposible no obnubilarse con lo que \u00e9l es conmigo\u201d, cerr\u00f3.<\/p>\n","protected":false},"excerpt":{"rendered":"Este lunes, Moria Cas\u00e1n entrevist\u00f3 a Mar\u00eda Eugenia \u201cLa China\u201d Su\u00e1rez en su programa matutino llamado La ma\u00f1ana&hellip;\n","protected":false},"author":2,"featured_media":241432,"comment_status":"","ping_status":"","sticky":false,"template":"","format":"standard","meta":{"footnotes":""},"categories":[171],"tags":[39462,146,147,25,24,23,27497,10314,214],"class_list":{"0":"post-241431","1":"post","2":"type-post","3":"status-publish","4":"format-standard","5":"has-post-thumbnail","7":"category-tv","8":"tag-dakota-fanning","9":"tag-entertainment","10":"tag-entretenimiento","11":"tag-es","12":"tag-espana","13":"tag-spain","14":"tag-tim-robbins","15":"tag-tom-cruise","16":"tag-tv"},"share_on_mastodon":{"url":"https:\/\/pubeurope.com\/@es\/115566777207470025","error":""},"_links":{"self":[{"href":"https:\/\/www.europesays.com\/es\/wp-json\/wp\/v2\/posts\/241431","targetHints":{"allow":["GET"]}}],"collection":[{"href":"https:\/\/www.europesays.com\/es\/wp-json\/wp\/v2\/posts"}],"about":[{"href":"https:\/\/www.europesays.com\/es\/wp-json\/wp\/v2\/types\/post"}],"author":[{"embeddable":true,"href":"https:\/\/www.europesays.com\/es\/wp-json\/wp\/v2\/users\/2"}],"replies":[{"embeddable":true,"href":"https:\/\/www.europesays.com\/es\/wp-json\/wp\/v2\/comments?post=241431"}],"version-history":[{"count":0,"href":"https:\/\/www.europesays.com\/es\/wp-json\/wp\/v2\/posts\/241431\/revisions"}],"wp:featuredmedia":[{"embeddable":true,"href":"https:\/\/www.europesays.com\/es\/wp-json\/wp\/v2\/media\/241432"}],"wp:attachment":[{"href":"https:\/\/www.europesays.com\/es\/wp-json\/wp\/v2\/media?parent=241431"}],"wp:term":[{"taxonomy":"category","embeddable":true,"href":"https:\/\/www.europesays.com\/es\/wp-json\/wp\/v2\/categories?post=241431"},{"taxonomy":"post_tag","embeddable":true,"href":"https:\/\/www.europesays.com\/es\/wp-json\/wp\/v2\/tags?post=241431"}],"curies":[{"name":"wp","href":"https:\/\/api.w.org\/{rel}","templated":true}]}}