{"id":241433,"date":"2025-11-17T19:50:12","date_gmt":"2025-11-17T19:50:12","guid":{"rendered":"https:\/\/www.europesays.com\/es\/241433\/"},"modified":"2025-11-17T19:50:12","modified_gmt":"2025-11-17T19:50:12","slug":"kiss-han-hablado-de-sus-proximos-planes-en-su-ultimo-kiss-kruise-landlocked-in-vegas","status":"publish","type":"post","link":"https:\/\/www.europesays.com\/es\/241433\/","title":{"rendered":"KISS han hablado de sus pr\u00f3ximos planes en su \u00faltimo \u00abKISS Kruise: Landlocked In Vegas\u00bb."},"content":{"rendered":"<p>\u00a0<\/p>\n<p>\u00a0<\/p>\n<p><strong>KISS han hablado de sus pr\u00f3ximos planes en su \u00faltimo \u00abKISS Kruise: Landlocked In Vegas\u00bb.<\/strong><br \/>\n<img fetchpriority=\"high\" decoding=\"async\" src=\"https:\/\/www.europesays.com\/es\/wp-content\/uploads\/2025\/11\/kiss_2021_4_500x267.jpg\" alt=\"KISS\" width=\"500\" height=\"267\"\/><\/p>\n<p>El frente de <a href=\"https:\/\/www.kissonline.com\/\" target=\"_blank\" rel=\"noopener nofollow\"><strong>KISS<\/strong><\/a> ha revelado varias novedades sobre el futuro de la banda. Por una parte, Los l\u00edderes Gene Simmons y Paul Stanley hablaron de sus pr\u00f3ximos planes durante una sesi\u00f3n de preguntas en su \u00faltimo \u00abKISS Kruise: Landlocked In Vegas\u00bb (a continuaci\u00f3n traducimos una transcripci\u00f3n de Blabbermouth.Net).<\/p>\n<p>Sobre el legado del grupo:<\/p>\n<p><strong>Gene Simmons<\/strong>: \u00abTodo el mundo habla de sus sue\u00f1os, aspiraciones, ambiciones y otras grandes palabras; y aqu\u00ed estamos m\u00e1s de medio siglo. Seguimos aqu\u00ed. Ha habido muchos momentos descorazonadores, devastaci\u00f3n; la muerte de Ace\u2026 y seguimos, porque el legado de KISS tiene que continuar. A pesar de que algunos de vosotros pens\u00e9is que este es el ocaso, os prometo que esto es el principio. Es la oruga que va a convertirse en una preciosa mariposa. Hemos visto planes para el futuro y alucinar\u00e9is.<\/p>\n<p><strong>Paul Stanley<\/strong> sobre la posibilidad de sacar m\u00fasica nueva:<\/p>\n<p>\u00abPuede que haya m\u00fasica nueva en marcha. Nos gustar\u00eda contarte lo que estamos haciendo, las cosas que hemos planeado. El problema es que muchas de las cosas que podr\u00edamos comentar nunca llegar\u00e1n a buen puerto, pero la m\u00fasica parece m\u00e1s que posible. No voy a dar ninguna pista, pero solo compongo cuando hay un proyecto y he estado componiendo.\u201d<\/p>\n<p>Por otro lado, en el mismo evento, el director creativo del pr\u00f3ximo espect\u00e1culo de avatares dedicados a la banda, Thierry Coup, habl\u00f3 del proyecto.<\/p>\n<p>\u00abActualmente estamos a la mitad del desarrollo de los aut\u00e9nticos avatares, lo que nos llevar\u00e1 dos a\u00f1os.\u201d<\/p>\n<p>Tambi\u00e9n hablaron Joseph McGinty Nichol y Mark Cantor hablaron, director y productor respectivamente de la pel\u00edcula de la banda.<\/p>\n<p>Joseph McGinty Nichol : \u00abKISS es la banda m\u00e1s excitante de la historia del rock and roll. Le denemos a su ej\u00e9rcito la pel\u00edcula m\u00e1s excitante de la historia. M\u00e1s que cualquier otra banda en la historia del rock and roll, hay rock and roll antes de KISS y despu\u00e9s de KISS. Actualmente estamos en medio del casting, intentando encontrar actores que puedan recrear la intensidad de las actuaciones en directo del grupo.\u00bb<\/p>\n<p>Por \u00faltimo el manager <strong>Doc McGhee <\/strong>habl\u00f3 del esperado documental sobre el grupo, proyecto que parece que ser\u00e1 el primero de todos en llegar. En el evento se estren\u00f3 un nuevo tr\u00e1iler y McGhee revel\u00f3 que la intenci\u00f3n era desmitificar a la banda para mostrar sus verdaderas personalidades. Tambi\u00e9n dijo que tras cinco a\u00f1os de rodaje, hab\u00edan pasado los dos \u00faltimos a\u00f1os editando miles de horas de im\u00e1genes para mostrar una cara diferente de KISS.<\/p>\n<p>Por \u00faltimo declar\u00f3 que el documental, la pel\u00edcula y el espect\u00e1culo de los avatares forman parte de un plan en tres partes para ayudar al grupo a llegar a nuevas generaciones de fans.<\/p>\n<p>Ten\u00e9is el art\u00edculo original en este <a href=\"https:\/\/ultimateclassicrock.com\/the-future-of-kiss-panel-report-can-you-make-us-immortal\/?utm_source=tsmclip&amp;utm_medium=referral\" rel=\"nofollow noopener\" target=\"_blank\">enlace<\/a>.<\/p>\n<p><img loading=\"lazy\" decoding=\"async\" src=\"https:\/\/www.europesays.com\/es\/wp-content\/uploads\/2025\/11\/kiss_2021_5.jpg\" alt=\"KISS\" width=\"500\" height=\"336\"\/><\/p>\n<p>Tras la <a href=\"https:\/\/www.rafabasa.com\/2025\/10\/17\/kiss-battle-beast-blood-incantation\/#KISS2\" rel=\"nofollow noopener\" target=\"_blank\">reciente caja dedicada a su tercer disco \u201cDressed To Kill\u201d<\/a>, <a href=\"https:\/\/www.kissonline.com\/\" target=\"_blank\" rel=\"noopener nofollow\"><strong>KISS<\/strong><\/a> sacar\u00e1n el 21 de noviembre una caja dedicada a su m\u00edtico disco en directo de 1975 \u201cAlive!\u201d.<\/p>\n<p>Todos los detalles en esta <a href=\"https:\/\/www.rafabasa.com\/2025\/11\/07\/kiss-omnium-gatherum-nefarious\/#KISS\" rel=\"nofollow noopener\" target=\"_blank\">noticia<\/a>.<\/p>\n<p>El guitarrista original de <strong>KISS<\/strong> <strong>Ace Frehley<\/strong> <a href=\"https:\/\/www.rafabasa.com\/2025\/10\/17\/fallece-el-guitarrista-original-de-kiss-ace-frehley\" target=\"_blank\" rel=\"noopener nofollow\">falleci\u00f3 el 16 de octubre<\/a> a los 74 a\u00f1os de edad.<\/p>\n<p>El l\u00edder de <a href=\"https:\/\/www.kissonline.com\/\" target=\"_blank\" rel=\"noopener nofollow\"><strong>KISS<\/strong><\/a> <strong>Gene Simmons<\/strong> ha <a href=\"https:\/\/www.rafabasa.com\/2025\/05\/08\/kiss-anneke-van-giersbergen-no-drop-for-us\/#KISS\" target=\"_blank\" rel=\"noopener nofollow\">reiterado en repetidas ocasiones<\/a> que la banda no va a volver a girar a pesar de su <a href=\"https:\/\/www.rafabasa.com\/2025\/05\/13\/kiss-morphium-fairyland\/#KISS\" target=\"_blank\" rel=\"noopener nofollow\">pr\u00f3ximo evento<\/a> en Las Vegas.<\/p>\n<p>La banda sigue preparando su <a href=\"https:\/\/www.rafabasa.com\/2025\/06\/05\/barcelona-rock-fest-kiss-enforcer-a-z-jarno-keskinen\/#KISS\" target=\"_blank\" rel=\"noopener nofollow\">pel\u00edcula autobiogr\u00e1fica<\/a>.<\/p>\n<p><a href=\"https:\/\/www.kissonline.com\/\" target=\"_blank\" rel=\"noopener nofollow\"><strong>KISS<\/strong><\/a> se despidieron en Abu Dhabi en diciembre de 2023.<\/p>\n<p>\u00a0<\/p>\n<p>\u00a0<\/p>\n","protected":false},"excerpt":{"rendered":"\u00a0 \u00a0 KISS han hablado de sus pr\u00f3ximos planes en su \u00faltimo \u00abKISS Kruise: Landlocked In Vegas\u00bb. El&hellip;\n","protected":false},"author":2,"featured_media":241434,"comment_status":"","ping_status":"","sticky":false,"template":"","format":"standard","meta":{"footnotes":""},"categories":[170],"tags":[146,147,25,24,4272,184,185,23],"class_list":{"0":"post-241433","1":"post","2":"type-post","3":"status-publish","4":"format-standard","5":"has-post-thumbnail","7":"category-musica","8":"tag-entertainment","9":"tag-entretenimiento","10":"tag-es","11":"tag-espana","12":"tag-kiss","13":"tag-music","14":"tag-musica","15":"tag-spain"},"share_on_mastodon":{"url":"https:\/\/pubeurope.com\/@es\/115566780555460747","error":""},"_links":{"self":[{"href":"https:\/\/www.europesays.com\/es\/wp-json\/wp\/v2\/posts\/241433","targetHints":{"allow":["GET"]}}],"collection":[{"href":"https:\/\/www.europesays.com\/es\/wp-json\/wp\/v2\/posts"}],"about":[{"href":"https:\/\/www.europesays.com\/es\/wp-json\/wp\/v2\/types\/post"}],"author":[{"embeddable":true,"href":"https:\/\/www.europesays.com\/es\/wp-json\/wp\/v2\/users\/2"}],"replies":[{"embeddable":true,"href":"https:\/\/www.europesays.com\/es\/wp-json\/wp\/v2\/comments?post=241433"}],"version-history":[{"count":0,"href":"https:\/\/www.europesays.com\/es\/wp-json\/wp\/v2\/posts\/241433\/revisions"}],"wp:featuredmedia":[{"embeddable":true,"href":"https:\/\/www.europesays.com\/es\/wp-json\/wp\/v2\/media\/241434"}],"wp:attachment":[{"href":"https:\/\/www.europesays.com\/es\/wp-json\/wp\/v2\/media?parent=241433"}],"wp:term":[{"taxonomy":"category","embeddable":true,"href":"https:\/\/www.europesays.com\/es\/wp-json\/wp\/v2\/categories?post=241433"},{"taxonomy":"post_tag","embeddable":true,"href":"https:\/\/www.europesays.com\/es\/wp-json\/wp\/v2\/tags?post=241433"}],"curies":[{"name":"wp","href":"https:\/\/api.w.org\/{rel}","templated":true}]}}