{"id":241435,"date":"2025-11-17T19:51:12","date_gmt":"2025-11-17T19:51:12","guid":{"rendered":"https:\/\/www.europesays.com\/es\/241435\/"},"modified":"2025-11-17T19:51:12","modified_gmt":"2025-11-17T19:51:12","slug":"iron-man-3-estuvo-cerca-de-tener-a-una-mujer-villana-pero-el-merchandising-importaba-mas-que-la-inclusion","status":"publish","type":"post","link":"https:\/\/www.europesays.com\/es\/241435\/","title":{"rendered":"Iron Man 3 estuvo cerca de tener a una mujer villana, pero el merchandising importaba m\u00e1s que la inclusi\u00f3n"},"content":{"rendered":"<p>Si bien hemos tenido una buena cantidad de villanos en Marvel Studios desde los inicios del <strong>UCM<\/strong>, lo cierto es que la compa\u00f1\u00eda tard\u00f3 bastante en presentar a la primera antagonista principal de la franquicia. Sin embargo, la Casa de las Ideas pudo haber presentado a su<strong> primera villana<\/strong> mucho antes de lo que imagin\u00e1bamos, concretamente, en <strong>Iron Man 3<\/strong>.<\/p>\n<p>Sin embargo, hubo algo que no le gust\u00f3 a Marvel Studios. Seg\u00fan cont\u00f3 <strong>Shane Black<\/strong> a la revista <a rel=\"noopener, noreferrer nofollow\" href=\"https:\/\/people.com\/movies\/shane-black-forced-to-remove-female-iron-man-3-character-due-to-toy-sales\" target=\"_blank\">People<\/a> hace varios a\u00f1os, en un principio ten\u00edan la idea de tener a una mujer como villana principal, pero el estudio les oblig\u00f3 a convertirla en un hombre porque, b\u00e1sicamente, <strong>no vender\u00eda suficientes juguetes<\/strong>.<\/p>\n<blockquote><p>\u00abHubo un primer borrador de Iron Man 3 en el que tuvimos una ligera sospecha de un problema. Y es que ten\u00edamos a un personaje femenino que era la villana en ese borrador. Hab\u00edamos terminado el guion y recibimos un memorando sin restricciones que dec\u00eda que eso no pod\u00eda mantenerse y que hab\u00edamos cambiado de opini\u00f3n porque, tras consultar, se decidi\u00f3 que ese juguete no se vender\u00eda tan bien si era una mujer\u00bb.<\/p><\/blockquote>\n<p>    <a href=\"https:\/\/www.vidaextra.com\/juegos-retro\/dreamcast-su-mando-alargado-a-wii-sueno-descartado-sega\" class=\"pivot-outboundlink\" data-vars-post-title=\"Dreamcast y su mando alargado a lo Wii: el sue\u00f1o descartado de SEGA\" rel=\"nofollow noopener\" target=\"_blank\"><br \/>\n     <img loading=\"lazy\" decoding=\"async\" alt=\"Dreamcast y su mando alargado a lo Wii: el sue\u00f1o descartado de SEGA\" width=\"375\" height=\"142\" src=\"https:\/\/i.blogs.es\/d6e983\/dreamcast-mando-wii\/375_142.webp\" onerror=\"this.src=\" https:=\"\"\/><br \/>\n    <\/a><\/p>\n<p>Tal y como cuenta Black, varios altos cargos de la compa\u00f1\u00eda decidieron que el g\u00e9nero de este villano deb\u00edan cambiar si quer\u00edan tener buenas ventas en el merchandising de la pel\u00edcula, y si bien muchos habr\u00e9is apuntado ya a Kevin Feige, el director de la cinta recalc\u00f3 en esta misma entrevista que <strong>el jefazo de Marvel Studios no tuvo nada que ver<\/strong> con el cambio de g\u00e9nero.<\/p>\n<p>Por suerte esta decisi\u00f3n no afect\u00f3 demasiado a la trama principal, ya que el \u00fanico cambio que hubo era convertir a <strong>Aldrich Killian <\/strong>en un hombre; todo lo dem\u00e1s no tuvo pr\u00e1cticamente cambios y la cinta se rod\u00f3 tal y como Black hab\u00eda ideado en su cabeza desde el principio.<\/p>\n<p>En VidaExtra | <a class=\"text-outboundlink\" href=\"https:\/\/www.vidaextra.com\/comics\/superheroes-drogas-iron-man-robert-downey-jr-encontraron-problema-fondo-botella\" data-vars-post-title=\"Superh\u00e9roes y drogas: Iron Man y Robert Downey Jr. encontraron el mismo problema en el fondo de la botella\" data-vars-post-url=\"https:\/\/www.vidaextra.com\/comics\/superheroes-drogas-iron-man-robert-downey-jr-encontraron-problema-fondo-botella\" target=\"_blank\" rel=\"nofollow noopener\">Superh\u00e9roes y drogas: Iron Man y Robert Downey Jr. encontraron el mismo problema en el fondo de la botella<\/a><\/p>\n<p>En VidaExtra | <a class=\"text-outboundlink\" href=\"https:\/\/www.vidaextra.com\/comics\/marketing-coleccionismo-llevado-al-limite-algo-mucho-mayor-que-blind-bags-marvel-comics\" data-vars-post-title=\"Marketing, coleccionismo llevado al l\u00edmite... o algo mucho mayor: qu\u00e9 son las Blind Bags de Marvel C\u00f3mics \" data-vars-post-url=\"https:\/\/www.vidaextra.com\/comics\/marketing-coleccionismo-llevado-al-limite-algo-mucho-mayor-que-blind-bags-marvel-comics\" target=\"_blank\" rel=\"nofollow noopener\">Marketing, coleccionismo llevado al l\u00edmite&#8230; o algo mucho mayor: qu\u00e9 son las Blind Bags de Marvel C\u00f3mics<\/a><\/p>\n","protected":false},"excerpt":{"rendered":"Si bien hemos tenido una buena cantidad de villanos en Marvel Studios desde los inicios del UCM, lo&hellip;\n","protected":false},"author":2,"featured_media":241436,"comment_status":"","ping_status":"","sticky":false,"template":"","format":"standard","meta":{"footnotes":""},"categories":[169],"tags":[177,146,147,25,24,176,175,23],"class_list":{"0":"post-241435","1":"post","2":"type-post","3":"status-publish","4":"format-standard","5":"has-post-thumbnail","7":"category-cine","8":"tag-cine","9":"tag-entertainment","10":"tag-entretenimiento","11":"tag-es","12":"tag-espana","13":"tag-film","14":"tag-movies","15":"tag-spain"},"share_on_mastodon":{"url":"https:\/\/pubeurope.com\/@es\/115566784321968326","error":""},"_links":{"self":[{"href":"https:\/\/www.europesays.com\/es\/wp-json\/wp\/v2\/posts\/241435","targetHints":{"allow":["GET"]}}],"collection":[{"href":"https:\/\/www.europesays.com\/es\/wp-json\/wp\/v2\/posts"}],"about":[{"href":"https:\/\/www.europesays.com\/es\/wp-json\/wp\/v2\/types\/post"}],"author":[{"embeddable":true,"href":"https:\/\/www.europesays.com\/es\/wp-json\/wp\/v2\/users\/2"}],"replies":[{"embeddable":true,"href":"https:\/\/www.europesays.com\/es\/wp-json\/wp\/v2\/comments?post=241435"}],"version-history":[{"count":0,"href":"https:\/\/www.europesays.com\/es\/wp-json\/wp\/v2\/posts\/241435\/revisions"}],"wp:featuredmedia":[{"embeddable":true,"href":"https:\/\/www.europesays.com\/es\/wp-json\/wp\/v2\/media\/241436"}],"wp:attachment":[{"href":"https:\/\/www.europesays.com\/es\/wp-json\/wp\/v2\/media?parent=241435"}],"wp:term":[{"taxonomy":"category","embeddable":true,"href":"https:\/\/www.europesays.com\/es\/wp-json\/wp\/v2\/categories?post=241435"},{"taxonomy":"post_tag","embeddable":true,"href":"https:\/\/www.europesays.com\/es\/wp-json\/wp\/v2\/tags?post=241435"}],"curies":[{"name":"wp","href":"https:\/\/api.w.org\/{rel}","templated":true}]}}