{"id":241443,"date":"2025-11-17T19:55:18","date_gmt":"2025-11-17T19:55:18","guid":{"rendered":"https:\/\/www.europesays.com\/es\/241443\/"},"modified":"2025-11-17T19:55:18","modified_gmt":"2025-11-17T19:55:18","slug":"apple-no-lanzara-el-iphone-18-hasta-2027-segun-bloomberg","status":"publish","type":"post","link":"https:\/\/www.europesays.com\/es\/241443\/","title":{"rendered":"Apple no lanzar\u00e1 el iPhone 18 hasta 2027, seg\u00fan &#8216;Bloomberg&#8217;"},"content":{"rendered":"<p style=\"\">Apple piensa cambiar de forma radical su calendario de lanzamiento de dispositivos. <a href=\"https:\/\/www.bloomberg.com\/news\/newsletters\/2025-11-16\/apple-s-iphone-road-map-iphone-air-2-iphone-18-mac-pro-future-tesla-carplay-mi1q4l2o\" target=\"_blank\" data-voc-vtm-id=\"in-text-traffic\" title=\"De acuerdo con Mark Gurman\" data-mrf-link=\"www.bloomberg.com\" rel=\"nofollow noopener\">De acuerdo con Mark Gurman<\/a>, analista de &#8216;Bloomberg&#8217; y una de las personas con mejor informaci\u00f3n sobre la empresa de la manzana, la presentaci\u00f3n del <strong>iPhone 18<\/strong> b\u00e1sico no se producir\u00e1  &#8230; el pr\u00f3ximo mes de septiembre, tal y como ha venido siendo norma desde 2011, con Steve Jobs todav\u00eda al frente de la empresa. En su lugar, habr\u00e1 que esperar hasta 2027 para verlo y comprarlo.<\/p>\n<p class=\"voc-p\" style=\"\">De acuerdo con Gurman, en el evento del pr\u00f3ximo septiembre de 2026 Apple pondr\u00e1 todos los focos sobre tres terminales: por un lado, <strong>los iPhone 18 Pro y Pro Max<\/strong>, que son los exponentes m\u00e1s capaces de la terna de m\u00f3viles anual de la firma; y por el otro el que ser\u00e1 <strong>el primer plegable de la empresa<\/strong>, que por el momento no tiene nombre. Mientras tanto, <strong>la firma esperar\u00e1 unos seis meses, hasta inicios de 2027, para mostrar al mundo la versi\u00f3n b\u00e1sica de su &#8216;smartphone&#8217;<\/strong>, que recibir\u00e1 el nombre de iPhone 18, y otra algo m\u00e1s limitada que se encuadrar\u00e1 dentro de la gama media y ser\u00e1 m\u00e1s econ\u00f3mica, la del <strong>iPhone 18e<\/strong>.<\/p>\n<p class=\"voc-p\" style=\"\">Respecto a los motivos por los que la compa\u00f1\u00eda ha decidido realizar este cambio dr\u00e1stico en su calendario de lanzamientos, se apunta al inter\u00e9s de Apple en diversificar m\u00e1s sus ingresos a lo largo del a\u00f1o; algo que espera conseguir reduciendo el n\u00famero de &#8216;smartphones&#8217; que lanza al mercado en el mismo momento del a\u00f1o. Lo esperable es que la compa\u00f1\u00eda siga apostando por esta estrategia durante los pr\u00f3ximos a\u00f1os.<\/p>\n<p class=\"voc-p\" style=\"\">El iPhone que, de acuerdo con numerosas filtraciones, no se presentar\u00e1 el a\u00f1o que viene es la segunda versi\u00f3n del <a href=\"https:\/\/www.abc.es\/tecnologia\/semana-iphone-air-movil-apple-compraria-par-20250929141638-nt.html\" target=\"_self\" data-voc-vtm-id=\"in-text-traffic\" title=\"iPhone Air\" data-mrf-link=\"www.abc.es\" rel=\"nofollow noopener\">iPhone Air<\/a>. Este modelo, que destaca por ser el m\u00e1s fino en la historia de Apple, no ha cosechado los mejores resultados de ventas en sus primeros dos meses de vida; lo que, de acuerdo con &#8216;<a href=\"https:\/\/www.theinformation.com\/articles\/apple-delays-release-next-iphone-air-amid-weak-sales\" target=\"_blank\" data-voc-vtm-id=\"in-text-traffic\" title=\"The Information\" data-mrf-link=\"www.theinformation.com\" rel=\"nofollow noopener\">The Information<\/a>&#8216;, ha provocado que se reduzca la fabricaci\u00f3n de unidades. Su revisi\u00f3n no llegar\u00eda, como pronto, hasta inicios de 2027, siempre y cuando  la compa\u00f1\u00eda quiera meterlo en la primera fecha anual de presentaciones. <\/p>\n","protected":false},"excerpt":{"rendered":"Apple piensa cambiar de forma radical su calendario de lanzamiento de dispositivos. De acuerdo con Mark Gurman, analista&hellip;\n","protected":false},"author":2,"featured_media":241444,"comment_status":"","ping_status":"","sticky":false,"template":"","format":"standard","meta":{"footnotes":""},"categories":[81],"tags":[15609,2823,14278,119,123,124,25,24,2822,43359,117,121,122,5153,23,118,120],"class_list":{"0":"post-241443","1":"post","2":"type-post","3":"status-publish","4":"format-standard","5":"has-post-thumbnail","7":"category-ciencia-y-tecnologia","8":"tag-15609","9":"tag-apple","10":"tag-bloomberg","11":"tag-ciencia","12":"tag-ciencia-y-tecnologia","13":"tag-cienciaytecnologia","14":"tag-es","15":"tag-espana","16":"tag-iphone","17":"tag-lanzara","18":"tag-science","19":"tag-science-and-technology","20":"tag-scienceandtechnology","21":"tag-segun","22":"tag-spain","23":"tag-technology","24":"tag-tecnologia"},"share_on_mastodon":{"url":"https:\/\/pubeurope.com\/@es\/115566800137975794","error":""},"_links":{"self":[{"href":"https:\/\/www.europesays.com\/es\/wp-json\/wp\/v2\/posts\/241443","targetHints":{"allow":["GET"]}}],"collection":[{"href":"https:\/\/www.europesays.com\/es\/wp-json\/wp\/v2\/posts"}],"about":[{"href":"https:\/\/www.europesays.com\/es\/wp-json\/wp\/v2\/types\/post"}],"author":[{"embeddable":true,"href":"https:\/\/www.europesays.com\/es\/wp-json\/wp\/v2\/users\/2"}],"replies":[{"embeddable":true,"href":"https:\/\/www.europesays.com\/es\/wp-json\/wp\/v2\/comments?post=241443"}],"version-history":[{"count":0,"href":"https:\/\/www.europesays.com\/es\/wp-json\/wp\/v2\/posts\/241443\/revisions"}],"wp:featuredmedia":[{"embeddable":true,"href":"https:\/\/www.europesays.com\/es\/wp-json\/wp\/v2\/media\/241444"}],"wp:attachment":[{"href":"https:\/\/www.europesays.com\/es\/wp-json\/wp\/v2\/media?parent=241443"}],"wp:term":[{"taxonomy":"category","embeddable":true,"href":"https:\/\/www.europesays.com\/es\/wp-json\/wp\/v2\/categories?post=241443"},{"taxonomy":"post_tag","embeddable":true,"href":"https:\/\/www.europesays.com\/es\/wp-json\/wp\/v2\/tags?post=241443"}],"curies":[{"name":"wp","href":"https:\/\/api.w.org\/{rel}","templated":true}]}}