{"id":241445,"date":"2025-11-17T19:56:09","date_gmt":"2025-11-17T19:56:09","guid":{"rendered":"https:\/\/www.europesays.com\/es\/241445\/"},"modified":"2025-11-17T19:56:09","modified_gmt":"2025-11-17T19:56:09","slug":"el-sporting-perdio-32-millones-asi-son-los-datos-clave-en-la-situacion-economica-del-club-gestionado-por-orlegi-la-voz-de-asturias","status":"publish","type":"post","link":"https:\/\/www.europesays.com\/es\/241445\/","title":{"rendered":"El Sporting perdi\u00f3 3,2 millones, as\u00ed son los datos clave en la situaci\u00f3n econ\u00f3mica del club gestionado por Orlegi &#8211; La Voz de Asturias"},"content":{"rendered":"<ol>\n<li><a href=\"https:\/\/news.google.com\/rss\/articles\/CBMijAJBVV95cUxOQ2tGVklKSnpYLWpMUnNheHdoU1NhTGhab1JtcXZEcjFUTG5vTlRtQWRDUWluY0xUeEtkOXRuQ282THBkaktPZlV6MUVONVc2ZlVkWE0wWmh2cDVaZ191UU5ZbDBxQ3p3VHQtNlNueFJCVXlHUVhGeEJTUUxvUm5wdHVXRC1Pd2ZGTHlUSGZ4SlFDV1JJT3d0d3JZWW5aMkNWVmN3cXZwam91SmpvVm93eFZSSEN6WThHWFlETnhuTjViSHM2VFllZG9NQ3IxLTNUbzdlQzJmOXRzVjlQa2lkYm9fdDNiQWN1TEN0V0NXZVk5M2pzUVJvbFA4cElueWl1blFDSUZKSGVRZnNk0gGoAkFVX3lxTE94TjRlak5PN0NXamFVU1JBWURXdS1zcVZJanNFR29uaTM1UmU1aUY0VXJQa1NabEMwaFRzakExS3lZcXg3bnl5d0thejlNNVotNExXZTFiX1A5cnpqSWE5MDYtemhZQVFLNlZfcUk3ZXpZLUd3VVg4S0dQUVQ5MGJWWHMxdlBPNGxSN2trQ2ttVEYtTWZabWVSRXlVblNjdWZJZUgtWGFrOGN2WW94eDl2MGJFWFVHVzBaUTFYajQtc2YtR01DT0tmTjdlN3dYVDJ2V05uMHNoSjlvYXhxMlFKejhuLUg2aURqdnlHQ2Vtb01pQWRzWVhpU1MzYUJtamlkYk5FV0ZNcmdTOXluampqWnJvUTRxLXVoeGV1V1ZwenF1cVZYOWx6?oc=5\" target=\"_blank\" rel=\"nofollow noopener\">El Sporting perdi\u00f3 3,2 millones, as\u00ed son los datos clave en la situaci\u00f3n econ\u00f3mica del club gestionado por Orlegi<\/a>&nbsp;&nbsp;La Voz de Asturias<\/li>\n<li><a href=\"https:\/\/news.google.com\/rss\/articles\/CBMirwFBVV95cUxPNnVuM2JNV1pzUldPWDNxR0NNNXJQLW9acFJTQUFsNE5GVmhqMDNvbjQ3UUFIWDJWREJhUXJBX3J2S0lzOFNTTzY4Z0hqakhZRkE0QWFOUnZNWXNiWHhab0d6bUZrS1RUVDF6WGJpdTFNRzdfcmJKd2RCdmtNRE8wclpLdjZ5bVRfdzZaT2xfSmtQZjNjNVpnU1N6YUdSSURUU1VadGFwSzZnYzE1MF9N?oc=5\" target=\"_blank\" rel=\"nofollow noopener\">El Sporting reduce su d\u00e9ficit de 3,9 a 3,2 millones de euros y aumenta en un 15% la cifra de negocios<\/a>&nbsp;&nbsp;El Comercio<\/li>\n<li><a href=\"https:\/\/news.google.com\/rss\/articles\/CBMihgFBVV95cUxPMC1mMHZObWJwQXNhcDJmWWt3Q2s1VGZmUWI4Vng4a2NHYmhleWhKMVdjNnFPOUM2SXdtLVpKVzdQRVhqbnplSkpXT1J2RTNrOU1CSnkwODFodnZzb3ZiYUJuVEJ2UU04NUsxSEtHU0g0M1paalFJdl91cmVrNGZGVmpRUEJBQQ?oc=5\" target=\"_blank\" rel=\"nofollow noopener\">El Sporting de Gij\u00f3n pierde 3,2 millones de euros (y es algo menos que el ejercicio anterior)<\/a>&nbsp;&nbsp;LNE<\/li>\n<li><a href=\"https:\/\/news.google.com\/rss\/articles\/CBMinAFBVV95cUxPNUdiQ2t1WFAwVVZ3dGlha3pfdGNoYUhWcE53alJnQnNpeWhVaW82S1pRTWxJcUFjRkhoeTEwUThGOTlpNXFmWGVrWnBKMTBLT3NfQ2hGNUZKREN0Ums3ZnctRkdoWmJrdGozVFBvS1loVGdsZ3hBdE5PNTc0ZkdKakVtbDh2Z24wYldFVk11SUFieWZMZmZfa04wQVXSAbABQVVfeXFMTXFvTlNXaGx3c29GYzg2eHBPUGNNWG5JOFBLMFN1a3Zyb0xjTVY1ai1VUDFBd01YaHZwRG54dndCODFfM240bGo3OHRfWEhaTzVwVTNaMjlaZTdrN1NERDNLeXZDd0pJa3pVNlNYZXktcUY0YWh4TjdQQTlleHhHVVBCVU1nV250a3ZnVHNjcGkzdHJQYm9TNC01dzFoZ0FCM2FrWEI1bTgwanZuXzJ2d0g?oc=5\" target=\"_blank\" rel=\"nofollow noopener\">La junta de accionistas queda convocada para el 15 de diciembre<\/a>&nbsp;&nbsp;Diario AS<\/li>\n<li><a href=\"https:\/\/news.google.com\/rss\/articles\/CBMirAFBVV95cUxOQmtNOEVsNHhUa1Y1S1NoRzJzTkN1c3pqNER0eHI3WW1JUWlHSjRwdTRRQzA1MlB1R2czVFRZSTdLYmFUTEU4RUphV3JQYU9vSXhvV1pLbTB0RDdoZmRiVU1wTVZrZVRyTmVXdjVOT0lmWHU1RXdjTjNBR1VCbnJEYW5qVmRxM3ZQbzlqNlpVUEw4bUQ5WDJ5R1BIcE1lVVlkeE8yYjBqM05Vb0gy?oc=5\" target=\"_blank\" rel=\"nofollow noopener\">M\u00e1s p\u00e9rdidas y m\u00e1s volumen de negocio: Est\u00e1s son las cuentas del Sporting<\/a>&nbsp;&nbsp;Killer Asturias<\/li>\n<\/ol>\n","protected":false},"excerpt":{"rendered":"El Sporting perdi\u00f3 3,2 millones, as\u00ed son los datos clave en la situaci\u00f3n econ\u00f3mica del club gestionado por&hellip;\n","protected":false},"author":2,"featured_media":241446,"comment_status":"","ping_status":"","sticky":false,"template":"","format":"standard","meta":{"footnotes":""},"categories":[80],"tags":[82,95,94,25,24,23,4783],"class_list":{"0":"post-241445","1":"post","2":"type-post","3":"status-publish","4":"format-standard","5":"has-post-thumbnail","7":"category-economia","8":"tag-business","9":"tag-economia","10":"tag-economy","11":"tag-es","12":"tag-espana","13":"tag-spain","14":"tag-sporting-de-gijon"},"share_on_mastodon":{"url":"https:\/\/pubeurope.com\/@es\/115566803957544034","error":""},"_links":{"self":[{"href":"https:\/\/www.europesays.com\/es\/wp-json\/wp\/v2\/posts\/241445","targetHints":{"allow":["GET"]}}],"collection":[{"href":"https:\/\/www.europesays.com\/es\/wp-json\/wp\/v2\/posts"}],"about":[{"href":"https:\/\/www.europesays.com\/es\/wp-json\/wp\/v2\/types\/post"}],"author":[{"embeddable":true,"href":"https:\/\/www.europesays.com\/es\/wp-json\/wp\/v2\/users\/2"}],"replies":[{"embeddable":true,"href":"https:\/\/www.europesays.com\/es\/wp-json\/wp\/v2\/comments?post=241445"}],"version-history":[{"count":0,"href":"https:\/\/www.europesays.com\/es\/wp-json\/wp\/v2\/posts\/241445\/revisions"}],"wp:featuredmedia":[{"embeddable":true,"href":"https:\/\/www.europesays.com\/es\/wp-json\/wp\/v2\/media\/241446"}],"wp:attachment":[{"href":"https:\/\/www.europesays.com\/es\/wp-json\/wp\/v2\/media?parent=241445"}],"wp:term":[{"taxonomy":"category","embeddable":true,"href":"https:\/\/www.europesays.com\/es\/wp-json\/wp\/v2\/categories?post=241445"},{"taxonomy":"post_tag","embeddable":true,"href":"https:\/\/www.europesays.com\/es\/wp-json\/wp\/v2\/tags?post=241445"}],"curies":[{"name":"wp","href":"https:\/\/api.w.org\/{rel}","templated":true}]}}