{"id":241447,"date":"2025-11-17T19:57:12","date_gmt":"2025-11-17T19:57:12","guid":{"rendered":"https:\/\/www.europesays.com\/es\/241447\/"},"modified":"2025-11-17T19:57:12","modified_gmt":"2025-11-17T19:57:12","slug":"la-policia-alemana-dispara-a-una-nina-de-12-anos-que-les-amenazaba-con-cuchillos-en-bochum","status":"publish","type":"post","link":"https:\/\/www.europesays.com\/es\/241447\/","title":{"rendered":"La Polic\u00eda alemana dispara a una ni\u00f1a de 12 a\u00f1os que les amenazaba con cuchillos en Bochum"},"content":{"rendered":"<p>\n  Por&amp;nbsp<b>Euronews<\/b>\n<\/p>\n<p>\n         Publicado<br \/>\n            17\/11\/2025 &#8211; 12:05 CET\n            <\/p>\n<p>Una ni\u00f1a de 12 a\u00f1os, sorda y de nacionalidad alemana y serbia, viv\u00eda en un centro residencial cuando <strong>se denunci\u00f3 su desaparici\u00f3n el pasado domingo<\/strong>. Seg\u00fan informa el diario &#8216;WAZ&#8217;, una cuidadora alert\u00f3 de que la menor depend\u00eda de medicaci\u00f3n vital, lo que increment\u00f3 la urgencia de la b\u00fasqueda.<\/p>\n<p>La madre de la ni\u00f1a, tambi\u00e9n sorda, hab\u00eda perdido previamente la custodia y el derecho a decidir sobre <strong>el lugar de residencia de la menor<\/strong>. Durante la investigaci\u00f3n, la Polic\u00eda averigu\u00f3 que la ni\u00f1a se encontraba con su madre en la regi\u00f3n del Ruhr. El lunes por la noche, un grupo de agentes se present\u00f3 en su domicilio de <a href=\"https:\/\/es.euronews.com\/2020\/05\/11\/el-sector-carnico-aleman-afectado-por-los-nuevos-contagios-de-covid-19\" rel=\"nofollow noopener\" target=\"_blank\">Bochum<\/a>.<\/p>\n<p><strong>Sin respuesta en la puerta, se llam\u00f3 a un cerrajero.<\/strong> Antes de que este llegara, alrededor de las 01:30, la madre abri\u00f3 la puerta. Seg\u00fan la versi\u00f3n policial, los agentes se encontraron entonces con la ni\u00f1a, que se acerc\u00f3 a ellos empu\u00f1ando dos cuchillos.<\/p>\n<p>Ante lo que calificaron como \u00abuna amenaza inminente\u00bb, los polic\u00edas usaron simult\u00e1neamente una pistola el\u00e9ctrica y armas de fuego. Tras el forcejeo, prestaron los <strong>primeros auxilios a la menor<\/strong> hasta la llegada de los servicios sanitarios.<\/p>\n<p>La ni\u00f1a fue trasladada al hospital y <strong>se encuentra en situaci\u00f3n cr\u00edtica<\/strong> tras ser intervenida quir\u00fargicamente.<\/p>\n<p>Nuestros periodistas est\u00e1n trabajando en este art\u00edculo y a\u00f1adir\u00e1n nueva informaci\u00f3n en cuanto est\u00e9 disponible.<\/p>\n","protected":false},"excerpt":{"rendered":"Por&amp;nbspEuronews Publicado 17\/11\/2025 &#8211; 12:05 CET Una ni\u00f1a de 12 a\u00f1os, sorda y de nacionalidad alemana y serbia,&hellip;\n","protected":false},"author":2,"featured_media":241448,"comment_status":"","ping_status":"","sticky":false,"template":"","format":"standard","meta":{"footnotes":""},"categories":[42],"tags":[1660,62137,17,18,13,14,11,61,62,63,64,19,20,9,2932,10,15,16,6773,12,21,22,65,66,67],"class_list":{"0":"post-241447","1":"post","2":"type-post","3":"status-publish","4":"format-standard","5":"has-post-thumbnail","7":"category-internacional","8":"tag-alemania","9":"tag-ataque-con-cuchillos","10":"tag-breaking-news","11":"tag-breakingnews","12":"tag-featured-news","13":"tag-featurednews","14":"tag-headlines","15":"tag-internacional","16":"tag-international","17":"tag-international-news","18":"tag-internationalnews","19":"tag-latest-news","20":"tag-latestnews","21":"tag-news","22":"tag-ninos","23":"tag-noticias","24":"tag-noticias-destacadas","25":"tag-noticiasdestacadas","26":"tag-tiroteo","27":"tag-titulares","28":"tag-ultimas-noticias","29":"tag-ultimasnoticias","30":"tag-world","31":"tag-world-news","32":"tag-worldnews"},"share_on_mastodon":{"url":"https:\/\/pubeurope.com\/@es\/115566807887309595","error":""},"_links":{"self":[{"href":"https:\/\/www.europesays.com\/es\/wp-json\/wp\/v2\/posts\/241447","targetHints":{"allow":["GET"]}}],"collection":[{"href":"https:\/\/www.europesays.com\/es\/wp-json\/wp\/v2\/posts"}],"about":[{"href":"https:\/\/www.europesays.com\/es\/wp-json\/wp\/v2\/types\/post"}],"author":[{"embeddable":true,"href":"https:\/\/www.europesays.com\/es\/wp-json\/wp\/v2\/users\/2"}],"replies":[{"embeddable":true,"href":"https:\/\/www.europesays.com\/es\/wp-json\/wp\/v2\/comments?post=241447"}],"version-history":[{"count":0,"href":"https:\/\/www.europesays.com\/es\/wp-json\/wp\/v2\/posts\/241447\/revisions"}],"wp:featuredmedia":[{"embeddable":true,"href":"https:\/\/www.europesays.com\/es\/wp-json\/wp\/v2\/media\/241448"}],"wp:attachment":[{"href":"https:\/\/www.europesays.com\/es\/wp-json\/wp\/v2\/media?parent=241447"}],"wp:term":[{"taxonomy":"category","embeddable":true,"href":"https:\/\/www.europesays.com\/es\/wp-json\/wp\/v2\/categories?post=241447"},{"taxonomy":"post_tag","embeddable":true,"href":"https:\/\/www.europesays.com\/es\/wp-json\/wp\/v2\/tags?post=241447"}],"curies":[{"name":"wp","href":"https:\/\/api.w.org\/{rel}","templated":true}]}}