{"id":241451,"date":"2025-11-17T19:59:16","date_gmt":"2025-11-17T19:59:16","guid":{"rendered":"https:\/\/www.europesays.com\/es\/241451\/"},"modified":"2025-11-17T19:59:16","modified_gmt":"2025-11-17T19:59:16","slug":"el-asesino-de-buesa-queda-en-libertad-tras-25-anos-en-la-carcel","status":"publish","type":"post","link":"https:\/\/www.europesays.com\/es\/241451\/","title":{"rendered":"El asesino de Buesa queda en libertad tras 25 a\u00f1os en la c\u00e1rcel"},"content":{"rendered":"<p>Asier Carrera, el miembro de ETA que accion\u00f3 el mando a distancia del explosivo que mat\u00f3 en 2000 a Fernando Buesa y su escolta Jorge  &#8230; D\u00edez en Vitoria, ha quedado en libertad condicional este lunes tras 25 a\u00f1os en prisi\u00f3n. El asesino del dirigente socialista logr\u00f3 hace ya dos a\u00f1os el tercer grado, aunque la Audiencia Nacional revoc\u00f3 la decisi\u00f3n del Gobierno vasco por \u00abprematura\u00bb y le oblig\u00f3 a volver a prisi\u00f3n. Desde enero de 2024 cumpl\u00eda su pena por medios telem\u00e1ticos.<\/p>\n<p class=\"v-p\">Carrera y su compa\u00f1ero del &#8216;comando Ituren&#8217; Luis Mari\u00f1elarena fueron condenados a 100 a\u00f1os de prisi\u00f3n por el asesinato del exvicelehendakari del PSE-EE y el ertzaina que lo escoltaba. Seg\u00fan la sentencia, siguieron instrucciones de Francisco Javier Garc\u00eda Gaztelu, &#8216;Txapote&#8217;, para acabar con la vida del tambi\u00e9n exdiputado general de \u00c1lava. El 22 de febrero de 2000, aparcaron una furgoneta con 20 kilos de explosivo en las cercan\u00edas de la casa de Buesa y a su paso accionaron la bomba mediante un sistema de radiofrecuencia.<\/p>\n<p class=\"v-p\">La brutal explosi\u00f3n caus\u00f3 la muerte inmediata tanto del pol\u00edtico como de su escolta por politraumatismos y rotura de \u00f3rganos vitales. Se conden\u00f3 a ambos por los delitos de asesinatos, lesiones, tenencia de armas, estragos y violencia. Despu\u00e9s la Audiencia Nacional tambi\u00e9n les juzg\u00f3 y conden\u00f3 por intentar atentar contra el entonces diputado general de \u00c1lava, Ram\u00f3n Rabanera (PP).<\/p>\n<p class=\"v-p\">En febrero de 2023, ese mismo tribunal revoc\u00f3 el tercer grado que le hab\u00eda concedido meses antes el Departamento de Justicia del Gobierno vasco, entonces en manos del PNV. La jueza de Vigilancia Penitenciaria Mar\u00eda Reyes Jimeno tom\u00f3 esta decisi\u00f3n a pesar de que admit\u00eda que el miembro de la banda ha tenido una evoluci\u00f3n \u00abpositiva\u00bb. Aun as\u00ed, consider\u00f3 que otorgarle el tercer grado era un paso \u00abprematuro\u00bb porque \u00abno obran informes t\u00e9cnicos contundentes ni suficientes\u00bb.<\/p>\n<p class=\"v-p\">A pesar de que la jueza admit\u00eda el escrito por el que Carrera reconoc\u00eda \u00abel da\u00f1o causado a las v\u00edctimas de los hechos\u00bb por los que fue condenado, asegur\u00f3 que no se puede \u00abolvidar\u00bb que el etarra hab\u00eda sido valorado recientemente por la Sala de Apelaci\u00f3n, que lo ve\u00eda \u00abinsuficiente para el inicio de los permisos ordinarios de salida\u00bb.<\/p>\n","protected":false},"excerpt":{"rendered":"Asier Carrera, el miembro de ETA que accion\u00f3 el mando a distancia del explosivo que mat\u00f3 en 2000&hellip;\n","protected":false},"author":2,"featured_media":241452,"comment_status":"","ping_status":"","sticky":false,"template":"","format":"standard","meta":{"footnotes":""},"categories":[5],"tags":[988,19521,17,18,39305,4280,25,24,13,14,11,19,20,5085,9,10,15,16,3041,23,12,575,21,22],"class_list":{"0":"post-241451","1":"post","2":"type-post","3":"status-publish","4":"format-standard","5":"has-post-thumbnail","7":"category-titulares","8":"tag-anos","9":"tag-asesino","10":"tag-breaking-news","11":"tag-breakingnews","12":"tag-buesa","13":"tag-carcel","14":"tag-es","15":"tag-espana","16":"tag-featured-news","17":"tag-featurednews","18":"tag-headlines","19":"tag-latest-news","20":"tag-latestnews","21":"tag-libertad","22":"tag-news","23":"tag-noticias","24":"tag-noticias-destacadas","25":"tag-noticiasdestacadas","26":"tag-queda","27":"tag-spain","28":"tag-titulares","29":"tag-tras","30":"tag-ultimas-noticias","31":"tag-ultimasnoticias"},"share_on_mastodon":{"url":"https:\/\/pubeurope.com\/@es\/115566815710095170","error":""},"_links":{"self":[{"href":"https:\/\/www.europesays.com\/es\/wp-json\/wp\/v2\/posts\/241451","targetHints":{"allow":["GET"]}}],"collection":[{"href":"https:\/\/www.europesays.com\/es\/wp-json\/wp\/v2\/posts"}],"about":[{"href":"https:\/\/www.europesays.com\/es\/wp-json\/wp\/v2\/types\/post"}],"author":[{"embeddable":true,"href":"https:\/\/www.europesays.com\/es\/wp-json\/wp\/v2\/users\/2"}],"replies":[{"embeddable":true,"href":"https:\/\/www.europesays.com\/es\/wp-json\/wp\/v2\/comments?post=241451"}],"version-history":[{"count":0,"href":"https:\/\/www.europesays.com\/es\/wp-json\/wp\/v2\/posts\/241451\/revisions"}],"wp:featuredmedia":[{"embeddable":true,"href":"https:\/\/www.europesays.com\/es\/wp-json\/wp\/v2\/media\/241452"}],"wp:attachment":[{"href":"https:\/\/www.europesays.com\/es\/wp-json\/wp\/v2\/media?parent=241451"}],"wp:term":[{"taxonomy":"category","embeddable":true,"href":"https:\/\/www.europesays.com\/es\/wp-json\/wp\/v2\/categories?post=241451"},{"taxonomy":"post_tag","embeddable":true,"href":"https:\/\/www.europesays.com\/es\/wp-json\/wp\/v2\/tags?post=241451"}],"curies":[{"name":"wp","href":"https:\/\/api.w.org\/{rel}","templated":true}]}}