{"id":241455,"date":"2025-11-17T20:07:09","date_gmt":"2025-11-17T20:07:09","guid":{"rendered":"https:\/\/www.europesays.com\/es\/241455\/"},"modified":"2025-11-17T20:07:09","modified_gmt":"2025-11-17T20:07:09","slug":"el-baloncesto-balear-recupera-su-gran-fiesta","status":"publish","type":"post","link":"https:\/\/www.europesays.com\/es\/241455\/","title":{"rendered":"El baloncesto balear recupera su gran fiesta"},"content":{"rendered":"<p>El deporte de la canasta recupera su gran fiesta. Ser\u00e1 <strong>este viernes, 21 de noviembre, en el Hipotels Convention Centre de la Playa de Palma, donde tendr\u00e1 lugar la Gala del B\u00e0squet Balear 2025<\/strong>, un evento promovido por la Fundaci\u00f3 FEBIB 1935 y la Federaci\u00f3 de B\u00e0squet de les Illes Balears, que reunir\u00e1n a los diferentes estamentos para reconocer los m\u00e9ritos de diferentes deportistas, clubes, \u00e1rbitros, entrenadores, patrocinadores y personalidades que han ayudado al crecimiento y difusi\u00f3n del <a href=\"https:\/\/www.ultimahora.es\/etiqueta\/baloncesto.html?utm_source=Inline-tag&amp;utm_medium=internal\" rel=\"nofollow noopener\" target=\"_blank\">baloncesto<\/a>.<\/p>\n<p>Los reconocimientos a <strong>los mejores jugadores de la temporada recaen en <a href=\"https:\/\/www.ultimahora.es\/etiqueta\/Sergio+Llull.html?utm_source=Inline-tag&amp;utm_medium=internal\" rel=\"nofollow noopener\" target=\"_blank\">Sergio Llull<\/a>, capit\u00e1n del Real Madrid y que anunci\u00f3 su despedida de la selecci\u00f3n espa\u00f1ola tras m\u00e1s de una d\u00e9cada de \u00e9xitos y medallas, junto a la alero &#8216;binissalemera&#8217; <a href=\"https:\/\/www.ultimahora.es\/etiqueta\/Alba+Torrens.html?utm_source=Inline-tag&amp;utm_medium=internal\" rel=\"nofollow noopener\" target=\"_blank\">Alba Torrens<\/a>, subcampeona de Europa<\/strong> con el equipo nacional y campeona de la Liga Endesa Femenina con el Valencia Basket. Las progresiones m\u00e1s notables recayeron en <strong><a href=\"https:\/\/www.ultimahora.es\/etiqueta\/Helena+Pueyo.html?utm_source=Inline-tag&amp;utm_medium=internal\" rel=\"nofollow noopener\" target=\"_blank\">Helena Pueyo<\/a>, que debut\u00f3 con la selecci\u00f3n absoluta<\/strong>, fue plata en el Eurobasket junto a Torrens, y en la Euroliga con el Casademont Zaragoza, y en <strong>Adri\u00e1n Torres, jugador del Joventut<\/strong>, quien debut\u00f3 en ACB y la Eurocup, adem\u00e1s de ser subcampe\u00f3n del mundo de 3&#215;3 Sub 18. <strong>Los jugadores con licencia <a href=\"https:\/\/www.ultimahora.es\/etiqueta\/FBIB.html?utm_source=Inline-tag&amp;utm_medium=internal\" rel=\"nofollow noopener\" target=\"_blank\">FBIB<\/a> m\u00e1s notables del curso han sido Xavi Balle y Paula Valenzuela, campeona de Europa sub 16<\/strong>.<\/p>\n<p><strong>En el cap\u00edtulo arbitral, David Costa y Marta Segu\u00ed<\/strong> ser\u00e1n los premiados en la Gala del B\u00e0squet Balear, al igual que<strong> Jos\u00e9 Luis Alberola y As Garc\u00eda en la parcela de t\u00e9cnicos<\/strong>. El reconocimiento al <strong>gesto o valor deportivo recaer\u00e1 en V\u00edctor Eguriase<\/strong> y el tributo al compromiso en la figura de Toni S\u00e1nchez. La labor social de L<strong>a Salle Vidalba<\/strong> merecer\u00e1 tambi\u00e9n un reconocimiento durante la velada, en la que se pondr\u00e1 en valor el apoyo institucional del<strong> Ajuntament d&#8217;Eivissa<\/strong>, adem\u00e1s del <strong>compromiso de la familia Llull e Hipotels<\/strong> con el mundo del baloncesto y la FBIB. Tambi\u00e9n se reconocer\u00e1 la labor de difusi\u00f3n del baloncesto en la sociedad del redactor de \u00daltima Hora, Fernando Fern\u00e1ndez.<\/p>\n","protected":false},"excerpt":{"rendered":"El deporte de la canasta recupera su gran fiesta. Ser\u00e1 este viernes, 21 de noviembre, en el Hipotels&hellip;\n","protected":false},"author":2,"featured_media":241456,"comment_status":"","ping_status":"","sticky":false,"template":"","format":"standard","meta":{"footnotes":""},"categories":[269],"tags":[11513,299,298,168,25,24,301,832,833,62138,22306,830,831,1692,23,167],"class_list":{"0":"post-241455","1":"post","2":"type-post","3":"status-publish","4":"format-standard","5":"has-post-thumbnail","7":"category-baloncesto","8":"tag-alba-torrens","9":"tag-baloncesto","10":"tag-basketball","11":"tag-deportes","12":"tag-es","13":"tag-espana","14":"tag-eurobasket","15":"tag-eurocup","16":"tag-euroliga","17":"tag-fbib","18":"tag-helena-pueyo","19":"tag-leb-oro","20":"tag-liga-acb","21":"tag-sergio-llull","22":"tag-spain","23":"tag-sports"},"share_on_mastodon":{"url":"https:\/\/pubeurope.com\/@es\/115566847302678161","error":""},"_links":{"self":[{"href":"https:\/\/www.europesays.com\/es\/wp-json\/wp\/v2\/posts\/241455","targetHints":{"allow":["GET"]}}],"collection":[{"href":"https:\/\/www.europesays.com\/es\/wp-json\/wp\/v2\/posts"}],"about":[{"href":"https:\/\/www.europesays.com\/es\/wp-json\/wp\/v2\/types\/post"}],"author":[{"embeddable":true,"href":"https:\/\/www.europesays.com\/es\/wp-json\/wp\/v2\/users\/2"}],"replies":[{"embeddable":true,"href":"https:\/\/www.europesays.com\/es\/wp-json\/wp\/v2\/comments?post=241455"}],"version-history":[{"count":0,"href":"https:\/\/www.europesays.com\/es\/wp-json\/wp\/v2\/posts\/241455\/revisions"}],"wp:featuredmedia":[{"embeddable":true,"href":"https:\/\/www.europesays.com\/es\/wp-json\/wp\/v2\/media\/241456"}],"wp:attachment":[{"href":"https:\/\/www.europesays.com\/es\/wp-json\/wp\/v2\/media?parent=241455"}],"wp:term":[{"taxonomy":"category","embeddable":true,"href":"https:\/\/www.europesays.com\/es\/wp-json\/wp\/v2\/categories?post=241455"},{"taxonomy":"post_tag","embeddable":true,"href":"https:\/\/www.europesays.com\/es\/wp-json\/wp\/v2\/tags?post=241455"}],"curies":[{"name":"wp","href":"https:\/\/api.w.org\/{rel}","templated":true}]}}