{"id":241459,"date":"2025-11-17T20:09:16","date_gmt":"2025-11-17T20:09:16","guid":{"rendered":"https:\/\/www.europesays.com\/es\/241459\/"},"modified":"2025-11-17T20:09:16","modified_gmt":"2025-11-17T20:09:16","slug":"jubilarse-es-morirse-un-poco-en-mi-caso","status":"publish","type":"post","link":"https:\/\/www.europesays.com\/es\/241459\/","title":{"rendered":"Jubilarse es morirse un poco, en mi caso"},"content":{"rendered":"<p id=\"eJhn_UaP8D\" data-wc=\"131\">Cuando en 1975 grab\u00f3 su primer disco, <strong>Paloma San Basilio\u00a0<\/strong>no pod\u00eda imaginar que estaba ante los comienzos de una carrera que har\u00eda historia y que le dar\u00eda grandes satisfacciones. Una trayectoria larga en la que ha recibido reconocimientos como un Grammy Latino o una Medalla de Oro al M\u00e9rito en las Bellas Artes. Tras medio siglo volcada en la m\u00fasica, ha decidido decir adi\u00f3s. O mejor dicho, hasta luego. Porque ha decidido que es momento de volcarse en otra de sus grandes pasiones: la interpretaci\u00f3n. <strong>Est\u00e1 inmersa en la gira con la que se despide de los conciertos, al mismo tiempo que se entrega a otro escenario, el del teatro.<\/strong> Un proyecto muy emocionante que la conecta con el pasado y en el que forma equipo con su \u00fanica hija.\u00a0<\/p>\n<p> <img src=\"https:\/\/www.europesays.com\/es\/wp-content\/uploads\/2025\/11\/e4e6c2d2c5f6-psb.jpg\"   width=\"1024\" height=\"576\" loading=\"lazy\" decoding=\"async\" alt=\"Paloma San Basilio en el plat\u00f3 de 'Y ahora Sonsoles'\" fetchpriority=\"auto\" class=\"image ho-image\"\/>\u00a9 Antena3Paloma San Basilio en el plat\u00f3 de &#8216;Y ahora Sonsoles&#8217;<\/p>\n<p id=\"exY1GT3mbi\" data-wc=\"100\">El a\u00f1o pasado, la int\u00e9rprete de Juntos, Por ti volar\u00e9 y Cari\u00f1o m\u00edo\u00a0decidi\u00f3 decir adi\u00f3s a los escenarios y comenz\u00f3 a preparar una gira llamada Gracias, con la que ha recorrido Espa\u00f1a y Am\u00e9rica, con entadas agotadas en muchas de las fechas y que tendr\u00e1 su broche de oro en abril de 2026 en Miami. Una experiencia \u00fanica que<strong>\u00a0la ha llevado a trabajar por primera vez con Ivana G\u00f3mez, permitiendo as\u00ed que madre e hija se unan m\u00e1s que nunca<\/strong>. Porque emocionalmente siempre han sido una pi\u00f1a, pero f\u00edsicamente sus vidas se han desarrollado a miles de kil\u00f3metros.<\/p>\n<p> <img src=\"https:\/\/www.europesays.com\/es\/wp-content\/uploads\/2025\/11\/dbd16e3dc6df-happy-birthday-to-the-most-beautiful-soul-most-amazing-mom-and-grandma-i-love.jpg\"   width=\"819\" height=\"1024\" loading=\"lazy\" decoding=\"async\" alt=\"La artista con su hija Ivana, que ha heredado su talento musical\" fetchpriority=\"auto\" class=\"image ho-image\"\/>\u00a9 ivanasanbasilioLa artista con su hija Ivana, que ha heredado su talento musical<\/p>\n<p id=\"eVc3ALrBpGQ\" data-wc=\"93\">\u00abElla se fue muy pronto a Estados Unidos. Hemos estado bastante separadas, a pesar de que hablamos todos los d\u00edas y yo voy siempre que puedo. Me dijo: mam\u00e1, si vas a hacer otras cosas, haz una gira de despedida para agradecer al p\u00fablico que me haya acompa\u00f1ado tanto tiempo. Empec\u00e9 a prepararla con ella en Los \u00c1ngeles y <strong>como canta que te puedes morir, le dije que se viniera conmigo. Se ha venido toda la gira. Es algo que nos deb\u00edamos\u00bb<\/strong>, ha contado durante su visita al plat\u00f3 de Y ahora Sonsoles.<\/p>\n<p id=\"ejUKS0RAkE\" data-wc=\"83\">La artista, que estudi\u00f3 Filosof\u00eda y Psicolog\u00eda, est\u00e1 muy feliz de haber compartido con su hija esta experiencia. \u00abHa sido maravilloso y a veces dif\u00edcil, porque no estamos acostumbradas a convivir tanto tiempo. Igual ella se levanta m\u00e1s tarde, yo hago todo mu r\u00e1pido y ella necesita m\u00e1s tiempo, ella es vegana&#8230; ha sido tan bonita esa fusi\u00f3n&#8230; <strong>Todo se ha convertido en amor, no ha habido impedimentos ni confrontaciones<\/strong>\u00ab, ha relatado sobre Ivana, que la ha convertido en abuela en dos ocasiones.<\/p>\n<p> <img src=\"https:\/\/www.europesays.com\/es\/wp-content\/uploads\/2025\/11\/9ca68ec9f50f-gettyimages-2218817362.jpg\"   width=\"1024\" height=\"682\" loading=\"lazy\" decoding=\"async\" alt=\"Paloma San Basilio despidi\u00e9ndose del p\u00fablico de Madrid\" fetchpriority=\"auto\" class=\"image ho-image\"\/>\u00a9 Getty ImagesPaloma San Basilio despidi\u00e9ndose del p\u00fablico de Madrid<\/p>\n<p id=\"e128_Q4_de\" data-wc=\"79\">Tan buen equipo han formado que contin\u00faan sumando talento en la nueva ilusi\u00f3n de Paloma San Basilio: Dulcinea, obra de teatro que finaliza con una canci\u00f3n compuesta por Ivana. La artista se pone \u00abal servicio de una historia preciosa\u00bb y de un personaje que ya interpret\u00f3 d\u00e9cadas atr\u00e1s. El montaje, que tiene cerradas 130 funciones por toda Espa\u00f1a, est\u00e1 dirigido por Juan Carlos Rubio y<strong>\u00a0cuenta con la voz de su gran amigo Jos\u00e9 Sacrist\u00e1n, Goya de Honor 2022.<\/strong><\/p>\n<p id=\"eg931Lkp_Q\" data-wc=\"102\">Paloma, que trabaj\u00f3 tambi\u00e9n como c\u00e1mara de televisi\u00f3n, cumplir\u00e1 75 a\u00f1os el pr\u00f3ximo 22 de noviembre, d\u00eda en el que actuar\u00e1 en Santander. No contempla retirarse y se enfoca ahora en el teatro. \u00abNo pienso irme de ning\u00fan lado. <strong>Lo de la jubilaci\u00f3n ni lo tengo en cuenta. Jubilarse es morirse un poco, en mi caso.<\/strong> Yo me lo estoy pasando bomba y estoy haciendo algo que ten\u00eda ganas de hacer hace mucho y que seguramente no hubiese sido capaz de hacerlo con 50 o con 60 y ahora s\u00ed me atrevo. Estoy feliz de ese riesgo y ese salto\u00bb, ha indicado.<\/p>\n<p>Su faceta m\u00e1s desconocida<\/p>\n<p id=\"erdHBPa3z6\" data-wc=\"108\">Detr\u00e1s de la estrella se encuentra la persona. Paloma es una mujer que ha roto moldes, polifac\u00e9tica, independiente y muy familiar. Prepara<a class=\"hm-link ho-link\" href=\"https:\/\/www.hola.com\/actualidad\/20231011241615\/asi-es-la-vida-de-paloma-san-basilio-en-la-actualidad\/\" data-mrf-recirculation=\"article-body-link\" rel=\"nofollow noopener\" target=\"_blank\">\u00a0nueva mudanza<\/a> ( ya van 33), le gusta pasar tiempo con los suyos y presume de ser abuela e incluso \u00abt\u00eda bisabuela\u00bb. \u00a0Uno de los momentos m\u00e1s dif\u00edciles de su vida fue cuando en 2020 perdi\u00f3 a su inseparable hermana a causa de la crisis sanitaria. <strong>\u00abLo peor es la sensaci\u00f3n de que no ten\u00eda que haberse ido\u00bb,<\/strong> ha dicho sin poder evitar emocionarse. De aquella situaci\u00f3n naci\u00f3\u00a0Uxoa, el secreto del valle, un libro que le ense\u00f1o que \u00abde una p\u00e9rdida, puede salir la vida\u00bb.<\/p>\n","protected":false},"excerpt":{"rendered":"Cuando en 1975 grab\u00f3 su primer disco, Paloma San Basilio\u00a0no pod\u00eda imaginar que estaba ante los comienzos de&hellip;\n","protected":false},"author":2,"featured_media":241460,"comment_status":"","ping_status":"","sticky":false,"template":"","format":"standard","meta":{"footnotes":""},"categories":[174],"tags":[517,255,146,147,25,24,256,23,807],"class_list":{"0":"post-241459","1":"post","2":"type-post","3":"status-publish","4":"format-standard","5":"has-post-thumbnail","7":"category-famosos","8":"tag-actualidad","9":"tag-celebrities","10":"tag-entertainment","11":"tag-entretenimiento","12":"tag-es","13":"tag-espana","14":"tag-famosos","15":"tag-spain","16":"tag-television"},"share_on_mastodon":{"url":"https:\/\/pubeurope.com\/@es\/115566855413963691","error":""},"_links":{"self":[{"href":"https:\/\/www.europesays.com\/es\/wp-json\/wp\/v2\/posts\/241459","targetHints":{"allow":["GET"]}}],"collection":[{"href":"https:\/\/www.europesays.com\/es\/wp-json\/wp\/v2\/posts"}],"about":[{"href":"https:\/\/www.europesays.com\/es\/wp-json\/wp\/v2\/types\/post"}],"author":[{"embeddable":true,"href":"https:\/\/www.europesays.com\/es\/wp-json\/wp\/v2\/users\/2"}],"replies":[{"embeddable":true,"href":"https:\/\/www.europesays.com\/es\/wp-json\/wp\/v2\/comments?post=241459"}],"version-history":[{"count":0,"href":"https:\/\/www.europesays.com\/es\/wp-json\/wp\/v2\/posts\/241459\/revisions"}],"wp:featuredmedia":[{"embeddable":true,"href":"https:\/\/www.europesays.com\/es\/wp-json\/wp\/v2\/media\/241460"}],"wp:attachment":[{"href":"https:\/\/www.europesays.com\/es\/wp-json\/wp\/v2\/media?parent=241459"}],"wp:term":[{"taxonomy":"category","embeddable":true,"href":"https:\/\/www.europesays.com\/es\/wp-json\/wp\/v2\/categories?post=241459"},{"taxonomy":"post_tag","embeddable":true,"href":"https:\/\/www.europesays.com\/es\/wp-json\/wp\/v2\/tags?post=241459"}],"curies":[{"name":"wp","href":"https:\/\/api.w.org\/{rel}","templated":true}]}}