{"id":241461,"date":"2025-11-17T20:10:47","date_gmt":"2025-11-17T20:10:47","guid":{"rendered":"https:\/\/www.europesays.com\/es\/241461\/"},"modified":"2025-11-17T20:10:47","modified_gmt":"2025-11-17T20:10:47","slug":"el-museo-del-louvre-cierra-al-publico-una-de-sus-galerias-por-la-fragilidad-de-algunas-vigas-en-el-edificio-cultura","status":"publish","type":"post","link":"https:\/\/www.europesays.com\/es\/241461\/","title":{"rendered":"El Museo del Louvre cierra al p\u00fablico una de sus galer\u00edas por \u201cla fragilidad de algunas vigas\u201d en el edificio | Cultura"},"content":{"rendered":"<p class=\"\">El <a href=\"https:\/\/elpais.com\/noticias\/museo-louvre\/\" target=\"_blank\" rel=\"noreferrer nofollow noopener\" title=\"https:\/\/elpais.com\/noticias\/museo-louvre\/\">Museo del Louvre<\/a> anunci\u00f3 este lunes el cierre al p\u00fablico \u201cel tiempo que sea necesario\u201d de la galer\u00eda Campana, que alberga nueve salas dedicadas a la cer\u00e1mica griega, por la \u201cfragilidad de algunas vigas\u201d del edificio en el ala sur, la Sully, seg\u00fan un comunicado. En otra de las galer\u00edas de esta zona del museo es donde se produjo hace un mes <a href=\"https:\/\/elpais.com\/cultura\/2025-10-20\/las-claves-del-robo-en-el-louvre-siete-minutos-cuatro-asaltantes-y-una-escalera-para-acceder-a-las-joyas-de-la-corona.html\" target=\"_blank\" rel=\"noreferrer nofollow noopener\" title=\"https:\/\/elpais.com\/cultura\/2025-10-20\/las-claves-del-robo-en-el-louvre-siete-minutos-cuatro-asaltantes-y-una-escalera-para-acceder-a-las-joyas-de-la-corona.html\">el ins\u00f3lito robo de las ocho joyas de Napole\u00f3n<\/a>, perpetrado por cuatro hombres que accedieron a la Galer\u00eda Apolo, donde estaban las piezas sustra\u00eddas, trepando por una escalera.<\/p>\n<p class=\"\">La clausura de la galer\u00eda Campana se hace \u201ccomo medida de precauci\u00f3n\u201d hasta que se analice este problema. \u201cDentro del llamado complejo Sully, el segundo piso ha estado sujeto a una vigilancia especial durante varios a\u00f1os\u201d, dice la pinacoteca en su nota.<\/p>\n<p>M\u00e1s informaci\u00f3n<\/p>\n<p class=\"\">Justifica su decisi\u00f3n en las conclusiones de un informe de una consultora t\u00e9cnica, que se les comunic\u00f3 el pasado viernes: \u201cDado su complejo dise\u00f1o arquitect\u00f3nico y de las obras estructurales y de mejora realizadas en 1930, los suelos del segundo piso del ala presentan deficiencias\u201d. El espacio alberga las oficinas de 65 trabajadores del museo, que tendr\u00e1n que abandonar las instalaciones antes del mi\u00e9rcoles.<\/p>\n<p class=\"\">La clausura agrava la pol\u00e9mica <a href=\"https:\/\/elpais.com\/cultura\/2025-10-20\/las-joyas-robadas-del-louvre-simbolos-del-apogeo-de-francia-y-dificiles-de-vender.html\" target=\"_blank\" rel=\"noreferrer nofollow noopener\" title=\"https:\/\/elpais.com\/cultura\/2025-10-20\/las-joyas-robadas-del-louvre-simbolos-del-apogeo-de-francia-y-dificiles-de-vender.html\">tras el robo de las joyas de la Corona<\/a> y despu\u00e9s de la publicaci\u00f3n de un demoledor <a href=\"https:\/\/elpais.com\/cultura\/2025-10-20\/un-informe-del-tribunal-de-cuentas-frances-revela-fallos-en-la-seguridad-del-museo-del-louvre.html\" target=\"_blank\" rel=\"noreferrer nofollow noopener\" title=\"https:\/\/elpais.com\/cultura\/2025-10-20\/un-informe-del-tribunal-de-cuentas-frances-revela-fallos-en-la-seguridad-del-museo-del-louvre.html\">informe del Tribunal de Cuentas de Francia<\/a>, que critica la gesti\u00f3n realizada por la direcci\u00f3n del museo entre 2018 y 2024. El organismo denunciaba que la pinacoteca <a href=\"https:\/\/elpais.com\/cultura\/2025-11-06\/el-tribunal-de-cuentas-de-francia-dice-que-el-louvre-prefirio-adquirir-obras-a-invertir-en-seguridad.html\" target=\"_blank\" rel=\"noreferrer nofollow noopener\" title=\"https:\/\/elpais.com\/cultura\/2025-11-06\/el-tribunal-de-cuentas-de-francia-dice-que-el-louvre-prefirio-adquirir-obras-a-invertir-en-seguridad.html\">hab\u00eda priorizado la compra de obras de arte a la inversi\u00f3n en mantenimiento y renovaci\u00f3n de sus instalaciones<\/a>.<\/p>\n<p class=\"\">El Museo est\u00e1 ahora bajo la lupa. Desde que se produjo el robo, <a href=\"https:\/\/elpais.com\/cultura\/2025-10-22\/la-presidenta-del-louvre-el-robo-es-una-herida-inmensa-hemos-fracasado.html\" target=\"_blank\" rel=\"noreferrer nofollow noopener\" title=\"https:\/\/elpais.com\/cultura\/2025-10-22\/la-presidenta-del-louvre-el-robo-es-una-herida-inmensa-hemos-fracasado.html\">su presidenta, Laurence de Cars<\/a>, se ha defendido alegando que eran conscientes de las deficiencias en seguridad que ten\u00eda el edificio y que, por ello, entre 2023 y 2025 se hab\u00edan instalado c\u00e1maras de seguridad suplementarias. Tambi\u00e9n critic\u00f3 la dureza del informe del Tribunal.<\/p>\n<p class=\"\">La Galer\u00eda Campana lleva el nombre del marqu\u00e9s italiano Giampietro Campana, que ten\u00eda una de las mayores colecciones privadas de cer\u00e1mica de Europa. Detenido en 1857 por malversaci\u00f3n de fondos, su colecci\u00f3n fue confiscada y puesta en venta. Napole\u00f3n III se hizo con parte, la que se muestra hoy en esta galer\u00eda del Louvre, que se inaugur\u00f3 en 1863.<\/p>\n<p class=\"\">En el ala Sully, al sur, tuvo lugar el pasado 19 de octubre el robo de las joyas de Napole\u00f3n. A plena luz del d\u00eda un comando de cuatro hombres trep\u00f3 por una escalera al balc\u00f3n que da acceso a la Galer\u00eda Apolo y, armados con radiales, rompieron las vitrinas donde se encontraban estas piezas, se las llevaron y salieron por donde hab\u00edan entrado. Un atraco que dur\u00f3 siete minutos.<\/p>\n<p><img decoding=\"auto\" class=\"_re lazyload a_m-h\" height=\"233\"  width=\"414\"  src=\"https:\/\/www.europesays.com\/es\/wp-content\/uploads\/2025\/11\/LX72NJTE3ZAMFJESBE4D5VAELE.jpg\" loading=\"lazy\"\/>Agentes de polic\u00eda junto a la escalera de mudanzas utilizada por los ladrones para entrar en el Louvre, el d\u00eda 19 de octubre.DPA v\u00eda Europa Press  (DPA v\u00eda Europa Press)<\/p>\n<p class=\"\">Una semana despu\u00e9s <a href=\"https:\/\/elpais.com\/cultura\/2025-11-01\/una-mujer-de-38-anos-entre-los-detenidos-por-el-robo-del-louvre.html\" target=\"_blank\" rel=\"noreferrer nofollow noopener\" title=\"https:\/\/elpais.com\/cultura\/2025-11-01\/una-mujer-de-38-anos-entre-los-detenidos-por-el-robo-del-louvre.html\">se detuvo a algunos de los miembros del comando<\/a> (actualmente hay cuatro personas en prisi\u00f3n), pero las joyas, <a href=\"https:\/\/elpais.com\/cultura\/2025-10-21\/la-fiscalia-fija-en-88-millones-de-euros-el-valor-de-los-objetos-robados-en-el-louvre.html\" target=\"_blank\" rel=\"noreferrer nofollow noopener\" title=\"https:\/\/elpais.com\/cultura\/2025-10-21\/la-fiscalia-fija-en-88-millones-de-euros-el-valor-de-los-objetos-robados-en-el-louvre.html\">valoradas en 88 millones de euros<\/a> pero de un valor patrimonial incalculable, siguen sin aparecer. <a href=\"https:\/\/elpais.com\/cultura\/2025-10-20\/las-joyas-robadas-del-louvre-simbolos-del-apogeo-de-francia-y-dificiles-de-vender.html\" target=\"_blank\" rel=\"noreferrer nofollow noopener\" title=\"https:\/\/elpais.com\/cultura\/2025-10-20\/las-joyas-robadas-del-louvre-simbolos-del-apogeo-de-francia-y-dificiles-de-vender.html\">Se sospecha que se han podido desmontar, para fundir los metales preciosos y venderlos por separado.<\/a><\/p>\n<p class=\"\">En el centro de la pol\u00e9mica, la presidenta del Louvre compareci\u00f3 ante el Senado y tambi\u00e9n rindi\u00f3 cuentas hace una semana ante un consejo de administraci\u00f3n extraordinario en el que anuncio un aumento de las medidas de seguridad. Este mi\u00e9rcoles comparece ante la comisi\u00f3n de asuntos culturales de la Asamblea Nacional.<\/p>\n<p class=\"\">Laurence des Cars, que asumi\u00f3 las riendas de la pinacoteca en 2021, justifica que ya alert\u00f3 a la ministra de Cultura, Rachida Dati, sobre el estado de deterioro de algunas zonas del museo y \u201cla multiplicaci\u00f3n de da\u00f1os en algunos espacios ya muy degradados\u201d. Poco despu\u00e9s, el presidente Emmanuel Macron anunci\u00f3 un proyecto de renovaci\u00f3n y modernizaci\u00f3n, que incluye el espacio Sully. El Louvre es el museo m\u00e1s grande del mundo y el m\u00e1s visitado, con casi nueve millones de visitantes cada a\u00f1o.<\/p>\n","protected":false},"excerpt":{"rendered":"El Museo del Louvre anunci\u00f3 este lunes el cierre al p\u00fablico \u201cel tiempo que sea necesario\u201d de la&hellip;\n","protected":false},"author":2,"featured_media":241462,"comment_status":"","ping_status":"","sticky":false,"template":"","format":"standard","meta":{"footnotes":""},"categories":[173],"tags":[229,233,231,230,209,232,234,146,147,25,24,241,317,41530,3873,17948,4759,23],"class_list":{"0":"post-241461","1":"post","2":"type-post","3":"status-publish","4":"format-standard","5":"has-post-thumbnail","7":"category-arte-y-diseno","8":"tag-arte","9":"tag-arte-y-diseno","10":"tag-arts","11":"tag-arts-and-design","12":"tag-cultura","13":"tag-design","14":"tag-diseno","15":"tag-entertainment","16":"tag-entretenimiento","17":"tag-es","18":"tag-espana","19":"tag-exposiciones","20":"tag-francia","21":"tag-museo-del-louvre","22":"tag-museos","23":"tag-museos-publicos","24":"tag-paris","25":"tag-spain"},"share_on_mastodon":{"url":"https:\/\/pubeurope.com\/@es\/115566859071146522","error":""},"_links":{"self":[{"href":"https:\/\/www.europesays.com\/es\/wp-json\/wp\/v2\/posts\/241461","targetHints":{"allow":["GET"]}}],"collection":[{"href":"https:\/\/www.europesays.com\/es\/wp-json\/wp\/v2\/posts"}],"about":[{"href":"https:\/\/www.europesays.com\/es\/wp-json\/wp\/v2\/types\/post"}],"author":[{"embeddable":true,"href":"https:\/\/www.europesays.com\/es\/wp-json\/wp\/v2\/users\/2"}],"replies":[{"embeddable":true,"href":"https:\/\/www.europesays.com\/es\/wp-json\/wp\/v2\/comments?post=241461"}],"version-history":[{"count":0,"href":"https:\/\/www.europesays.com\/es\/wp-json\/wp\/v2\/posts\/241461\/revisions"}],"wp:featuredmedia":[{"embeddable":true,"href":"https:\/\/www.europesays.com\/es\/wp-json\/wp\/v2\/media\/241462"}],"wp:attachment":[{"href":"https:\/\/www.europesays.com\/es\/wp-json\/wp\/v2\/media?parent=241461"}],"wp:term":[{"taxonomy":"category","embeddable":true,"href":"https:\/\/www.europesays.com\/es\/wp-json\/wp\/v2\/categories?post=241461"},{"taxonomy":"post_tag","embeddable":true,"href":"https:\/\/www.europesays.com\/es\/wp-json\/wp\/v2\/tags?post=241461"}],"curies":[{"name":"wp","href":"https:\/\/api.w.org\/{rel}","templated":true}]}}