{"id":241465,"date":"2025-11-17T20:13:09","date_gmt":"2025-11-17T20:13:09","guid":{"rendered":"https:\/\/www.europesays.com\/es\/241465\/"},"modified":"2025-11-17T20:13:09","modified_gmt":"2025-11-17T20:13:09","slug":"nueva-fecha-de-beast-in-black-en-espana-video-en-directo-de-electric-callboy-proxima-regrabacion-de-femme-fatale","status":"publish","type":"post","link":"https:\/\/www.europesays.com\/es\/241465\/","title":{"rendered":"Nueva fecha de BEAST IN BLACK en Espa\u00f1a. V\u00eddeo en directo de ELECTRIC CALLBOY. Pr\u00f3xima regrabaci\u00f3n de FEMME FATALE."},"content":{"rendered":"<p>\u00a0<\/p>\n<p style=\"text-align: center;\"><strong><a href=\"#BIB2\">Nueva fecha de BEAST IN BLACK en Espa\u00f1a<\/a> \u2013 <a href=\"#CALLBOY\">V\u00eddeo en directo de ELECTRIC CALLBOY<\/a> \u2013 <a href=\"#FATALE\">Pr\u00f3xima regrabaci\u00f3n de FEMME FATALE<\/a>.<\/strong><\/p>\n<p><a href=\"https:\/\/beastinblack.com\/\" target=\"_blank\" rel=\"noopener nofollow\"><strong>BEAST IN BLACK<\/strong><\/a> han anunciado una nueva fecha en Espa\u00f1a para su visita de 2026. Ser\u00e1 el 12 de noviembre en la sala La Riviera de Madrid acompa\u00f1ados por SONATA ARCTICA y FROZEN CROWN.<\/p>\n<p><img fetchpriority=\"high\" decoding=\"async\" src=\"https:\/\/www.europesays.com\/es\/wp-content\/uploads\/2025\/11\/cartel2026.jpg\" alt=\"Nueva fecha de BEAST IN BLACK en Espa\u00f1a \" width=\"500\" height=\"500\"\/><\/p>\n<p>La banda tambi\u00e9n estar\u00e1 el 11 de noviembre en la sala Razmatazz 1 de Barcelona y el 13 en la sala Santana 27 de Bilbao.<\/p>\n<p>La banda edit\u00f3 un <a href=\"https:\/\/www.rafabasa.com\/2025\/04\/29\/accept-beast-in-black-weather-systems\/#BEAST_IN%20_BLACK\" rel=\"nofollow noopener\" target=\"_blank\">nuevo single<\/a> el pasado mes de abril.<\/p>\n<p>\u00abDark Connection\u00bb es el tercer y \u00faltimo \u00e1lbum de\u00a0<a href=\"https:\/\/beastinblack.com\/\" target=\"_blank\" rel=\"noopener nofollow\"><strong>BEAST IN BLACK<\/strong><\/a>\u00a0y vio la luz el 29 de octubre de 2021 a trav\u00e9s de Nuclear Blast Records.<\/p>\n<p>Todos los detalles en esta\u00a0<a href=\"https:\/\/www.rafabasa.com\/2021\/08\/20\/beast-in-black-anuncia-su-nuevo-album-dark-connection-y-revela-la-portada\/\" target=\"_blank\" rel=\"noopener nofollow\">noticia<\/a>\u00a0y los singles aparecidos en\u00a0<a href=\"https:\/\/www.rafabasa.com\/2021\/11\/01\/beast-in-black-video-del-nuevo-single-hardcore\/\" target=\"_blank\" rel=\"noopener nofollow\">esta<\/a>.<\/p>\n<p>\u00a0<\/p>\n<p>A continuaci\u00f3n pod\u00e9is ver un nuevo v\u00eddeo en directo de <a href=\"https:\/\/www.electriccallboy.com\/\" target=\"_blank\" rel=\"noopener nofollow\"><strong>ELECTRIC CALLBOY<\/strong><\/a> grabado en Londres en su actual gira.<\/p>\n<p>La banda estren\u00f3 en mayo su <a href=\"https:\/\/www.rafabasa.com\/2025\/05\/23\/electric-callboy-doble-esfera-empiric\/#ELECTRIC_CALLBOY\" rel=\"nofollow noopener\" target=\"_blank\">\u00faltimo single<\/a>.<\/p>\n<p>Estas son sus fechas en Espa\u00f1a:<\/p>\n<ul type=\"disc\">\n<li>D\u00eda 22 de enero de 2026 \u2013 Sant Jordi Club \u2013 BARCELONA<\/li>\n<li>D\u00eda 23 de enero de 2026 \u2013 WiZink Center \u2013 MADRID<\/li>\n<\/ul>\n<p>Su \u00faltimo disco \u201cTekkno\u201d sali\u00f3 en 2022 a trav\u00e9s de Century Media.<\/p>\n<p>\u00a0<\/p>\n<p>\u00a0<\/p>\n<p><a href=\"https:\/\/www.facebook.com\/lorraine.lewis.5477\" target=\"_blank\" rel=\"noopener nofollow\"><strong>Lorraine Lewis<\/strong><\/a> ha revelado en una entrevista con The Rock Is George que estrenar\u00e1 antes de navidades una nueva versi\u00f3n del tema de <strong>FEMME FATALE<\/strong> \u201cFalling In And Out Of Love\u201d.<\/p>\n<p>La cantante tambi\u00e9n explica que tiene intenci\u00f3n de sacar un nuevo disco de <strong>FEMME FATALE<\/strong> pero que antes habr\u00e1 varios singles.<\/p>\n<p>Ten\u00e9is la charla completa a continuaci\u00f3n.<\/p>\n<p>Todo el material ha sido mezclado y masterizado por Bruno Ravel.<\/p>\n<p>Los singles aparecidos en esta <a href=\"https:\/\/www.rafabasa.com\/2025\/10\/29\/moonspell-david-ellefson-femme-fatale\/#FEMME\" rel=\"nofollow noopener\" target=\"_blank\">noticia<\/a>.<\/p>\n<p>\u00a0<\/p>\n<p align=\"center\"><strong>Sigue el\u00a0<a href=\"https:\/\/whatsapp.com\/channel\/0029VaCprxVBA1f555USvT2O\" target=\"_blank\" rel=\"nofollow noopener\">Canal de RAFABASA.COM en WhatsApp<\/a>, donde encontrar\u00e1s todas nuestras novedades al instante<\/strong><\/p>\n<p>\u00a0<\/p>\n<p>\u00a0<\/p>\n<p>\u00a0<\/p>\n<p>\u00a0<\/p>\n","protected":false},"excerpt":{"rendered":"\u00a0 Nueva fecha de BEAST IN BLACK en Espa\u00f1a \u2013 V\u00eddeo en directo de ELECTRIC CALLBOY \u2013 Pr\u00f3xima&hellip;\n","protected":false},"author":2,"featured_media":241466,"comment_status":"","ping_status":"","sticky":false,"template":"","format":"standard","meta":{"footnotes":""},"categories":[170],"tags":[50085,62139,146,147,25,24,56512,184,185,23],"class_list":{"0":"post-241465","1":"post","2":"type-post","3":"status-publish","4":"format-standard","5":"has-post-thumbnail","7":"category-musica","8":"tag-beast-in-black","9":"tag-electric-callboy","10":"tag-entertainment","11":"tag-entretenimiento","12":"tag-es","13":"tag-espana","14":"tag-femme-fatale","15":"tag-music","16":"tag-musica","17":"tag-spain"},"share_on_mastodon":{"url":"https:\/\/pubeurope.com\/@es\/115566871135731774","error":""},"_links":{"self":[{"href":"https:\/\/www.europesays.com\/es\/wp-json\/wp\/v2\/posts\/241465","targetHints":{"allow":["GET"]}}],"collection":[{"href":"https:\/\/www.europesays.com\/es\/wp-json\/wp\/v2\/posts"}],"about":[{"href":"https:\/\/www.europesays.com\/es\/wp-json\/wp\/v2\/types\/post"}],"author":[{"embeddable":true,"href":"https:\/\/www.europesays.com\/es\/wp-json\/wp\/v2\/users\/2"}],"replies":[{"embeddable":true,"href":"https:\/\/www.europesays.com\/es\/wp-json\/wp\/v2\/comments?post=241465"}],"version-history":[{"count":0,"href":"https:\/\/www.europesays.com\/es\/wp-json\/wp\/v2\/posts\/241465\/revisions"}],"wp:featuredmedia":[{"embeddable":true,"href":"https:\/\/www.europesays.com\/es\/wp-json\/wp\/v2\/media\/241466"}],"wp:attachment":[{"href":"https:\/\/www.europesays.com\/es\/wp-json\/wp\/v2\/media?parent=241465"}],"wp:term":[{"taxonomy":"category","embeddable":true,"href":"https:\/\/www.europesays.com\/es\/wp-json\/wp\/v2\/categories?post=241465"},{"taxonomy":"post_tag","embeddable":true,"href":"https:\/\/www.europesays.com\/es\/wp-json\/wp\/v2\/tags?post=241465"}],"curies":[{"name":"wp","href":"https:\/\/api.w.org\/{rel}","templated":true}]}}