{"id":241473,"date":"2025-11-17T20:17:10","date_gmt":"2025-11-17T20:17:10","guid":{"rendered":"https:\/\/www.europesays.com\/es\/241473\/"},"modified":"2025-11-17T20:17:10","modified_gmt":"2025-11-17T20:17:10","slug":"la-promesa-avance-del-capitulo-del-martes-18-de-noviembre-manuel-enora-y-tono-descubren-fallos-graves-el-mundo","status":"publish","type":"post","link":"https:\/\/www.europesays.com\/es\/241473\/","title":{"rendered":"&#039;La Promesa&#039;, avance del cap\u00edtulo del martes 18 de noviembre: Manuel, Enora y To\u00f1o descubren fallos graves &#8211; El Mundo"},"content":{"rendered":"<ol>\n<li><a href=\"https:\/\/news.google.com\/rss\/articles\/CBMiiAFBVV95cUxOajRrZko1ZWZmS29BVmJLQjVjQm9vYXltZUF3WGhWRHV4RGJMbm10UDRFc0dHYVAwd1dvd29WQWhDRjlTRmxMejQxQ1V5c0ZJZWRPbW9md1J5ZWExLWR5dm50WVdlblU2a2JmS2s1Y19KWW41dHFOYWJPZUgtSC1QTE81TmZpZDBu0gGIAUFVX3lxTFAzYmJKU09yTVo4Tmw4WlVCd3hvQV9TTVF6ano2TWRXdmdWeEdFbWs5YXRpRmlVUGV1LTR1RUtSekJiTGFPdk9jOUpibzdRWXVpU1VHaFVrNTlFS0tSU3g4NEJOWjhROWxSUDlDN0RXaVhfaTRXcnJRZ0VhOXJEZWZGUUw5bTFLMlQ?oc=5\" target=\"_blank\" rel=\"nofollow noopener\">&#8216;La Promesa&#8217;, avance del cap\u00edtulo del martes 18 de noviembre: Manuel, Enora y To\u00f1o descubren fallos graves<\/a>&nbsp;&nbsp;El Mundo<\/li>\n<li><a href=\"https:\/\/news.google.com\/rss\/articles\/CBMixwFBVV95cUxQczJhV181cUJISG5EWUF5SElNd0w1QmE3ZHVlZ1FPaGp4MnFIV29DaXF1TW1KSlpWQm1USzl0ZnF0eEJURU45ZVdsRzcwajlkeDh3YTlFSzM3NTdOZS1yRlQwU3J3UVd0SUZjdl83WWxmLTYzdWlLbFNUTXQ4WDVLYTM0OTJoQ1huOE91UHVsRDh4TzNZVzNHaWd5TjlQWjh0cEhpZWgzbVRYXzF3WVpZbUd3YUlpOXppLVFzTThGTzdDQ0xyeHRV0gHMAUFVX3lxTFB4UlN2TUhhdEg5ejRVSTBaUVZPWlcyd25DVV93SUxmNTgxeGJaWHc3ZDhrX1Bqbm1RSGN0WDluT25NcGZ6cUdGUVhxakdKMG5JX051cVBFRDhiRDgzSkxpa0h1bEtnajlZSHBtS1lWZ1VOMUxqNlNiOEoyNEk4eEp5TGlaLWt1OFpCNVNQdDFxenV3ajAxSFF1Q3BhbEtxdXhPbDVRN3JoWmoxX3Vsc1ZyRmlFRk9LMW5XOWlJU1k2bENVRVZVNk1DVVpCYg?oc=5\" target=\"_blank\" rel=\"nofollow noopener\">Avance semanal de &#8216;La Promesa&#8217;: un pu\u00f1etazo, una fiesta de post\u00edn y la boda imposible de \u00c1ngela y Beltr\u00e1n<\/a>&nbsp;&nbsp;El Confidencial<\/li>\n<li><a href=\"https:\/\/news.google.com\/rss\/articles\/CBMimAJBVV95cUxORE0xMEQxazBTczFGcmx1aVdjbDBjSXJyXzQ2dThhWG8yelRVNWxFWDk2WW12OVVieVNlOTRrUmFabnRNaWc4TndVTnhaeWh6RGtDS2VhdS15T0JfTERxa2lVZlRqQm10VzB4Z0VNWHVwbE1oN0ZGNkI0QW1vMjJHTXlsczY0SkVJOFVzNmpscDFFalNIeTVkdmtOR0hndW1ZSWV5MjBCajJoUFNnVzdsVWU3WjQ4cnlZbG1oSVZrX3JVV1luV0d2RWkwZ3VTVngySUhleDcwS1hFSkN1TTM3eVBfNlB2NVBGeWlVS2ZpaDV4dk80QUpuZUJMSEVubDd2a3AwcDB3ZlE4OU92WGpBWEhzS045bDZm0gGsAkFVX3lxTE12MkRPaWczT1NBaHF2Z2ZQRjBmUGdLYTBucFl5aTI0WmhtTnlkaU1PMlhVWGFQY1BNVmVfOF9xOG9pY3dKVmdseHJwUlIwYi10N2x4ejcyekhZQ1A4bTRuaE5MN1dqTElrNkNXNndCcGJiRXpUREh4dGhFRlhkdnNBQnJPQy00bHEyZUUtU2NQZ3VuSk1wdF9fQkQ0ZHBVa3V0VVdBY0lqQ1hnclhpTUlxOGZ2VW5aRXlnZ01PVnJrbnR5ZTRGRzlWUXhaR21oTWQtR2NaWGR6aEVwaWdsUUd2VENQd2xBQzhsTWMxNF9Rdlk0XzVlNHlZOElmQ29QUmNYZFBuRUhkTE5PRUdralByRzhpZnpvQ2VGM1dGbENyaVNvb1M5cjFoMjVGLQ?oc=5\" target=\"_blank\" rel=\"nofollow noopener\">Avance de \u2018La Promesa\u2019 del cap\u00edtulo 717 del lunes 17 de noviembre en TVE: una tracici\u00f3n, una boda y las cartas<\/a>&nbsp;&nbsp;Diario AS<\/li>\n<li><a href=\"https:\/\/news.google.com\/rss\/articles\/CBMibkFVX3lxTFA4cXBLandYRzFJUkZlbjdfUHZZdzhqX0lTdXk3ZlNPUGtweUdHanAwV3B0bFIyb3dya0xiQnZ5RlNGbVZNd3JCa1d1Z1pvRE1PVFRyMFpUZGo5VFVWLXpqTE9EN19Yb0J5YUN0QWVR0gFzQVVfeXFMUExoWGVMNU5oa1NHR3RLNTNuWkgyVWx2VkF0MlFNU2ZiRGQzQi1qWnVWTTBPc0RKMUZ0Nl9udUYwUF9td0Vlel8xa1NBNURkS25ZbUsxT0dSZjVabkRLN19qR2JIUmQ4M05QVmVUTGZhUUlSdw?oc=5\" target=\"_blank\" rel=\"nofollow noopener\">&#8216;La Promesa&#8217; vive una semana decisiva: Secretos revelados y un pu\u00f1etazo que tendr\u00e1n consecuencias<\/a>&nbsp;&nbsp;SensaCine<\/li>\n<li><a href=\"https:\/\/news.google.com\/rss\/articles\/CBMimwFBVV95cUxQd2VLX0N4Tl94MWctdU9vSzhLaFBzemRDeWpSa0tOelBaUnZzY3RyUlZjd2N2VjdHYkhUeXl1aEVETDBlejRGVURVcWlwbFhhMWZ2Wl9MVTAtaUFWSTlFZUVYX2EwR2duSHdEbWZNYVdSX3pLN09YUTVNXzRfTUtiVGdzMGk5VGQ2dmtCTDZVN2xQZFRkTXFUUlh0Z9IBoAFBVV95cUxQOFczMDdMM2lQRFQ3SUo4a21ZVzM3ME81NzRDSlhZQVhjXzFkamhobGRkT0Z1OVR2dWZBWDJPQ1NnaW5rVk5yOUsyRnowX2s1OElHQWZsREdOUUZrR3p3TVRvbXdxMGpaczNGa2RINHVrNDRKQVA5dkVnQ2VkV2t0ei01UHphR3RtQTkxVC1MckZIUFRjdXp1NGpRa1Rfa2Va?oc=5\" target=\"_blank\" rel=\"nofollow noopener\">Avance del cap\u00edtulo de \u2018La Promesa\u2019 de hoy: Petra, decepcionada con Teresa<\/a>&nbsp;&nbsp;OkDiario<\/li>\n<\/ol>\n","protected":false},"excerpt":{"rendered":"&#8216;La Promesa&#8217;, avance del cap\u00edtulo del martes 18 de noviembre: Manuel, Enora y To\u00f1o descubren fallos graves&nbsp;&nbsp;El Mundo&hellip;\n","protected":false},"author":2,"featured_media":241474,"comment_status":"","ping_status":"","sticky":false,"template":"","format":"standard","meta":{"footnotes":""},"categories":[91],"tags":[11030,146,147,25,24,11031,805,23,807,11029,6761],"class_list":{"0":"post-241473","1":"post","2":"type-post","3":"status-publish","4":"format-standard","5":"has-post-thumbnail","7":"category-entretenimiento","8":"tag-cineseries","9":"tag-entertainment","10":"tag-entretenimiento","11":"tag-es","12":"tag-espana","13":"tag-la-promesa","14":"tag-series","15":"tag-spain","16":"tag-television","17":"tag-television-series","18":"tag-tresb"},"share_on_mastodon":{"url":"https:\/\/pubeurope.com\/@es\/115566886955178001","error":""},"_links":{"self":[{"href":"https:\/\/www.europesays.com\/es\/wp-json\/wp\/v2\/posts\/241473","targetHints":{"allow":["GET"]}}],"collection":[{"href":"https:\/\/www.europesays.com\/es\/wp-json\/wp\/v2\/posts"}],"about":[{"href":"https:\/\/www.europesays.com\/es\/wp-json\/wp\/v2\/types\/post"}],"author":[{"embeddable":true,"href":"https:\/\/www.europesays.com\/es\/wp-json\/wp\/v2\/users\/2"}],"replies":[{"embeddable":true,"href":"https:\/\/www.europesays.com\/es\/wp-json\/wp\/v2\/comments?post=241473"}],"version-history":[{"count":0,"href":"https:\/\/www.europesays.com\/es\/wp-json\/wp\/v2\/posts\/241473\/revisions"}],"wp:featuredmedia":[{"embeddable":true,"href":"https:\/\/www.europesays.com\/es\/wp-json\/wp\/v2\/media\/241474"}],"wp:attachment":[{"href":"https:\/\/www.europesays.com\/es\/wp-json\/wp\/v2\/media?parent=241473"}],"wp:term":[{"taxonomy":"category","embeddable":true,"href":"https:\/\/www.europesays.com\/es\/wp-json\/wp\/v2\/categories?post=241473"},{"taxonomy":"post_tag","embeddable":true,"href":"https:\/\/www.europesays.com\/es\/wp-json\/wp\/v2\/tags?post=241473"}],"curies":[{"name":"wp","href":"https:\/\/api.w.org\/{rel}","templated":true}]}}