{"id":241477,"date":"2025-11-17T20:19:15","date_gmt":"2025-11-17T20:19:15","guid":{"rendered":"https:\/\/www.europesays.com\/es\/241477\/"},"modified":"2025-11-17T20:19:15","modified_gmt":"2025-11-17T20:19:15","slug":"la-cnmv-abre-el-plazo-para-elegir-el-administrador-concursal-de-urbas-empresas","status":"publish","type":"post","link":"https:\/\/www.europesays.com\/es\/241477\/","title":{"rendered":"La CNMV abre el plazo para elegir el administrador concursal de Urbas | Empresas"},"content":{"rendered":"<p class=\"\">La Comisi\u00f3n Nacional de los Mercados de Valores (CNMV) ha iniciado el proceso para elegir el administrador concursal de Urbas, que<a href=\"https:\/\/cincodias.elpais.com\/companias\/2025-09-08\/la-inmobiliaria-urbas-solicita-el-concurso-voluntario-de-acreedores.html\" target=\"_blank\" rel=\"noreferrer nofollow noopener\" title=\"https:\/\/cincodias.elpais.com\/companias\/2025-09-08\/la-inmobiliaria-urbas-solicita-el-concurso-voluntario-de-acreedores.html\"> solicit\u00f3 el concurso voluntario el pasado 8 de septiembre<\/a>. El regulador ha dado hasta el pr\u00f3ximo 1 de diciembre para recibir las candidaturas de los profesionales (\u201cexpresiones de inter\u00e9s\u201d) que tienen inter\u00e9s en participar en este proceso. Despu\u00e9s, el organismo elaborar\u00e1 la terna que ser\u00e1 enviada a un juez de lo mercantil de Madrid para su designaci\u00f3n final. <\/p>\n<p class=\"\">Seg\u00fan ha informado la CNMV este lunes, el proceso de b\u00fasqueda del administrador concursal se abre despu\u00e9s de recibir, el pasado 13 de noviembre, el auto del Juzgado de lo Mercantil n\u00famero 2 de Madrid por el que solicita dicha terna de candidatos. Al tratarse de una compa\u00f1\u00eda supervisada, la ley concursal se\u00f1ala que el juez que tramita dicho procedimiento nombrar\u00e1 al profesional que analizar\u00e1 la situaci\u00f3n de la concursada \u201cde entre las personas propuestas en terna por esa Comisi\u00f3n\u201d. <\/p>\n<p class=\"\">La CNMV suspendi\u00f3 la cotizaci\u00f3n de la empresa de infraestructuras e inmobiliaria el pasado 30 de abril porque sus cuentas del ejercicio 2024 no contaban con un informe de auditor\u00eda. La compa\u00f1\u00eda explic\u00f3 entonces que present\u00f3 los resultados del a\u00f1o completo en tiempo y forma, a 31 de marzo, pero sin la verificaci\u00f3n del auditor obligatoria. Seg\u00fan consta en los informes de resultados sin auditar disponibles en el supervisor de los mercados, ese a\u00f1o, el grupo tuvo unas p\u00e9rdidas de 137,14 millones de euros que, en anteriores comunicados, Urbas achac\u00f3 <a href=\"https:\/\/cincodias.elpais.com\/companias\/2024-12-16\/urbas-reestructura-otra-filial-de-construccion-para-afrontar-su-deuda-con-la-banca-y-acreedores.html\" rel=\"nofollow noopener\" title=\"https:\/\/cincodias.elpais.com\/companias\/2024-12-16\/urbas-reestructura-otra-filial-de-construccion-para-afrontar-su-deuda-con-la-banca-y-acreedores.html\" target=\"_blank\">al proceso de reorganizaci\u00f3n de sus empresas de construcci\u00f3n<\/a>.<\/p>\n<p class=\"\">Este hecho precipit\u00f3 que<a href=\"https:\/\/cincodias.elpais.com\/companias\/2025-05-05\/urbas-abre-negociaciones-con-sus-acreedores-para-presentar-un-plan-de-reestructuracion.html\" target=\"_blank\" rel=\"nofollow noopener\" title=\"https:\/\/cincodias.elpais.com\/companias\/2025-05-05\/urbas-abre-negociaciones-con-sus-acreedores-para-presentar-un-plan-de-reestructuracion.html\"> la compa\u00f1\u00eda iniciara las conversaciones en mayo con los acreedores <\/a>con el objetivo de reestructurar su deuda. Para ello, la empresa presidida por Juan Antonio Acedo fich\u00f3 a la firma de consultor\u00eda internacional Alvarez &amp; Marsal como experto en reestructuraci\u00f3n. No obstante, las conversaciones no llegaron a buen puerto y Urbas se vio obligado a presentar en septiembre la solicitud de concurso voluntario, proceso que ahora comienza a dar sus primeros pasos. <\/p>\n<p class=\"\">La propuesta, que no contemplaba quitas de deuda, cont\u00f3 con el apoyo de 53 acreedores que representaban un 25,7% del total del pasivo afectado y el 76,8% de la deuda nominal. No obstante, recibi\u00f3 el rechazo de un acreedor clave, el fondo de capital privado Roundshield Partners. De hecho, la firma present\u00f3 en el juzgado mercantil espa\u00f1ol su propia propuesta de plan de reestructuraci\u00f3n, que se apoya en la valoraci\u00f3n de FTI Consulting. <\/p>\n<p class=\"\">El enfrentamiento con Roundshield tambi\u00e9n ha llegado a los tribunales, despu\u00e9s de que el fondo acudiera a la justicia brit\u00e1nica para reclamar hasta 189 millones de euros a Urbas por el impago de un contrato de financiaci\u00f3n firmado en 2020, seg\u00fan adelant\u00f3 El Economista.<\/p>\n","protected":false},"excerpt":{"rendered":"La Comisi\u00f3n Nacional de los Mercados de Valores (CNMV) ha iniciado el proceso para elegir el administrador concursal&hellip;\n","protected":false},"author":2,"featured_media":241478,"comment_status":"","ping_status":"","sticky":false,"template":"","format":"standard","meta":{"footnotes":""},"categories":[80],"tags":[82,7899,53653,48301,95,94,2308,25,24,23,493,62140],"class_list":{"0":"post-241477","1":"post","2":"type-post","3":"status-publish","4":"format-standard","5":"has-post-thumbnail","7":"category-economia","8":"tag-business","9":"tag-cnmv","10":"tag-concurso-acreedores","11":"tag-deudas","12":"tag-economia","13":"tag-economy","14":"tag-empresas","15":"tag-es","16":"tag-espana","17":"tag-spain","18":"tag-tribunales","19":"tag-urbas"},"share_on_mastodon":{"url":"https:\/\/pubeurope.com\/@es\/115566894464975105","error":""},"_links":{"self":[{"href":"https:\/\/www.europesays.com\/es\/wp-json\/wp\/v2\/posts\/241477","targetHints":{"allow":["GET"]}}],"collection":[{"href":"https:\/\/www.europesays.com\/es\/wp-json\/wp\/v2\/posts"}],"about":[{"href":"https:\/\/www.europesays.com\/es\/wp-json\/wp\/v2\/types\/post"}],"author":[{"embeddable":true,"href":"https:\/\/www.europesays.com\/es\/wp-json\/wp\/v2\/users\/2"}],"replies":[{"embeddable":true,"href":"https:\/\/www.europesays.com\/es\/wp-json\/wp\/v2\/comments?post=241477"}],"version-history":[{"count":0,"href":"https:\/\/www.europesays.com\/es\/wp-json\/wp\/v2\/posts\/241477\/revisions"}],"wp:featuredmedia":[{"embeddable":true,"href":"https:\/\/www.europesays.com\/es\/wp-json\/wp\/v2\/media\/241478"}],"wp:attachment":[{"href":"https:\/\/www.europesays.com\/es\/wp-json\/wp\/v2\/media?parent=241477"}],"wp:term":[{"taxonomy":"category","embeddable":true,"href":"https:\/\/www.europesays.com\/es\/wp-json\/wp\/v2\/categories?post=241477"},{"taxonomy":"post_tag","embeddable":true,"href":"https:\/\/www.europesays.com\/es\/wp-json\/wp\/v2\/tags?post=241477"}],"curies":[{"name":"wp","href":"https:\/\/api.w.org\/{rel}","templated":true}]}}