{"id":241479,"date":"2025-11-17T20:20:12","date_gmt":"2025-11-17T20:20:12","guid":{"rendered":"https:\/\/www.europesays.com\/es\/241479\/"},"modified":"2025-11-17T20:20:12","modified_gmt":"2025-11-17T20:20:12","slug":"el-derechista-kast-favorito-en-la-segunda-vuelta-electoral-en-chile","status":"publish","type":"post","link":"https:\/\/www.europesays.com\/es\/241479\/","title":{"rendered":"El derechista Kast, favorito en la segunda vuelta electoral en Chile"},"content":{"rendered":"<p style=\"\">El candidato republicano <strong>Jos\u00e9 Antonio Kast<\/strong>, quien obtuvo un 23,9% de los votos el domingo, y la abanderada del oficialismo Jeannette Jara, quien consigui\u00f3 un 26,8% de apoyo, s\u00f3lo tienen cuatro semanas para captar a los electores que quedaron sin representaci\u00f3n <a href=\"https:\/\/www.abc.es\/internacional\/candidata-comunista-jara-lidera-poco-margen-conteo-20251117235324-nt.html\" target=\"_self\" data-voc-vtm-id=\"in-text-traffic\" title=\"en la primera vuelta presidencial.\" data-mrf-link=\"www.abc.es\" rel=\"nofollow noopener\">en la primera vuelta presidencial.<\/a> &#8230;  Entre todos ellos, los seguidores del populista <strong>Franco Parisi<\/strong> (19,7%), quien qued\u00f3 en tercer lugar y fuera de la segunda vuelta, marcar\u00e1n la diferencia.<\/p>\n<p class=\"voc-p\" style=\"\">Aunque las encuestas y la suma de los votos conseguidos por los tambi\u00e9n opositores de derecha Johannes Kaiser (13,9%) y Evelyn Matthei (12,4%) le dan la mejor opci\u00f3n al l\u00edder del Partido Republicano, este deber\u00e1 esforzarse por conquistar a los votantes de centroizquierda que apoyaron a la exministra de <a href=\"https:\/\/www.abc.es\/internacional\/legado-deja-sebastian-pinera-politico-economico-social-20240207122737-nt.html\" target=\"_self\" data-voc-vtm-id=\"in-text-traffic\" title=\"Sebasti\u00e1n Pi\u00f1era\" data-mrf-link=\"www.abc.es\" rel=\"nofollow noopener\">Sebasti\u00e1n Pi\u00f1era<\/a>. Tambi\u00e9n deber\u00e1 buscar los votos de los Dem\u00f3cratas y Amarillos, quienes ya adelantaron hace semanas que no le entregar\u00e1n su apoyo el 14 de diciembre.<\/p>\n<p class=\"voc-p\" style=\"\">De momento, Kast logr\u00f3 el domingo que tanto Matthei como Kaiser reclamaran el voto para \u00e9l. De no hacerlo, ser\u00eda como darle el triunfo a la comunista y candidata oficialista Jeannette Jara, que representa la continuidad. Este lunes ya se realizaron las primeras gestiones para crear un equipo de campa\u00f1a unitario de la derecha.<\/p>\n<p class=\"voc-p\" style=\"\">Jara, en tanto, tiene que reponerse de unos resultados que suponen un respaldo menor al que sumaban las dos listas parlamentarias de la izquierda (37,53%). Y tambi\u00e9n inferior al respaldo casi permanente que ha mantenido el presidente, Gabriel Boric, cercano al 30%. Un porcentaje que se consideraba necesario para tener alguna oportunidad en diciembre.<\/p>\n<p class=\"voc-p\" style=\"\">Consciente de que la segunda vuelta \u00abes otra elecci\u00f3n\u00bb, Jara, quien fue ministra del Trabajo con Boric, hizo gui\u00f1os la noche del domingo a los electores de Matthei, Parisi y de los independientes <strong>Harold Mayne-Nicholls, Marco Enr\u00edquez-Ominami y Eduardo Art\u00e9s.<\/strong> De todos ellos, recogi\u00f3 propuestas de sus programas.<\/p>\n<p class=\"voc-p\" style=\"\">Seg\u00fan los analistas, durante estas cuatro semanas Jara deber\u00e1 hacer esfuerzos para que la izquierda no se desmovilice ante la creencia de una elecci\u00f3n perdida. Por su parte, la derecha tendr\u00e1 que trabajar para reducir el voto \u00abanti-Kast\u00bb.<\/p>\n<p class=\"voc-p\" style=\"\">La tarea no resulta f\u00e1cil, considerando la alta participaci\u00f3n registrada. El 85,37% del padr\u00f3n fue a votar, es decir, m\u00e1s de 13,4 millones de personas de un universo de 15,7 millones. A diferencia de la segunda vuelta de 2021, donde Gabriel Boric logr\u00f3 sumar un mill\u00f3n de nuevos votantes respecto a la primera vuelta, el margen de Jeannette Jara es estrecho en esta ocasi\u00f3n.<\/p>\n<p>\nMayor\u00eda en el Congreso\n<\/p>\n<p class=\"voc-p\" style=\"\">Aunque los pron\u00f3sticos m\u00e1s optimistas aventuraban que la oposici\u00f3n lograr\u00eda una holgada mayor\u00eda en ambas c\u00e1maras, lo cierto es que los resultados fueron ajustados. En la de Diputados, este bloque eligi\u00f3 <strong>77 diputados de un total de 155<\/strong> (en la actualidad suman 74), pero a ellos puede sumarse la nueva y gran bancada del Partido de la Gente (PDG) de Parisi, que logr\u00f3 trece diputados m\u00e1s. <\/p>\n<p class=\"voc-p\" style=\"\">En el Senado, que renov\u00f3 solo la mitad de sus miembros, la derecha radical y el centroderecha se quedaron con 25 esca\u00f1os de un total de 50, perdiendo dos respecto del periodo vigente. De esta manera, corren el riesgo de ser minor\u00eda si el \u00fanico senador dem\u00f3crata act\u00faa como opositor a Kast. <\/p>\n<p class=\"voc-p\" style=\"\">Aunque la mayor\u00eda absoluta fue conseguida por la oposici\u00f3n y con ello podr\u00eda aprobar reformas como la tributaria o el fin de las contribuciones (impuesto territorial a los inmuebles), necesitar\u00e1n del voluble PDG para alcanzar el quorum de 4\/7 necesario para reformas constitucionales.<\/p>\n<p class=\"voc-p\" style=\"\">Por otra parte, los resultados del domingo favorecer\u00e1n la gobernabilidad porque el n\u00famero de partidos pol\u00edticos se reducir\u00e1. Se pasar\u00e1 de 22 a 16 pero, de ellos, ocho est\u00e1n destinados a disolverse por no alcanzar el umbral de un 4% de la votaci\u00f3n o cuatro representantes electos. <\/p>\n<p class=\"voc-p\" style=\"\">Si bien la Democracia Cristiana subsistir\u00e1 con tres senadores y diez diputados, en ambos sectores la correlaci\u00f3n de las fuerzas cambi\u00f3. El Frente Amplio (FA) pas\u00f3 a ser la bancada oficialista m\u00e1s grande en la C\u00e1mara con 17 esca\u00f1os, seguido por el Partido Socialista (PS) con once y el Partido Comunista y el PPD con diez diputados cada uno.<\/p>\n<p class=\"voc-p\" style=\"\">En la oposici\u00f3n, la hegemon\u00eda estar\u00e1 en manos del PR, que cosech\u00f3 32 diputados, muy por encima de los 19 de la UDI y los trece de Renovaci\u00f3n Nacional. Aun as\u00ed, Chile Vamos sigue teniendo mayor peso en el Senado, con 16 esca\u00f1os frente a los cinco de los republicanos. El Socialismo Democr\u00e1tico se queda con once senadores frente a los cinco que suman el FA y el PC.<\/p>\n","protected":false},"excerpt":{"rendered":"El candidato republicano Jos\u00e9 Antonio Kast, quien obtuvo un 23,9% de los votos el domingo, y la abanderada&hellip;\n","protected":false},"author":2,"featured_media":241480,"comment_status":"","ping_status":"","sticky":false,"template":"","format":"standard","meta":{"footnotes":""},"categories":[42],"tags":[17,18,2047,62141,14825,16900,13,14,11,61,62,63,64,61112,19,20,9,10,15,16,3745,12,21,22,1357,65,66,67],"class_list":{"0":"post-241479","1":"post","2":"type-post","3":"status-publish","4":"format-standard","5":"has-post-thumbnail","7":"category-internacional","8":"tag-breaking-news","9":"tag-breakingnews","10":"tag-chile","11":"tag-derechista","12":"tag-electoral","13":"tag-favorito","14":"tag-featured-news","15":"tag-featurednews","16":"tag-headlines","17":"tag-internacional","18":"tag-international","19":"tag-international-news","20":"tag-internationalnews","21":"tag-kast","22":"tag-latest-news","23":"tag-latestnews","24":"tag-news","25":"tag-noticias","26":"tag-noticias-destacadas","27":"tag-noticiasdestacadas","28":"tag-segunda","29":"tag-titulares","30":"tag-ultimas-noticias","31":"tag-ultimasnoticias","32":"tag-vuelta","33":"tag-world","34":"tag-world-news","35":"tag-worldnews"},"share_on_mastodon":{"url":"https:\/\/pubeurope.com\/@es\/115566898342267018","error":""},"_links":{"self":[{"href":"https:\/\/www.europesays.com\/es\/wp-json\/wp\/v2\/posts\/241479","targetHints":{"allow":["GET"]}}],"collection":[{"href":"https:\/\/www.europesays.com\/es\/wp-json\/wp\/v2\/posts"}],"about":[{"href":"https:\/\/www.europesays.com\/es\/wp-json\/wp\/v2\/types\/post"}],"author":[{"embeddable":true,"href":"https:\/\/www.europesays.com\/es\/wp-json\/wp\/v2\/users\/2"}],"replies":[{"embeddable":true,"href":"https:\/\/www.europesays.com\/es\/wp-json\/wp\/v2\/comments?post=241479"}],"version-history":[{"count":0,"href":"https:\/\/www.europesays.com\/es\/wp-json\/wp\/v2\/posts\/241479\/revisions"}],"wp:featuredmedia":[{"embeddable":true,"href":"https:\/\/www.europesays.com\/es\/wp-json\/wp\/v2\/media\/241480"}],"wp:attachment":[{"href":"https:\/\/www.europesays.com\/es\/wp-json\/wp\/v2\/media?parent=241479"}],"wp:term":[{"taxonomy":"category","embeddable":true,"href":"https:\/\/www.europesays.com\/es\/wp-json\/wp\/v2\/categories?post=241479"},{"taxonomy":"post_tag","embeddable":true,"href":"https:\/\/www.europesays.com\/es\/wp-json\/wp\/v2\/tags?post=241479"}],"curies":[{"name":"wp","href":"https:\/\/api.w.org\/{rel}","templated":true}]}}