{"id":241481,"date":"2025-11-17T20:21:12","date_gmt":"2025-11-17T20:21:12","guid":{"rendered":"https:\/\/www.europesays.com\/es\/241481\/"},"modified":"2025-11-17T20:21:12","modified_gmt":"2025-11-17T20:21:12","slug":"leire-diez-sostiene-que-se-reunio-con-cerdan-dos-veces-para-darle-informacion-de-causas-que-perjudicaban-al-psoe","status":"publish","type":"post","link":"https:\/\/www.europesays.com\/es\/241481\/","title":{"rendered":"Leire D\u00edez sostiene que se reuni\u00f3 con Cerd\u00e1n dos veces para darle informaci\u00f3n de causas que perjudicaban al PSOE"},"content":{"rendered":"<p style=\"\">Con el pin de los objetivos de desarrollo sostenible (ODS) en la solapa de la americana, Leire D\u00edez entr\u00f3 pasadas las cinco de la tarde al juzgado y durante hora y media -fallo t\u00e9cnico mediante- <strong>respondi\u00f3 a preguntas de la fiscal, del juez y de <\/strong> &#8230; <strong>su defensa<\/strong> para subrayar que no reconoce los audios en los que se le escucha ofrecer favores judiciales <a href=\"https:\/\/www.abc.es\/espana\/grabacion-leire-diez-apunta-psoe-persona-puesto-20251111172758-nt.html\" target=\"_self\" data-voc-vtm-id=\"in-text-traffic\" title=\"a cambio de informaci\u00f3n sensible de jueces, fiscales y mandos de la Guardia Civil,\" data-mrf-link=\"www.abc.es\" rel=\"nofollow noopener\">a cambio de informaci\u00f3n sensible de jueces, fiscales y mandos de la Guardia Civil,<\/a> y para admitir dos encuentros con Santos Cerd\u00e1n en abril de 2024 en una de las plantas altas de la sede de Ferraz para informarle de que el PSOE hab\u00eda sido v\u00edctima en varias causas judicializadas. <\/p>\n<p class=\"voc-p\" style=\"\">Seg\u00fan fuentes jur\u00eddicas presentes en su declaraci\u00f3n consultadas por ABC, la exmilitante socialista ha se\u00f1alado que con el presidente del Gobierno, Pedro S\u00e1nchez, s\u00f3lo coincidi\u00f3 en m\u00edtines y en alg\u00fan acto de primarias, y ha negado haber trabajado o haber estado a sueldo de los socialistas en ning\u00fan momento o haber sido &#8216;mano derecha&#8217; de Cerd\u00e1n, tal y como se pod\u00eda escuchar en uno de los audios. <\/p>\n<p class=\"voc-p\" style=\"\">Sobre las reuniones con Cerd\u00e1n cuando aun era secretario de Organizaci\u00f3n del PSOE, ha recordado ante el juez que logr\u00f3 esos encuentros gracias a la intermediaci\u00f3n de la periodista Patricia L\u00f3pez y que quien ten\u00eda inter\u00e9s era el empresario Javier P\u00e9rez Dolset, tambi\u00e9n investigado en la causa. Pero ha vuelto a incidir en que no ten\u00eda ni ha tenido v\u00ednculo con Cerd\u00e1n. <\/p>\n<p class=\"voc-p\" style=\"\">Por otro lado, ha puesto el foco en que sufri\u00f3 un hackeo en el Drive de Google (una herramienta de la nube que permite compartir documentos entre varios usuarios) que utilizaba junto a P\u00e9rez Dolset, hecho que ha compartido en la sala de vistas puntualizando que ah\u00ed volcaban ambos archivos que iban encontrando. <\/p>\n<p class=\"voc-p\" style=\"\">Por su parte, P\u00e9rez Dolset ha a\u00f1adido en su declaraci\u00f3n que a esa reuni\u00f3n de abril de 2024 tambi\u00e9n asisti\u00f3 Antonio Hernando, quien ahora es secretario de Estado de Telecomunicaciones e Infraestructuras Digitales pero entonces era director adjunto de Gabinete de presidencia del Gobierno, y otras personas, hasta nueve m\u00e1s. Coincide que esas reuniones habr\u00edan sido justo el mismo mes en el que se produjo el  periodo de reflexi\u00f3n de S\u00e1nchez tras la imputaci\u00f3n de su esposa Bego\u00f1a G\u00f3mez, <\/p>\n<p class=\"voc-p\" style=\"\">Por lo dem\u00e1s, P\u00e9rez Dolset ha mantenido la l\u00ednea marcada por D\u00edez y no ha reconocido los audios apuntando que por su experiencia est\u00e1n trucados, pero s\u00ed ha matizado que esas reuniones tuvieron lugar y que buscaba ofrecer al PSOE los audios grabados por el comisario Jos\u00e9 Manuel Villarejo que afectaban al partido. <\/p>\n<p class=\"voc-p\" style=\"\">Con todo, sobre uno de los episodios recogidos en la grabaci\u00f3n de la reuni\u00f3n de Leire D\u00edez y \u00e9l con Alejandro Hamlyn -investigado por la Audiencia Nacional- y el abogado Jacobo Teijelo (entre otros) ha explicado a preguntas de la fiscal sobre si la fontanera dijo que los fiscales \u201cviajaban\u201d y que podr\u00edan volar a Dubai para reunirse con \u00e9l y llegar a un acuerdo que Leire D\u00edez era \u201cbravucona\u201d y un poco fantasma.<\/p>\n<p>\nBalas, objetivo\n<\/p>\n<p class=\"voc-p\" style=\"\">Este lunes, tanto D\u00edez como el empresario P\u00e9rez Dolset han declarado ante el magistrado por los delitos de tr\u00e1fico de influencias y cohecho por las diversas reuniones que protagonizaron en busca de material con el que atacar a, entre otros, el mando de la Unidad Central Operativa (UCO) de la Guardia Civil Antonio Balas, que lidera diversas investigaciones que afectan al entorno del presidente del Gobierno, Pedro S\u00e1nchez. <\/p>\n<p class=\"voc-p\" style=\"\">En uno de esos audios grabados por Stampa se pod\u00eda escuchar a P\u00e9rez Dolset y a D\u00edez explicando que hab\u00edan recibido la orden del presidente de \u00ablimpiar sin l\u00edmite\u00bb despu\u00e9s de que trascendiera la imputaci\u00f3n de su esposa, Bego\u00f1a G\u00f3mez.<\/p>\n<p class=\"voc-p\" style=\"\">\u00abLa vida sigue hasta que sale la imputaci\u00f3n de Bego\u00f1a (G\u00f3mez), mujer del presidente, en abril del a\u00f1o pasado\u00bb, explica el empresario a Stampa en esa grabaci\u00f3n a la que tuvo acceso este diario, tras lo cual relata que Leire D\u00edez le pregunt\u00f3 entonces por el material entregado a Asuntos Internos. \u00abEntonces ella (Leire) volvi\u00f3 all\u00ed a su casa (en referencia al PSOE) y dijo, &#8216;Mira, hay todo esto&#8217;, y entonces el presidente ya dijo, que se limpie todo. L\u00edmpiese sin l\u00edmite. Los polic\u00edas que falsifiquen informes fuera, los fiscales que oculten pruebas fuera, los t\u00edos que fabrican causas fuera, y la politizaci\u00f3n del sistema judicial&#8230;\u00bb, explic\u00f3 P\u00e9rez Dolset. En medio de esa relaci\u00f3n de asuntos, la fontanera matiz\u00f3 a P\u00e9rez Dolset se\u00f1alando que el presidente le hab\u00eda dado la orden de forma directa: \u00abL\u00edmpiese\u00bb.<\/p>\n<p class=\"voc-p\" style=\"\">Cabe recordar que el juez acord\u00f3 abrir la causa contra la presunta fontanera tras aceptar una querella de Hazte O\u00edr en julio de 2025. Investiga tanto la reuni\u00f3n de D\u00edez con Hanlym como los encuentros con los fiscales Ignacio Stampa y Jos\u00e9 Grinda (a \u00e9ste se le habr\u00eda contactado a trav\u00e9s del periodista Pere Rusi\u00f1ol) y las dos citas con el comandante de la Guardia Civil Rub\u00e9n Villalba. En la causa constan hasta dos audios grabados por Stampa, otro de la reuni\u00f3n con Hamlyn y dos notas informativas elaboradas por Villalba.<\/p>\n","protected":false},"excerpt":{"rendered":"Con el pin de los objetivos de desarrollo sostenible (ODS) en la solapa de la americana, Leire D\u00edez&hellip;\n","protected":false},"author":2,"featured_media":241482,"comment_status":"","ping_status":"","sticky":false,"template":"","format":"standard","meta":{"footnotes":""},"categories":[8],"tags":[17,18,7754,9594,31236,1630,1563,25,24,13,14,11,1667,19,20,25809,9,10,15,16,62142,1699,6187,10160,23,12,21,22,3106],"class_list":{"0":"post-241481","1":"post","2":"type-post","3":"status-publish","4":"format-standard","5":"has-post-thumbnail","7":"category-espana","8":"tag-breaking-news","9":"tag-breakingnews","10":"tag-causas","11":"tag-cerdan","12":"tag-darle","13":"tag-diez","14":"tag-dos","15":"tag-es","16":"tag-espana","17":"tag-featured-news","18":"tag-featurednews","19":"tag-headlines","20":"tag-informacion","21":"tag-latest-news","22":"tag-latestnews","23":"tag-leire","24":"tag-news","25":"tag-noticias","26":"tag-noticias-destacadas","27":"tag-noticiasdestacadas","28":"tag-perjudicaban","29":"tag-psoe","30":"tag-reunio","31":"tag-sostiene","32":"tag-spain","33":"tag-titulares","34":"tag-ultimas-noticias","35":"tag-ultimasnoticias","36":"tag-veces"},"share_on_mastodon":{"url":"https:\/\/pubeurope.com\/@es\/115566902503212829","error":""},"_links":{"self":[{"href":"https:\/\/www.europesays.com\/es\/wp-json\/wp\/v2\/posts\/241481","targetHints":{"allow":["GET"]}}],"collection":[{"href":"https:\/\/www.europesays.com\/es\/wp-json\/wp\/v2\/posts"}],"about":[{"href":"https:\/\/www.europesays.com\/es\/wp-json\/wp\/v2\/types\/post"}],"author":[{"embeddable":true,"href":"https:\/\/www.europesays.com\/es\/wp-json\/wp\/v2\/users\/2"}],"replies":[{"embeddable":true,"href":"https:\/\/www.europesays.com\/es\/wp-json\/wp\/v2\/comments?post=241481"}],"version-history":[{"count":0,"href":"https:\/\/www.europesays.com\/es\/wp-json\/wp\/v2\/posts\/241481\/revisions"}],"wp:featuredmedia":[{"embeddable":true,"href":"https:\/\/www.europesays.com\/es\/wp-json\/wp\/v2\/media\/241482"}],"wp:attachment":[{"href":"https:\/\/www.europesays.com\/es\/wp-json\/wp\/v2\/media?parent=241481"}],"wp:term":[{"taxonomy":"category","embeddable":true,"href":"https:\/\/www.europesays.com\/es\/wp-json\/wp\/v2\/categories?post=241481"},{"taxonomy":"post_tag","embeddable":true,"href":"https:\/\/www.europesays.com\/es\/wp-json\/wp\/v2\/tags?post=241481"}],"curies":[{"name":"wp","href":"https:\/\/api.w.org\/{rel}","templated":true}]}}