{"id":241486,"date":"2025-11-17T20:27:20","date_gmt":"2025-11-17T20:27:20","guid":{"rendered":"https:\/\/www.europesays.com\/es\/241486\/"},"modified":"2025-11-17T20:27:20","modified_gmt":"2025-11-17T20:27:20","slug":"alcaraz-se-dirige-a-la-grada-durante-el-calentamiento-previo-a-la-final-y-hace-una-pregunta-imposible-de-imaginar","status":"publish","type":"post","link":"https:\/\/www.europesays.com\/es\/241486\/","title":{"rendered":"Alcaraz se dirige a la grada durante el calentamiento previo a la final y hace una pregunta imposible de imaginar"},"content":{"rendered":"<p>El tenista espa\u00f1ol <b>Carlos Alcaraz perdi\u00f3 este domingo la final de ATP Final contra Jannik Sinner<\/b> en un igualado partido que se decidi\u00f3 por detalles por 7-6 y 7-5 a favor del italiano. El murciano tuvo punto de set en la primera manga y un break a favor en la segunda, pero no consigui\u00f3 llevarse ese primer parcial ni mantener la ventaja en el segundo y acab\u00f3 sucumbiendo ante el italiano, que jugaba en casa.\u00a0<\/p>\n<p>En el calentamiento <b>Alcaraz hizo una pregunta a la grada<\/b> mientras le estaban vendando el isquiotibial en el muslo de su pierna izquierda que se ha hecho viral en la red social de X, la antigua Twitter.<\/p>\n<p>El de El Palmar se acerc\u00f3 a la grada y le pregunt\u00f3 al periodista Germ\u00e1n R.Abril por c\u00f3mo iba el Murcia:<b> \u00ab\u00bfC\u00f3mo va el Murcia, Germ\u00e1n?\u00bb<\/b>. Le contest\u00f3 que 0-0 (termin\u00f3 as\u00ed) y, en ese momento, Alcaraz afirm\u00f3 que \u00abcontra el Teruel, t\u00edo, van terceros o cuartos en la tabla\u00bb. \u00abUn empate es mejor que una derrota\u00bb, asegur\u00f3 antes de comenzar el entrenamiento.<\/p>\n<p><b>\u00abAlcaraz, preocupado por el Real Murcia<\/b> antes de su calentamiento en el d\u00eda de la final de las ATP Finals.\u00a0Imagen cortes\u00eda de Movistar+\u00bb, ha escrito el periodista en su perfil de X junto a las im\u00e1genes del momento.<\/p>\n<p>El \u00faltimo reto de la temporada\u00a0<\/p>\n<p>A pesar de esta derrota en Tur\u00edn ante Sinner, Alcaraz va a terminar el a\u00f1o como n\u00famero 1 del mundo por segunda vez en su carrera, despu\u00e9s de que lo consiguiera en 2022. Adem\u00e1s, <b>va a afrontar la fase final a 8 de la Copa Davis,<\/b> que se va a disputar en Bolonia esta semana.\u00a0<\/p>\n<p>Espa\u00f1a, que debuta el jueves en su eliminatoria contra la Rep\u00fablica Checa, <b>est\u00e1 pendiente de la lesi\u00f3n en la pierna izquierda de Alcaraz<\/b>, ya que es la principal baza del equipo capitaneado por David Ferrer. Junto a \u00e9l,\u00a0el equipo lo componen Jaume Munar, Pablo Carre\u00f1o, Pedro Mart\u00ednez y Marcel Granollers.<\/p>\n<p>En rueda de prensa opin\u00f3 sobre su lesi\u00f3n en el isquiotibial y si est\u00e1 su participaci\u00f3n en el aire: \u00ab\u00bfQue me perjudique para Bolonia? Yo creo que no, o espero que no; <b>ma\u00f1ana iremos para all\u00e1, queremos saber qu\u00e9 tal<\/b>, c\u00f3mo evoluciona estos d\u00edas, pero mi intenci\u00f3n es estar y dar lo mejor para Espa\u00f1a\u00bb.<\/p>\n","protected":false},"excerpt":{"rendered":"El tenista espa\u00f1ol Carlos Alcaraz perdi\u00f3 este domingo la final de ATP Final contra Jannik Sinner en un&hellip;\n","protected":false},"author":2,"featured_media":241487,"comment_status":"","ping_status":"","sticky":false,"template":"","format":"standard","meta":{"footnotes":""},"categories":[274],"tags":[545,168,25,24,23,167,327,326],"class_list":{"0":"post-241486","1":"post","2":"type-post","3":"status-publish","4":"format-standard","5":"has-post-thumbnail","7":"category-tenis","8":"tag-carlos-alcaraz","9":"tag-deportes","10":"tag-es","11":"tag-espana","12":"tag-spain","13":"tag-sports","14":"tag-tenis","15":"tag-tennis"},"share_on_mastodon":{"url":"https:\/\/pubeurope.com\/@es\/115566925900015126","error":""},"_links":{"self":[{"href":"https:\/\/www.europesays.com\/es\/wp-json\/wp\/v2\/posts\/241486","targetHints":{"allow":["GET"]}}],"collection":[{"href":"https:\/\/www.europesays.com\/es\/wp-json\/wp\/v2\/posts"}],"about":[{"href":"https:\/\/www.europesays.com\/es\/wp-json\/wp\/v2\/types\/post"}],"author":[{"embeddable":true,"href":"https:\/\/www.europesays.com\/es\/wp-json\/wp\/v2\/users\/2"}],"replies":[{"embeddable":true,"href":"https:\/\/www.europesays.com\/es\/wp-json\/wp\/v2\/comments?post=241486"}],"version-history":[{"count":0,"href":"https:\/\/www.europesays.com\/es\/wp-json\/wp\/v2\/posts\/241486\/revisions"}],"wp:featuredmedia":[{"embeddable":true,"href":"https:\/\/www.europesays.com\/es\/wp-json\/wp\/v2\/media\/241487"}],"wp:attachment":[{"href":"https:\/\/www.europesays.com\/es\/wp-json\/wp\/v2\/media?parent=241486"}],"wp:term":[{"taxonomy":"category","embeddable":true,"href":"https:\/\/www.europesays.com\/es\/wp-json\/wp\/v2\/categories?post=241486"},{"taxonomy":"post_tag","embeddable":true,"href":"https:\/\/www.europesays.com\/es\/wp-json\/wp\/v2\/tags?post=241486"}],"curies":[{"name":"wp","href":"https:\/\/api.w.org\/{rel}","templated":true}]}}