{"id":241524,"date":"2025-11-17T20:53:09","date_gmt":"2025-11-17T20:53:09","guid":{"rendered":"https:\/\/www.europesays.com\/es\/241524\/"},"modified":"2025-11-17T20:53:09","modified_gmt":"2025-11-17T20:53:09","slug":"el-surne-bilbao-basket-y-sus-dos-caras-radicalmente-opuestas","status":"publish","type":"post","link":"https:\/\/www.europesays.com\/es\/241524\/","title":{"rendered":"El Surne Bilbao Basket y sus dos caras radicalmente opuestas"},"content":{"rendered":"<blockquote class=\"twitter-tweet\" data-lang=\"es\">\n<p lang=\"es\" dir=\"ltr\">\ud83d\udcca \u00a1As\u00ed queda la CLASIFICACI\u00d3N al terminar la Jornada 7\u20e3 de la <a href=\"https:\/\/twitter.com\/hashtag\/LigaEndesa?src=hash&amp;ref_src=twsrc%5Etfw\" rel=\"nofollow noopener\" target=\"_blank\">#LigaEndesa<\/a>!<\/p>\n<p>\ud83e\udd47 <a href=\"https:\/\/twitter.com\/valenciabasket?ref_src=twsrc%5Etfw\" rel=\"nofollow noopener\" target=\"_blank\">@valenciabasket<\/a> <br \/>\ud83e\udd48 <a href=\"https:\/\/twitter.com\/RMBaloncesto?ref_src=twsrc%5Etfw\" rel=\"nofollow noopener\" target=\"_blank\">@RMBaloncesto<\/a> <br \/>\ud83e\udd49 <a href=\"https:\/\/twitter.com\/Penya1930?ref_src=twsrc%5Etfw\" rel=\"nofollow noopener\" target=\"_blank\">@Penya1930<\/a> <a href=\"https:\/\/t.co\/wvb6Ofpkze\" rel=\"nofollow\">pic.twitter.com\/wvb6Ofpkze<\/a><\/p>\n<p>\u2014 Liga Endesa (@ACBCOM) <a href=\"https:\/\/twitter.com\/ACBCOM\/status\/1990154651061158338?ref_src=twsrc%5Etfw\" rel=\"nofollow noopener\" target=\"_blank\">16 de noviembre de 2025<\/a><\/p><\/blockquote>\n<p class=\"article-body__text \">\n        En estas siete primeras jornadas, el conjunto que dirige <a href=\"https:\/\/www.deia.eus\/tags\/jaume-ponsarnau\/\" title=\"Jaume Ponsarnau\" class=\"link copy\" rel=\"nofollow noopener\" target=\"_blank\">Jaume Ponsarnau<\/a> ha ofrecido<strong> importantes dientes de sierra en cuanto a su rendimiento<\/strong>, algo que tampoco es de extra\u00f1ar teniendo en cuenta que el colectivo ha tenido que atravesar por el<strong> l\u00f3gico proceso de ensamblaje<\/strong>. Desde el horrible duelo en Badalona, cayendo por 32 puntos ante el Joventut en un choque con un primer cuarto en el que no logr\u00f3 ninguna canasta en juego, hasta el <strong>magn\u00edfico partido como local en casa ante el Casademont Zaragoza, <\/strong>resuelto por un brillante 106-75.\n<\/p>\n<p>  Gran defensa<\/p>\n<p class=\"article-body__text \">\n        En lo que respecta al <strong>plano puramente estad\u00edstico,<\/strong> los hombres de negro han ofrecido <strong>dos caras radicalmente opuestas<\/strong> dependiendo si lo que se mide es<strong> su desempe\u00f1o defensivo o en lo ofensivo<\/strong>. En lo que a la defensa de su aro se refiere, <strong>el <\/strong><a href=\"https:\/\/www.deia.eus\/tags\/surne-bilbao-basket\/\" title=\"Surne Bilbao Basket\" class=\"link copy\" rel=\"nofollow noopener\" target=\"_blank\"><strong>Surne Bilbao Basket<\/strong><\/a><strong> es aut\u00e9ntica \u00e9lite de la Liga Endesa,<\/strong> concretamente el <strong>tercer equipo que mejor eficiencia defensiva<\/strong> (puntos recibidos por el equipo cada 100 posesiones) presenta a estas alturas, con 102,7. Es llamativo que los otros cuatro conjuntos que figuran en el top 5 de este ep\u00edgrafe, liderado por el Real Madrid con 99,1 puntos,<strong> se encuentran tambi\u00e9n entre los cinco primeros clasificados<\/strong> en la competici\u00f3n liguera.\n<\/p>\n<p class=\"article-body__text \">\n        El rendimiento de los de Ponsarnau en esta faceta del juego se ha ido <strong>consolidando con el avance de la competici\u00f3n.<\/strong> En los tres primeros encuentros sus rivales <strong>alcanzaron o superaron los 85 puntos anotados, <\/strong>mientras que en los \u00faltimos cuatro la mayor cantidad encajada aconteci\u00f3 <strong>el pasado domingo <\/strong><a href=\"https:\/\/www.deia.eus\/bilbao-basket\/2025\/11\/16\/surne-bilbao-basket-cae-honor-real-madrid-10359171.html\" title=\"ante el Real Madrid\" target=\"_blank\" class=\"link copy\" rel=\"nofollow noopener\"><strong>ante el Real Madrid<\/strong><\/a><strong>, con 82.<\/strong> Ninguno de los otros tres contrincantes, Morabanc Andorra, Baxi Manresa y Casademont Zaragoza, <strong>alcanz\u00f3 los 80,<\/strong> qued\u00e1ndose muy por debajo de sus promedios habituales.\n<\/p>\n<p>  Flojo ataque<\/p>\n<p class=\"article-body__text \">\n        En el caso de los hombres de negro su problema radica que en lo que respecta a <strong>la eficiencia ofensiva<\/strong>, los puntos anotados por el equipo cada cien posesiones, debido a que su rendimiento <strong>desciende de manera brusca hasta la \u00faltima posici\u00f3n<\/strong> en la competici\u00f3n dom\u00e9stica con 100,5, punto y medio menos que el pen\u00faltimo, el Baxi Manresa, con 122. La vizcaina es <strong>una de las seis escuadras de la competici\u00f3n que est\u00e1 jugando a m\u00e1s de 80 posesiones por cita<\/strong>, pero sus niveles de acierto no est\u00e1n siendo los deseados, sobre todo en lo referente a los<strong> lanzamientos de dos puntos (48,8%) y a los tiros libres (69%), <\/strong>pen\u00faltimo en ambos apartados. En lo que a los triples se refiere, su punto de mira se ha mostrado m\u00e1s atinado en las \u00faltimas jornadas y ocupa la 13\u00aa posici\u00f3n con un 31,6%.\n<\/p>\n<p>  Dificultades a domicilio<\/p>\n<p class=\"article-body__text \">\n        En este an\u00e1lisis de su rendimiento a la hora de buscar el aro rival, <strong>el conjunto vizcaino sale especialmente perjudicado de sus cuatro encuentros disputados lejos de Miribilla<\/strong> porque en tres de ellos ni siquiera super\u00f3 los 70 puntos anotados <strong>(68 en M\u00e1laga, 69 en Badalona y 70 el domingo en Madrid<\/strong>), una cifra muy inferior al rango que permite opositar a las victorias en el baloncesto de hoy en d\u00eda, mientras que en el cuarto, en Manresa, se qued\u00f3 en 77. Por contra, <strong>en Miribilla su desempe\u00f1o ha sido notablemente superior,<\/strong> con 106 puntos ante el Zaragoza, 95 contra el San Pablo Burgos y 81 frente al Andorra.\n<\/p>\n<p>            <script async src=\"https:\/\/platform.twitter.com\/widgets.js\" charset=\"utf-8\"><\/script><\/p>\n","protected":false},"excerpt":{"rendered":"\ud83d\udcca \u00a1As\u00ed queda la CLASIFICACI\u00d3N al terminar la Jornada 7\u20e3 de la #LigaEndesa! \ud83e\udd47 @valenciabasket \ud83e\udd48 @RMBaloncesto \ud83e\udd49&hellip;\n","protected":false},"author":2,"featured_media":241525,"comment_status":"","ping_status":"","sticky":false,"template":"","format":"standard","meta":{"footnotes":""},"categories":[269],"tags":[299,1918,298,2601,3160,168,57369,2917,25,24,1044,62150,23,167,40205],"class_list":{"0":"post-241524","1":"post","2":"type-post","3":"status-publish","4":"format-standard","5":"has-post-thumbnail","7":"category-baloncesto","8":"tag-baloncesto","9":"tag-basket","10":"tag-basketball","11":"tag-bilbao","12":"tag-caras","13":"tag-deportes","14":"tag-eficiencia","15":"tag-endesa","16":"tag-es","17":"tag-espana","18":"tag-liga","19":"tag-radicalmente","20":"tag-spain","21":"tag-sports","22":"tag-surne"},"share_on_mastodon":{"url":"https:\/\/pubeurope.com\/@es\/115567028174343722","error":""},"_links":{"self":[{"href":"https:\/\/www.europesays.com\/es\/wp-json\/wp\/v2\/posts\/241524","targetHints":{"allow":["GET"]}}],"collection":[{"href":"https:\/\/www.europesays.com\/es\/wp-json\/wp\/v2\/posts"}],"about":[{"href":"https:\/\/www.europesays.com\/es\/wp-json\/wp\/v2\/types\/post"}],"author":[{"embeddable":true,"href":"https:\/\/www.europesays.com\/es\/wp-json\/wp\/v2\/users\/2"}],"replies":[{"embeddable":true,"href":"https:\/\/www.europesays.com\/es\/wp-json\/wp\/v2\/comments?post=241524"}],"version-history":[{"count":0,"href":"https:\/\/www.europesays.com\/es\/wp-json\/wp\/v2\/posts\/241524\/revisions"}],"wp:featuredmedia":[{"embeddable":true,"href":"https:\/\/www.europesays.com\/es\/wp-json\/wp\/v2\/media\/241525"}],"wp:attachment":[{"href":"https:\/\/www.europesays.com\/es\/wp-json\/wp\/v2\/media?parent=241524"}],"wp:term":[{"taxonomy":"category","embeddable":true,"href":"https:\/\/www.europesays.com\/es\/wp-json\/wp\/v2\/categories?post=241524"},{"taxonomy":"post_tag","embeddable":true,"href":"https:\/\/www.europesays.com\/es\/wp-json\/wp\/v2\/tags?post=241524"}],"curies":[{"name":"wp","href":"https:\/\/api.w.org\/{rel}","templated":true}]}}