{"id":241547,"date":"2025-11-17T21:06:11","date_gmt":"2025-11-17T21:06:11","guid":{"rendered":"https:\/\/www.europesays.com\/es\/241547\/"},"modified":"2025-11-17T21:06:11","modified_gmt":"2025-11-17T21:06:11","slug":"cancelaron-la-subasta-de-objetos-de-supervivientes-del-holocausto-que-causo-indignacion","status":"publish","type":"post","link":"https:\/\/www.europesays.com\/es\/241547\/","title":{"rendered":"Cancelaron la subasta de objetos de supervivientes del Holocausto que caus\u00f3 indignaci\u00f3n"},"content":{"rendered":"<p><img alt=\"Un visitante observa fotograf\u00edas de\" class=\"global-image\" decoding=\"async\" fetchpriority=\"high\" height=\"2333\" loading=\"eager\" src=\"https:\/\/www.europesays.com\/es\/wp-content\/uploads\/2025\/11\/B3HPK4HOXFG5JEKCSIIOG7I25M.JPG\" width=\"3500\"\/>Un visitante observa fotograf\u00edas de v\u00edctimas del Holocausto en el Museo de Historia del Holocausto de Yad Vashem en Jerusal\u00e9n, el 18 de abril de 2012. A partir del mi\u00e9rcoles por la noche, Israel conmemora el d\u00eda anual de la memoria en honor a los seis millones de jud\u00edos asesinados por los nazis durante el Holocausto en la Segunda Guerra Mundial. REUTERS\/Nir Elias\/Foto de archivo<\/p>\n<p class=\"paragraph\">La pol\u00e9mica subasta prevista para este lunes de varios objetos personales de supervivientes del Holocausto,<b> entre ellos una estrella de David con \u201cse\u00f1ales de uso\u201d<\/b>, por parte de una casa de subastas alemana, fue suspendida despu\u00e9s de que se acumulasen protestas, entre otras del Gobierno polaco.<\/p>\n<p class=\"paragraph\">La casa de subastas <b>Felzmann <\/b>de la ciudad de D\u00fcsseldorf, en el oeste del pa\u00eds, retir\u00f3 el lote de<b> 623 objetos<\/b>, que<b> se anunciaba bajo el nombre \u201cEl sistema del terror, parte II, 1933-1945\u201d<\/b>, de su web sin pronunciarse al respecto.<\/p>\n<p class=\"paragraph\">La v\u00edspera, el ministro de Exteriores polaco, Radoslaw Sikorski, hizo p\u00fablico en X que se hab\u00eda quejado a su hom\u00f3logo alem\u00e1n, Johann Wadephul, y que ambos estaban de acuerdo en que era preciso<b> evitar \u201cun esc\u00e1ndalo de tal magnitud\u201d<\/b>.<\/p>\n<p class=\"paragraph\">\u201cLa memoria de las v\u00edctimas del Holocausto no es una mercanc\u00eda y no puede ser objeto de comercio. <b>La diplomacia polaca solicita la devoluci\u00f3n de los objetos al Museo de Auschwitz<\/b>\u201d, escribi\u00f3 con respecto a los efectos personales de supervivientes del campo de exterminio nazi, procedentes de una colecci\u00f3n privada.<\/p>\n<p><img alt=\"El presidente de Polonia, Karol\" class=\"global-image\" decoding=\"async\" fetchpriority=\"low\" height=\"3667\" loading=\"lazy\" src=\"https:\/\/www.europesays.com\/es\/wp-content\/uploads\/2025\/11\/GAGE24ATLNCERLFTMTDW534ICE.JPG\" width=\"5500\"\/>El presidente de Polonia, Karol Nawrocki. REUTERS\/Radovan Stoklasa<\/p>\n<p class=\"paragraph\">Por su parte, un portavoz del presidente polaco, Karol Nawrocki, manifest\u00f3 en X que el jefe de Estado espera que el Gobierno de Polonia adquiera todos los objetos de v\u00edctimas de los cr\u00edmenes nazis en suelo polaco y sume su precio a la factura general de las reparaciones de guerra que sigue demandando Varsovia a Berl\u00edn.<\/p>\n<p class=\"paragraph\">Con anterioridad hab\u00edan protestado tambi\u00e9n el Comit\u00e9 Internacional de Auschwitz, que inst\u00f3 a la casa de subastas a<b> \u201cpreservar la decencia humana\u201d y a cancelar la venta<\/b>, y el Instituto Fritz Bauer sobre la Historia y el Efecto del Holocausto, con sede en Fr\u00e1ncfort.<\/p>\n<p class=\"paragraph\"><b>\u201c\u00bfLa carta de un prisionero polaco de Auschwitz de 1940 por 180 euros? \u00bfUna ficha de la Gestapo con informaciones sobre la ejecuci\u00f3n de un habitante jud\u00edo del gueto de Mackheim en Prusia Oriental en julio de 1942 por 350 euros? \u00bfO mejor la informaci\u00f3n sobre la muerte en 1944 de una paciente en el marco de la as\u00ed llamada eutanasia en la instituci\u00f3n sanitaria Hadamar tambi\u00e9n por 350 euros?\u201c<\/b>, se preguntaba este \u00faltimo en un comunicado.<\/p>\n<p class=\"paragraph\">El lote conten\u00eda varios cientos de cartas de presos en campos nazis con sus familiares, las notas personales del comandante de Auschwitz Arthur Liebehenschel en preparaci\u00f3n para su proceso en 1947, fichas de la Gestapo, carteles de propaganda antisemita o una estrella de David \u201ccon se\u00f1ales de uso\u201d, entre otros.<\/p>\n<p><img alt=\"El Comit\u00e9 Internacional de Auschwitz,\" class=\"global-image\" decoding=\"async\" fetchpriority=\"low\" height=\"5464\" loading=\"lazy\" src=\"https:\/\/www.europesays.com\/es\/wp-content\/uploads\/2025\/11\/EO2SLS766BAK3KIJX6PJCEVZJI.jpg\" width=\"8192\"\/>El Comit\u00e9 Internacional de Auschwitz, que inst\u00f3 a la casa de subastas a \u201cpreservar la decencia humana\u201d y a cancelar la venta. REUTERS\/Nir Elias<\/p>\n<p class=\"paragraph\">Originalmente, la casa de subastas hab\u00eda justificado la acci\u00f3n en declaraciones al diario alem\u00e1n FAZ se\u00f1alando que con la recolecci\u00f3n de efectos hist\u00f3ricos los investigadores privados realizan \u201cuna contribuci\u00f3n al esclarecimiento de los hechos hist\u00f3ricos\u201d y que su actividad no ten\u00eda como objetivo \u201ccomerciar con el sufrimiento, sino la preservaci\u00f3n\u201d de la memoria. <\/p>\n<p class=\"paragraph\">(con informaci\u00f3n de EFE)<\/p>\n","protected":false},"excerpt":{"rendered":"Un visitante observa fotograf\u00edas de v\u00edctimas del Holocausto en el Museo de Historia del Holocausto de Yad Vashem&hellip;\n","protected":false},"author":2,"featured_media":241548,"comment_status":"","ping_status":"","sticky":false,"template":"","format":"standard","meta":{"footnotes":""},"categories":[42],"tags":[32245,17,18,13,14,11,61,62,63,64,19,20,2148,2149,9,10,15,16,12,21,22,3191,65,66,67],"class_list":["post-241547","post","type-post","status-publish","format-standard","has-post-thumbnail","category-internacional","tag-anniversaries","tag-breaking-news","tag-breakingnews","tag-featured-news","tag-featurednews","tag-headlines","tag-internacional","tag-international","tag-international-news","tag-internationalnews","tag-latest-news","tag-latestnews","tag-middle-east","tag-military-conflicts","tag-news","tag-noticias","tag-noticias-destacadas","tag-noticiasdestacadas","tag-titulares","tag-ultimas-noticias","tag-ultimasnoticias","tag-war","tag-world","tag-world-news","tag-worldnews"],"share_on_mastodon":{"url":"https:\/\/pubeurope.com\/@es\/115567079576714603","error":""},"_links":{"self":[{"href":"https:\/\/www.europesays.com\/es\/wp-json\/wp\/v2\/posts\/241547","targetHints":{"allow":["GET"]}}],"collection":[{"href":"https:\/\/www.europesays.com\/es\/wp-json\/wp\/v2\/posts"}],"about":[{"href":"https:\/\/www.europesays.com\/es\/wp-json\/wp\/v2\/types\/post"}],"author":[{"embeddable":true,"href":"https:\/\/www.europesays.com\/es\/wp-json\/wp\/v2\/users\/2"}],"replies":[{"embeddable":true,"href":"https:\/\/www.europesays.com\/es\/wp-json\/wp\/v2\/comments?post=241547"}],"version-history":[{"count":0,"href":"https:\/\/www.europesays.com\/es\/wp-json\/wp\/v2\/posts\/241547\/revisions"}],"wp:featuredmedia":[{"embeddable":true,"href":"https:\/\/www.europesays.com\/es\/wp-json\/wp\/v2\/media\/241548"}],"wp:attachment":[{"href":"https:\/\/www.europesays.com\/es\/wp-json\/wp\/v2\/media?parent=241547"}],"wp:term":[{"taxonomy":"category","embeddable":true,"href":"https:\/\/www.europesays.com\/es\/wp-json\/wp\/v2\/categories?post=241547"},{"taxonomy":"post_tag","embeddable":true,"href":"https:\/\/www.europesays.com\/es\/wp-json\/wp\/v2\/tags?post=241547"}],"curies":[{"name":"wp","href":"https:\/\/api.w.org\/{rel}","templated":true}]}}