{"id":241560,"date":"2025-11-17T21:17:10","date_gmt":"2025-11-17T21:17:10","guid":{"rendered":"https:\/\/www.europesays.com\/es\/241560\/"},"modified":"2025-11-17T21:17:10","modified_gmt":"2025-11-17T21:17:10","slug":"durisimo-comunicado-del-psg-contra-mbappe-lamentable","status":"publish","type":"post","link":"https:\/\/www.europesays.com\/es\/241560\/","title":{"rendered":"Dur\u00edsimo comunicado del PSG contra Mbapp\u00e9: \u201cLamentable\u201d"},"content":{"rendered":"<p class=\"\">El <b>Paris Saint-Germain<\/b> emiti\u00f3 un duro comunicado en el que arremete directamente contra <b>Kylian Mbapp\u00e9<\/b>, despu\u00e9s de la audiencia celebrada entre ambas partes en la que el jugador reclama 240 millones de euros por da\u00f1os y perjuicios en el marco del contencioso que mantienen por salarios y primas impagados. El club considera que el capit\u00e1n de la selecci\u00f3n francesa actu\u00f3 de forma desleal y que provoc\u00f3 \u201cuna situaci\u00f3n lamentable\u201d, perjudicando, seg\u00fan el <b>PSG<\/b>, los intereses de la instituci\u00f3n de manera prolongada.<\/p>\n<p class=\"\">A trav\u00e9s de sus abogados, el <b>PSG<\/b> compareci\u00f3 este mediod\u00eda en el <b>Consejo de Prud\u2019hommes<\/b> para argumentar que Mbapp\u00e9 no tiene la raz\u00f3n en el litigio que les enfrenta. El club alega que el exjugador parisino se comprometi\u00f3 a perdonar 55 millones de euros en concepto de salario, primas y bonus en una reuni\u00f3n con <b>Al Khela\u00effi<\/b> acontecida en julio de 2023. <\/p>\n<p class=\"\">\u201cEl club ha presentado pruebas que demuestran que el jugador ha actuado de forma desleal, al ocultar durante casi once meses, entre julio de 2022 y junio de 2023, su decisi\u00f3n de no renovar su contrato, privando as\u00ed al club de cualquier posibilidad de organizar un traspaso\u201d, afirma el comunicado, que despu\u00e9s ratifica que <b>Mbapp\u00e9<\/b> se comprometi\u00f3 a no percibir unas cantidades acordadas. \u201cEl jugador cuestion\u00f3 un acuerdo alcanzado con el club en agosto de 2023, que preve\u00eda una reducci\u00f3n de su remuneraci\u00f3n en caso de que decidiera marcharse libremente, con el fin de preservar la estabilidad financiera del club tras la excepcional inversi\u00f3n realizada\u201d, esgrimen.<\/p>\n<p class=\"\">El tribunal, reunido este mediod\u00eda con los abogados de <b>Kylian Mbapp\u00e9 y el PSG,<\/b> emitir\u00e1 un veredicto el 16 de diciembre. La representante del jugador del <b>Real Madrid<\/b>, <b>Delphine Verheyden,<\/b> pidi\u00f3 tambi\u00e9n la conversi\u00f3n del contrato de su cliente, de temporal a indefinido, para tener derecho a una mayor indemnizaci\u00f3n. El club franc\u00e9s intent\u00f3 que no se celebrara la sesi\u00f3n, arguyendo que dos tribunales, penal y laboral, no pod\u00edan dirimir al mismo tiempo de la misma cuesti\u00f3n, pero el juez declin\u00f3 la anulaci\u00f3n del procedimiento.<\/p>\n<p>El comunicado del PSG:<\/p>\n<p class=\"\">\u201cEl <b>Paris Saint-Germain<\/b> ha comparecido hoy ante el <b>Consejo de Prud\u2019hommes <\/b>de <b>Par\u00eds<\/b> con el fin de que se reconozcan los importantes perjuicios sufridos por el club como consecuencia del grave incumplimiento por parte de <b>Kylian Mbapp\u00e9 <\/b>de sus compromisos contractuales, legalmente vinculantes, y de los principios m\u00e1s elementales de buena fe y lealtad. <\/p>\n<p class=\"\">El club desea recordar que, durante m\u00e1s de un a\u00f1o, ha hecho todo lo posible por alcanzar una soluci\u00f3n amistosa que permitiera a todas las partes seguir adelante, de <b>conformidad<\/b> con la relaci\u00f3n de cooperaci\u00f3n y confianza que debe existir entre un club y su jugador. Varias instancias a las que se ha recurrido en el marco de este litigio han alentado un acuerdo amistoso, que el club siempre ha buscado de buena fe. A pesar de estos repetidos esfuerzos, el Sr. <b>Mbapp\u00e9<\/b> ha atacado continuamente al club en cada ocasi\u00f3n, incluso a trav\u00e9s del procedimiento iniciado hoy, una situaci\u00f3n <b>lamentable<\/b> tanto para el propio jugador como para el f\u00fatbol franc\u00e9s en su conjunto.<\/p>\n<p><img decoding=\"async\" src=\"https:\/\/www.europesays.com\/es\/wp-content\/uploads\/2025\/11\/E6FKT6R6WNKGCRPAAWR24XDEJ4.jpg\" alt=\"Dur\u00edsimo comunicado del PSG contra Mbapp\u00e9: \u201cLamentable\u201d\" height=\"3356\" width=\"5034\"   loading=\"lazy\"\/>CHRISTOPHE SIMON<\/p>\n<p class=\"\">Ante el tribunal, el club ha presentado pruebas que demuestran que el jugador ha actuado de forma desleal, al ocultar durante casi once meses, entre julio de 2022 y junio de 2023, su decisi\u00f3n de no renovar su contrato, privando as\u00ed al club de cualquier posibilidad de organizar un traspaso.<\/p>\n<p class=\"\">A continuaci\u00f3n, el jugador cuestion\u00f3 un acuerdo alcanzado con el club en agosto de 2023, que preve\u00eda una reducci\u00f3n de su remuneraci\u00f3n en caso de que decidiera marcharse libremente, con el fin de preservar la estabilidad financiera del club tras la excepcional inversi\u00f3n realizada. <\/p>\n<p class=\"\">Este ocultamiento, junto con la impugnaci\u00f3n de este acuerdo claro y documentado, caus\u00f3 al <b>Paris Saint-Germain<\/b> un perjuicio considerable que el club pretende hacer valer ante las instancias competentes.<\/p>\n<p class=\"\">Tal comportamiento ilustra, m\u00e1s all\u00e1 de una indiferencia por la salud econ\u00f3mica del club, un abuso de la confianza que el <b>Paris Saint-Germain<\/b> le hab\u00eda otorgado y que el jugador alimentaba regularmente a trav\u00e9s de sus declaraciones, como el 3 de enero de 2024, cuando declar\u00f3 en la zona mixta al t\u00e9rmino del partido en el <b>Parque<\/b>: \u201cA\u00fan no he tomado una decisi\u00f3n, pero con el acuerdo que hice con el presidente este verano, sea cual sea mi elecci\u00f3n, hemos logrado proteger a todas las partes y preservar la serenidad del club de cara a los retos que nos esperan, que es lo m\u00e1s importante. Mi decisi\u00f3n es secundaria.\u201d<\/p>\n<p class=\"\">En cuanto a la solicitud de recalificaci\u00f3n de su contrato en indefinido, el<b> Paris Saint-Germain<\/b> reafirma que carece totalmente de fundamento jur\u00eddico. Los contratos de los jugadores profesionales son contratos de duraci\u00f3n determinada espec\u00edficos, regulados por el <b>C\u00f3digo del Deporte <\/b>y homologados por la <b>Liga Francesa de F\u00fatbol<\/b> <b>Profesional,<\/b> de conformidad con la legislaci\u00f3n francesa y europea.<\/p>\n<p class=\"\">El <b>Paris Saint-Germain<\/b> tambi\u00e9n rechaza todas las acusaciones de acoso o presi\u00f3n, recordando que <b>Mbapp\u00e9<\/b> particip\u00f3 en m\u00e1s del 94 % de los partidos oficiales de la temporada 2023\/2024 \u2014todas las decisiones deportivas fueron tomadas por un entrenador ganador de la <b>Liga de Campeones<\/b>\u2014 y que siempre ha jugado en condiciones conformes con la <b>Carta del F\u00fatbol Profesional.<\/b><\/p>\n<p class=\"\">Tanto en derecho como en hecho, el jugador ha asumido compromisos p\u00fablicos y privados claros y repetidos, que el club simplemente le pide que respete, despu\u00e9s de haber disfrutado de condiciones excepcionales durante siete a\u00f1os en el<b> Par\u00eds Saint-Germain. <\/b><\/p>\n<p>Noticias relacionadas<\/p>\n<p class=\"\">El <b>Par\u00eds Saint-Germain<\/b> sigue defendiendo sus derechos con rigor. Fundamentalmente, se trata de una cuesti\u00f3n de buena fe, honestidad, mantenimiento de los valores y respeto a la instituci\u00f3n parisina y a sus aficionados. Al mismo tiempo, el <b>Paris Saint-Germain <\/b>contin\u00faa con la racha de la temporada m\u00e1s exitosa de su historia, basada en la solidaridad, el trabajo, el esp\u00edritu de equipo y la primac\u00eda del club sobre cualquier individualidad\u00bb.<\/p>\n<p class=\"\"><b>\u00a1Tus opiniones importan!<\/b> Comenta en los art\u00edculos y suscr\u00edbete gratis a nuestra <a href=\"https:\/\/asfan.as.com\/newsletters\/\" target=\"_blank\" rel=\"nofollow noopener\" title=\"https:\/\/asfan.as.com\/newsletters\/\">newsletter<\/a> y a las alertas informativas en la <a href=\"https:\/\/as.com\/aplicacion-de-as-n\/\" target=\"_blank\" rel=\"nofollow noopener\" title=\"https:\/\/as.com\/aplicacion-de-as-n\/\">App<\/a> o el canal de <a href=\"https:\/\/www.whatsapp.com\/channel\/0029VaAasdA7j6g745nz9M10\" target=\"_blank\" rel=\"nofollow noopener\" title=\"https:\/\/www.whatsapp.com\/channel\/0029VaAasdA7j6g745nz9M10\">WhatsApp<\/a>. \u00bfBuscas licenciar contenido? Haz clic <a href=\"https:\/\/profesional.elpais.com\/soluciones-sindicacion?utm_medium=interno&amp;utm_source=crosslinking&amp;utm_campaign=sindicacion_as_pie_articulos\" target=\"_blank\" rel=\"nofollow noopener\" title=\"https:\/\/profesional.elpais.com\/soluciones-sindicacion?utm_medium=interno&amp;utm_source=crosslinking&amp;utm_campaign=sindicacion_as_pie_articulos\">aqu\u00ed<\/a><\/p>\n","protected":false},"excerpt":{"rendered":"El Paris Saint-Germain emiti\u00f3 un duro comunicado en el que arremete directamente contra Kylian Mbapp\u00e9, despu\u00e9s de la&hellip;\n","protected":false},"author":2,"featured_media":241561,"comment_status":"","ping_status":"","sticky":false,"template":"","format":"standard","meta":{"footnotes":""},"categories":[268],"tags":[168,25,24,280,282,281,23,167],"class_list":{"0":"post-241560","1":"post","2":"type-post","3":"status-publish","4":"format-standard","5":"has-post-thumbnail","7":"category-futbol","8":"tag-deportes","9":"tag-es","10":"tag-espana","11":"tag-football","12":"tag-futbol","13":"tag-soccer","14":"tag-spain","15":"tag-sports"},"share_on_mastodon":{"url":"https:\/\/pubeurope.com\/@es\/115567122938432254","error":""},"_links":{"self":[{"href":"https:\/\/www.europesays.com\/es\/wp-json\/wp\/v2\/posts\/241560","targetHints":{"allow":["GET"]}}],"collection":[{"href":"https:\/\/www.europesays.com\/es\/wp-json\/wp\/v2\/posts"}],"about":[{"href":"https:\/\/www.europesays.com\/es\/wp-json\/wp\/v2\/types\/post"}],"author":[{"embeddable":true,"href":"https:\/\/www.europesays.com\/es\/wp-json\/wp\/v2\/users\/2"}],"replies":[{"embeddable":true,"href":"https:\/\/www.europesays.com\/es\/wp-json\/wp\/v2\/comments?post=241560"}],"version-history":[{"count":0,"href":"https:\/\/www.europesays.com\/es\/wp-json\/wp\/v2\/posts\/241560\/revisions"}],"wp:featuredmedia":[{"embeddable":true,"href":"https:\/\/www.europesays.com\/es\/wp-json\/wp\/v2\/media\/241561"}],"wp:attachment":[{"href":"https:\/\/www.europesays.com\/es\/wp-json\/wp\/v2\/media?parent=241560"}],"wp:term":[{"taxonomy":"category","embeddable":true,"href":"https:\/\/www.europesays.com\/es\/wp-json\/wp\/v2\/categories?post=241560"},{"taxonomy":"post_tag","embeddable":true,"href":"https:\/\/www.europesays.com\/es\/wp-json\/wp\/v2\/tags?post=241560"}],"curies":[{"name":"wp","href":"https:\/\/api.w.org\/{rel}","templated":true}]}}