{"id":241570,"date":"2025-11-17T21:23:08","date_gmt":"2025-11-17T21:23:08","guid":{"rendered":"https:\/\/www.europesays.com\/es\/241570\/"},"modified":"2025-11-17T21:23:08","modified_gmt":"2025-11-17T21:23:08","slug":"james-cameron-pretende-hacer-una-nueva-pelicula-de-alita-con-robert-rodriguez-estamos-avanzando-en-ello","status":"publish","type":"post","link":"https:\/\/www.europesays.com\/es\/241570\/","title":{"rendered":"James Cameron pretende hacer una nueva pel\u00edcula de Alita con Robert Rodriguez: \u00abestamos avanzando en ello\u00bb"},"content":{"rendered":"<p class=\"c-paragraph\">Corr\u00eda el a\u00f1o 2019 cuando aterriz\u00f3 en los cines <a href=\"https:\/\/www.hobbyconsolas.com\/reviews\/critica-alita-angel-combate-pelicula-robert-rodriguez-371071\" title=\"Cr\u00edtica de Alita, \u00e1ngel de combate, pel\u00edcula de Robert Rodr\u00edguez\" rel=\"nofollow noopener\" target=\"_blank\">Alita: \u00c1ngel de combat<\/a>e, una <b>pel\u00edcula<\/b> de imagen real basada en el cl\u00e1sico <b>manga<\/b> de Yukito Kishiro que dirigi\u00f3 <a href=\"https:\/\/www.hobbyconsolas.com\/opinion\/deberian-dejar-encargar-proyectos-gordos-robert-rodriguez-1009451\" title=\"\u00bfDeber\u00edan dejar de encargar proyectos gordos a Robert Rodr\u00edguez?\" rel=\"nofollow noopener\" target=\"_blank\">Robert Rodriguez<\/a> bajo un guion que coescribi\u00f3 junto a Laeta Kalogridis y el mism\u00edsimo\u00a0<a href=\"https:\/\/www.hobbyconsolas.com\/noticias\/james-cameron-no-afloja-duracion-avatar-fuego-ceniza-mantiene-extension-predecesoras-1485940\" title=\"James Cameron no afloja con la duraci\u00f3n de Avatar: Fuego y ceniza y mantiene la extensi\u00f3n de sus predecesoras\" rel=\"nofollow noopener\" target=\"_blank\">James Cameron<\/a>.<\/p>\n<p class=\"c-paragraph\">Protagonizada por Rosa Salazar y Christoph Waltz, la trama de la cinta sigue la historia de Alita, <b>una androide que\u00a0se despierta sin recordar qui\u00e9n es en un mundo futuro que no reconoce<\/b>.<\/p>\n<p class=\"c-paragraph\">Ido, un m\u00e9dico compasivo que encuentra a Alita, se da cuenta de que en alg\u00fan lugar de ese caparaz\u00f3n de cyborg abandonado, est\u00e1 el coraz\u00f3n y alma de una mujer joven con un pasado extraordinario.<\/p>\n<p class=\"c-paragraph\">Mientras Alita toma las riendas de su nueva vida y aprende a adaptarse a las peligrosas calles de Iron City, <b>Ido tratar\u00e1 de protegerla de su propio pasado, mientras que su nuevo amigo Hugo, en cambio, se ofrecer\u00e1 a ayudarla a desenterrar sus recuerdos<\/b>.<\/p>\n<p>James Cameron y Robert Rodriguez est\u00e1n \u00abavanzando\u00bb con la secuela de Alita: \u00c1ngel de combate<\/p>\n<p class=\"c-paragraph\">Tras su buena acogida en cines, no pocos fans se preguntaron por la secuela de Alita: \u00c1ngel de combate. Si bien parece que hab\u00eda planes sobre ello, el proyecto ha estado parado durante todos estos a\u00f1os y apenas se ha revelado informaci\u00f3n al respecto. Al menos hasta ahora.<\/p>\n<p class=\"c-paragraph\">Hablando con la revista <a href=\"https:\/\/www.empireonline.com\/movies\/news\/alita-2-james-cameron-robert-rodriguez-blood-oath-exclusive\/\" rel=\"nofollow noreferrer noopener\" title=\"Empire\" target=\"_blank\">Empire<\/a>, <b>James Cameron ha revelado que planea retomar el proyecto de la secuela de Alita con Robert Rodriguez<\/b> y hacer como m\u00ednimo una pel\u00edcula m\u00e1s con la que continuar adaptando el <a href=\"https:\/\/www.hobbyconsolas.com\/hobbycine\/anime-arrolla-hollywood-con-kimetsu-no-yaiba-los-actores-doblaje-ya-apuntan-un-cambio-paradigma-industria-cine_6898258_0.html\" title=\"El anime arrolla a Hollywood con Kimetsu no Yaiba y los actores de doblaje ya apuntan a un cambio de paradigma en la industria del cine\" rel=\"nofollow noopener\" target=\"_blank\">manga<\/a>.<\/p>\n<p class=\"c-paragraph\">\u00abAgradezco la lealtad de los fans de Alita. Robert Rodriguez y yo hemos jurado por nuestra sangre hacer al menos una pel\u00edcula m\u00e1s de Alita. De hecho, <b>estamos pensando en una estructura que nos permita hacer una tercera entrega, pero nos daremos por satisfechos con una m\u00e1s. Y estamos avanzando en ello<\/b>\u00ab, comparti\u00f3 el cineasta.<\/p>\n<p class=\"c-paragraph\">En estos momentos James Cameron se encuentra volcado en su ambiciosa franquicia Avatar, cuya tercera entrega, <a href=\"https:\/\/www.hobbyconsolas.com\/hobbycine\/guillermo-toro-ya-ha-visto-avatar-fuego-ceniza-ofrece-su-veredicto-va-sorprender-mucha-gente_6898433_0.html\" title=\"Guillermo del Toro ya ha visto Avatar: Fuego y ceniza y ofrece su veredicto: \u201cVa a sorprender a mucha gente\u201d\" rel=\"nofollow noopener\" target=\"_blank\">Avatar: Fuego y ceniza<\/a>, estrenar\u00e1 en las salas el pr\u00f3ximo 19 de diciembre de 2025. \u00bfTe gustar\u00eda ver una nueva <a href=\"https:\/\/www.hobbyconsolas.com\/hobbycine\/avatar-fuego-ceniza-abre-boca-los-fans-con-un-nuevo-poster-oficial-pelicula_6898137_0.html\" title=\"Avatar: Fuego y ceniza abre boca a los fans con un nuevo p\u00f3ster oficial de la pel\u00edcula\" rel=\"nofollow noopener\" target=\"_blank\">pel\u00edcula<\/a> de Alita: \u00c1ngel de combate de la mano de Robert Rodriguez y James Cameron?<\/p>\n","protected":false},"excerpt":{"rendered":"Corr\u00eda el a\u00f1o 2019 cuando aterriz\u00f3 en los cines Alita: \u00c1ngel de combate, una pel\u00edcula de imagen real&hellip;\n","protected":false},"author":2,"featured_media":241571,"comment_status":"","ping_status":"","sticky":false,"template":"","format":"standard","meta":{"footnotes":""},"categories":[169],"tags":[3702,177,146,147,25,24,176,21051,13783,175,30416,23,20877],"class_list":{"0":"post-241570","1":"post","2":"type-post","3":"status-publish","4":"format-standard","5":"has-post-thumbnail","7":"category-cine","8":"tag-cameron","9":"tag-cine","10":"tag-entertainment","11":"tag-entretenimiento","12":"tag-es","13":"tag-espana","14":"tag-film","15":"tag-hacer","16":"tag-james","17":"tag-movies","18":"tag-pretende","19":"tag-spain","20":"tag-una"},"share_on_mastodon":{"url":"https:\/\/pubeurope.com\/@es\/115567146195995659","error":""},"_links":{"self":[{"href":"https:\/\/www.europesays.com\/es\/wp-json\/wp\/v2\/posts\/241570","targetHints":{"allow":["GET"]}}],"collection":[{"href":"https:\/\/www.europesays.com\/es\/wp-json\/wp\/v2\/posts"}],"about":[{"href":"https:\/\/www.europesays.com\/es\/wp-json\/wp\/v2\/types\/post"}],"author":[{"embeddable":true,"href":"https:\/\/www.europesays.com\/es\/wp-json\/wp\/v2\/users\/2"}],"replies":[{"embeddable":true,"href":"https:\/\/www.europesays.com\/es\/wp-json\/wp\/v2\/comments?post=241570"}],"version-history":[{"count":0,"href":"https:\/\/www.europesays.com\/es\/wp-json\/wp\/v2\/posts\/241570\/revisions"}],"wp:featuredmedia":[{"embeddable":true,"href":"https:\/\/www.europesays.com\/es\/wp-json\/wp\/v2\/media\/241571"}],"wp:attachment":[{"href":"https:\/\/www.europesays.com\/es\/wp-json\/wp\/v2\/media?parent=241570"}],"wp:term":[{"taxonomy":"category","embeddable":true,"href":"https:\/\/www.europesays.com\/es\/wp-json\/wp\/v2\/categories?post=241570"},{"taxonomy":"post_tag","embeddable":true,"href":"https:\/\/www.europesays.com\/es\/wp-json\/wp\/v2\/tags?post=241570"}],"curies":[{"name":"wp","href":"https:\/\/api.w.org\/{rel}","templated":true}]}}