{"id":24158,"date":"2025-08-04T02:52:10","date_gmt":"2025-08-04T02:52:10","guid":{"rendered":"https:\/\/www.europesays.com\/es\/24158\/"},"modified":"2025-08-04T02:52:10","modified_gmt":"2025-08-04T02:52:10","slug":"la-clasica-san-sebastian-2025-en-imagenes-el-diario-vasco","status":"publish","type":"post","link":"https:\/\/www.europesays.com\/es\/24158\/","title":{"rendered":"La Cl\u00e1sica San Sebasti\u00e1n 2025, en im\u00e1genes &#8211; El Diario Vasco"},"content":{"rendered":"<ol>\n<li><a href=\"https:\/\/news.google.com\/rss\/articles\/CBMirAFBVV95cUxOX2FlS2t0RGNLbFBTc1g3YmJUMFlFV0dUdjdnR3lxQjNHX3RyaXhrNmZGQnFfWHphRDFqcEtabGIxR29BWkhyNTgyMHdDS09GNU5CN1VFMDJzRU1zN3JPT2RxUEZFQUZYRUtwaU96aG9NSS1aLXJydTFzMTZWQ1lNQlNWUUYza3E3QklrYWpUT1hJNlBWaG9iOW5EYjAxM2lBekZWWUJ1NUR4Z08y0gGyAUFVX3lxTFA5ZXNmRDg5V3pVT093MVB4ZmZOeFhacTI5T3U2WGYwcmp5NHlUbHc3YW9xYjhpOGxiWGZfTE1PV1FWYnE2NUIteUpOa294cWJZWG40WmhIaDNoMUx3cUtrS1BmUW9BZlZZb2FBeDNacnFzUWU5QmxLUzU3Sy0xS0ViVUNIQktwRlh0T1RCelNYdHdnaGJWTXUyNEZ5Tk1MSU1FT3h4end0WjloTkw4UHB5SHc?oc=5\" target=\"_blank\" rel=\"nofollow noopener\">La Cl\u00e1sica San Sebasti\u00e1n 2025, en im\u00e1genes<\/a>&nbsp;&nbsp;El Diario Vasco<\/li>\n<li><a href=\"https:\/\/news.google.com\/rss\/articles\/CBMiqAFBVV95cUxPNjYtUjVpaHlBYXo5cWxVVmRFM3cwT3dkMlBCVVpiUzdKRnprVUZLSFMzRVI3V1VKbkpxdjNVdGJSd3p2UmdYLWNrZEpXcVY3U0hSNFRzaHlwemVQS3hORFVqc3FyTmFzcVVFdUhLQmdyOHNqRW9JSkpiakVEZHhYMzVUV1N0aDdaWU05N041eU9IbFcwTGl4cUhDdWZNLWJnVFRISzZDT04?oc=5\" target=\"_blank\" rel=\"nofollow noopener\">\u00abTenemos tantos robos y peleas en el bar de Zabalburu que pensamos en cerrar\u00bb<\/a>&nbsp;&nbsp;El Correo<\/li>\n<li><a href=\"https:\/\/news.google.com\/rss\/articles\/CBMirAFBVV95cUxOQjlaMTJHdFFjdVB3a25RSHhPOHVFeTBUV1RXSmNVSV9FQkowNTNacU5KbXJ5ZHBBSlNXWWZ2dUhiS0ptVmJRMF92d1Q3ZVNOc013LTRyYWFnYWdhNWg0YVZKaWxYS0hBaWNFM3VKeGRuQmZveUtWdFEybnVLWnZFSjdOUm9zMWpRYjJhRjdMZXhJZEpRRlQ3OVlRdlExcXJfV1J3bjZIcG9WY0lM?oc=5\" target=\"_blank\" rel=\"nofollow noopener\">La fiesta no tiene edad para los S\u00e1nchez, Pintu, los hermanos Guevara&#8230;<\/a>&nbsp;&nbsp;El Correo<\/li>\n<li><a href=\"https:\/\/news.google.com\/rss\/articles\/CBMimgFBVV95cUxPbnlwR3BuZXJnNk5td1ZmcE5Nd0FTc2R1NUQzbFlKcUJObjI4NTd3QmQ5OHJuWTMzU0tBM09ZNUdYLXFzUnZGenctT2JUS3JMejNkdzV3SHREV1MyRWZfMG1maGlNd0N6UDNFQWs1bUN0SDg4anJ1RXlnUTZvRnM1QlExYWlZOUZjd3RqSFpNLW1oZjZxamRTYTVR?oc=5\" target=\"_blank\" rel=\"nofollow noopener\">Blusas y neskas: Cuando la amistad se hace fiesta<\/a>&nbsp;&nbsp;El Correo<\/li>\n<li><a href=\"https:\/\/news.google.com\/rss\/articles\/CBMikwFBVV95cUxQaU90bFc4U1VDUGN1TXNNNDA0M1FPakY0VTBDT29EQ1ROd0YwVWMtNDVjSmpzTTROTDdZMEdfVjZobzNsMlcyRk9SejdzMFJBZ2VRTmVkTHdNNDl0TGxnamdNZWF4LVpjcHFjaDhScDlnNHlyREhtRE5nWFp4d3pjaWEybzBVSTlxSHM5Z25xUkVBRWc?oc=5\" target=\"_blank\" rel=\"nofollow noopener\">Las im\u00e1genes del Circuito de Getxo 2025<\/a>&nbsp;&nbsp;El Correo<\/li>\n<\/ol>\n","protected":false},"excerpt":{"rendered":"La Cl\u00e1sica San Sebasti\u00e1n 2025, en im\u00e1genes&nbsp;&nbsp;El Diario Vasco \u00abTenemos tantos robos y peleas en el bar de&hellip;\n","protected":false},"author":2,"featured_media":24159,"comment_status":"","ping_status":"","sticky":false,"template":"","format":"standard","meta":{"footnotes":""},"categories":[273],"tags":[45,313,2683,312,168,25,24,1641,2228,11678,23,167],"class_list":{"0":"post-24158","1":"post","2":"type-post","3":"status-publish","4":"format-standard","5":"has-post-thumbnail","7":"category-ciclismo","8":"tag-45","9":"tag-ciclismo","10":"tag-clasica","11":"tag-cycling","12":"tag-deportes","13":"tag-es","14":"tag-espana","15":"tag-imagenes","16":"tag-san","17":"tag-sebastian","18":"tag-spain","19":"tag-sports"},"share_on_mastodon":{"url":"","error":""},"_links":{"self":[{"href":"https:\/\/www.europesays.com\/es\/wp-json\/wp\/v2\/posts\/24158","targetHints":{"allow":["GET"]}}],"collection":[{"href":"https:\/\/www.europesays.com\/es\/wp-json\/wp\/v2\/posts"}],"about":[{"href":"https:\/\/www.europesays.com\/es\/wp-json\/wp\/v2\/types\/post"}],"author":[{"embeddable":true,"href":"https:\/\/www.europesays.com\/es\/wp-json\/wp\/v2\/users\/2"}],"replies":[{"embeddable":true,"href":"https:\/\/www.europesays.com\/es\/wp-json\/wp\/v2\/comments?post=24158"}],"version-history":[{"count":0,"href":"https:\/\/www.europesays.com\/es\/wp-json\/wp\/v2\/posts\/24158\/revisions"}],"wp:featuredmedia":[{"embeddable":true,"href":"https:\/\/www.europesays.com\/es\/wp-json\/wp\/v2\/media\/24159"}],"wp:attachment":[{"href":"https:\/\/www.europesays.com\/es\/wp-json\/wp\/v2\/media?parent=24158"}],"wp:term":[{"taxonomy":"category","embeddable":true,"href":"https:\/\/www.europesays.com\/es\/wp-json\/wp\/v2\/categories?post=24158"},{"taxonomy":"post_tag","embeddable":true,"href":"https:\/\/www.europesays.com\/es\/wp-json\/wp\/v2\/tags?post=24158"}],"curies":[{"name":"wp","href":"https:\/\/api.w.org\/{rel}","templated":true}]}}