{"id":241605,"date":"2025-11-17T21:46:05","date_gmt":"2025-11-17T21:46:05","guid":{"rendered":"https:\/\/www.europesays.com\/es\/241605\/"},"modified":"2025-11-17T21:46:05","modified_gmt":"2025-11-17T21:46:05","slug":"primer-trailer-de-vaiana-la-pelicula-live-action-con-dwayne-johnson-y-catherine-lagaaia","status":"publish","type":"post","link":"https:\/\/www.europesays.com\/es\/241605\/","title":{"rendered":"Primer tr\u00e1iler de \u2018Vaiana\u2019, la pel\u00edcula live action con Dwayne Johnson y Catherine Laga\u2019aia"},"content":{"rendered":"<p class=\"\">Buenas noticias para los fans <a href=\"https:\/\/as.com\/meristation\/cine\/las-10-peliculas-mas-taquilleras-de-la-historia-de-disney-puede-vaiana-2-colarse-en-el-ranking-n\/\" target=\"_self\" rel=\"nofollow noopener\" title=\"https:\/\/as.com\/meristation\/cine\/las-10-peliculas-mas-taquilleras-de-la-historia-de-disney-puede-vaiana-2-colarse-en-el-ranking-n\/\">del mundo de Disney<\/a>: ya tenemos las primeras im\u00e1genes oficiales del live action de \u2018Vaiana\u2019. El primer tr\u00e1iler que ha publicado la productora no deja dudas sobre la fuerte inversi\u00f3n que est\u00e1n realizando para que el mundo cobre vida respecto <a href=\"https:\/\/as.com\/meristation\/cine\/critica-de-vaina-2-un-agradable-espectaculo-visual-y-musical-que-pierde-algo-de-frescura-r\/\" target=\"_self\" rel=\"nofollow noopener\" title=\"https:\/\/as.com\/meristation\/cine\/critica-de-vaina-2-un-agradable-espectaculo-visual-y-musical-que-pierde-algo-de-frescura-r\/\">a sus entregas animadas<\/a>. <b>Puedes verlo en la parte superior de esta noticia<\/b>.<\/p>\n<p class=\"\">El 10 de julio del 2026 es la fecha escogida por Disney para celebrar su estreno por todo lo alto. La cinta ha cobrado especial relevancia por la presencia de <b>Dwayne Johnson<\/b>, <a href=\"https:\/\/as.com\/meristation\/cine\/dwayne-johnson-mas-grande-que-nunca-en-las-primeras-imagenes-del-live-action-de-vaiana-n\/\" target=\"_self\" rel=\"nofollow noopener\" title=\"https:\/\/as.com\/meristation\/cine\/dwayne-johnson-mas-grande-que-nunca-en-las-primeras-imagenes-del-live-action-de-vaiana-n\/\">de aspecto irreconocible interpretando al semidi\u00f3s Maui<\/a>. De darle voz en las originales, ahora salta al set de rodaje tanto como actor como productor. A su lado se encuentra la joven Catherine Laga\u2019aia, que ser\u00e1 la guerrera Vaiana.<\/p>\n<p class=\"\">\u201cVaiana (Catherine Laga\u02bbaia) responde a la llamada del oc\u00e9ano y, por primera vez, viaja m\u00e1s all\u00e1 del arrecife de su isla de Motunui con el semidi\u00f3s Maui (Dwayne Johnson) <b>en un viaje inolvidable para devolver la prosperidad a su pueblo<\/b>\u201d, desvela Disney en su descripci\u00f3n oficial. Cero sorpresas en este sentido, ya que directamente es una adaptaci\u00f3n a la acci\u00f3n real. Junto a los mencionados estar\u00e1n John Tui (Jefe Tui), Frankie Adams (Sina) y Rena Owen (abuela Tala). M\u00e1s actores quedan pendientes de confirmar.<\/p>\n<p class=\"\">En el tr\u00e1iler solo vemos a Johnson de espaldas, lanz\u00e1ndose al vac\u00edo usando su incomparable fuerza. <b>Todo lo contrario que a Laga\u2019aia<\/b>, que domina las olas como las mejores que se han visto.<\/p>\n<p><b>\u00bfD\u00f3nde ver puedo ver las entregas originales de \u2018Vaiana\u2019?<\/b><\/p>\n<p class=\"\">Si no quieres esperar al live action, puedes ver tanto \u2018Vaiana\u2019 como \u2018Vaiana 2\u2032 <b>en el cat\u00e1logo de Disney+<\/b>.<\/p>\n<p class=\"\">Suscr\u00edbete al <a href=\"https:\/\/www.youtube.com\/@meristation\" target=\"_self\" rel=\"nofollow noopener\" title=\"https:\/\/www.youtube.com\/@meristation\">canal de MeriStation en YouTube<\/a>, tu web de videojuegos y entretenimiento para conocer todas las noticias y novedades sobre el mundo del videojuego, cine, series, manga y anime. An\u00e1lisis, entrevistas, tr\u00e1ileres, gameplays, p\u00f3dcast y mucho m\u00e1s. Tambi\u00e9n te animamos a seguir <a href=\"https:\/\/www.tiktok.com\/@meristation\" rel=\"nofollow noopener\" title=\"https:\/\/www.tiktok.com\/@meristation\" target=\"_blank\">nuestra cuenta de TikTok<\/a>. <\/p>\n<p class=\"\">\u00a1S\u00edguenos en ambas y, si est\u00e1s interesado en licenciar este contenido, pincha <a href=\"https:\/\/profesional.elpais.com\/landing-sindicacion\/?utm_medium=interno&amp;utm_source=crosslinking&amp;utm_campaign=sindicacion_as_pie_articulos\" target=\"_blank\" rel=\"nofollow noopener\" title=\"https:\/\/profesional.elpais.com\/landing-sindicacion\/?utm_medium=interno&amp;utm_source=crosslinking&amp;utm_campaign=sindicacion_as_pie_articulos\">aqu\u00ed<\/a>!<\/p>\n<p><script async src=\"\/\/www.tiktok.com\/embed.js\"><\/script><\/p>\n","protected":false},"excerpt":{"rendered":"Buenas noticias para los fans del mundo de Disney: ya tenemos las primeras im\u00e1genes oficiales del live action&hellip;\n","protected":false},"author":2,"featured_media":241606,"comment_status":"","ping_status":"","sticky":false,"template":"","format":"standard","meta":{"footnotes":""},"categories":[169],"tags":[177,146,147,25,24,176,175,23],"class_list":{"0":"post-241605","1":"post","2":"type-post","3":"status-publish","4":"format-standard","5":"has-post-thumbnail","7":"category-cine","8":"tag-cine","9":"tag-entertainment","10":"tag-entretenimiento","11":"tag-es","12":"tag-espana","13":"tag-film","14":"tag-movies","15":"tag-spain"},"share_on_mastodon":{"url":"","error":""},"_links":{"self":[{"href":"https:\/\/www.europesays.com\/es\/wp-json\/wp\/v2\/posts\/241605","targetHints":{"allow":["GET"]}}],"collection":[{"href":"https:\/\/www.europesays.com\/es\/wp-json\/wp\/v2\/posts"}],"about":[{"href":"https:\/\/www.europesays.com\/es\/wp-json\/wp\/v2\/types\/post"}],"author":[{"embeddable":true,"href":"https:\/\/www.europesays.com\/es\/wp-json\/wp\/v2\/users\/2"}],"replies":[{"embeddable":true,"href":"https:\/\/www.europesays.com\/es\/wp-json\/wp\/v2\/comments?post=241605"}],"version-history":[{"count":0,"href":"https:\/\/www.europesays.com\/es\/wp-json\/wp\/v2\/posts\/241605\/revisions"}],"wp:featuredmedia":[{"embeddable":true,"href":"https:\/\/www.europesays.com\/es\/wp-json\/wp\/v2\/media\/241606"}],"wp:attachment":[{"href":"https:\/\/www.europesays.com\/es\/wp-json\/wp\/v2\/media?parent=241605"}],"wp:term":[{"taxonomy":"category","embeddable":true,"href":"https:\/\/www.europesays.com\/es\/wp-json\/wp\/v2\/categories?post=241605"},{"taxonomy":"post_tag","embeddable":true,"href":"https:\/\/www.europesays.com\/es\/wp-json\/wp\/v2\/tags?post=241605"}],"curies":[{"name":"wp","href":"https:\/\/api.w.org\/{rel}","templated":true}]}}