{"id":241607,"date":"2025-11-17T21:47:06","date_gmt":"2025-11-17T21:47:06","guid":{"rendered":"https:\/\/www.europesays.com\/es\/241607\/"},"modified":"2025-11-17T21:47:06","modified_gmt":"2025-11-17T21:47:06","slug":"la-final-de-la-copa-del-rey-de-futbol-se-jugara-en-la-cartuja-tres-anos-mas","status":"publish","type":"post","link":"https:\/\/www.europesays.com\/es\/241607\/","title":{"rendered":"La final de la Copa del Rey de F\u00fatbol se jugar\u00e1 en La Cartuja tres a\u00f1os m\u00e1s"},"content":{"rendered":"<p><strong>El estadio de La Cartuja de Sevilla acoger\u00e1 la final de la Copa del Rey los pr\u00f3ximos tres a\u00f1os<\/strong>. Es decir, hasta el a\u00f1o 2028. As\u00ed lo ha anunciado este lunes el presidente de la Real Federaci\u00f3n Espa\u00f1ola de F\u00fatbol (RFEF), <strong>Rafael Louz\u00e1n<\/strong>, en una comparecencia a la que ha asistido el presidente de la Junta de Andaluc\u00eda, <strong>Juanma Moreno<\/strong>, y el alcalde de Sevilla, <strong>Jos\u00e9 Luis Sanz<\/strong>, tras la Junta Directiva del organismo. Louz\u00e1n no ha fijado fecha del evento, aunque ha asegurado que ser\u00e1 a \u00abfinales de abril\u00bb. Tambi\u00e9n ha agradecido el esfuerzo de las administraciones auton\u00f3mica y local y ha reconocido que han sido \u00abvarias\u00bb las ciudades que han optado a ser la sede.<\/p>\n<p>Moreno indic\u00f3, en declaraciones facilitadas por la Junta de Andaluc\u00eda, que la reedici\u00f3n del acuerdo con la RFEF supone que \u00abel Estadio La Cartuja habr\u00e1 celebrado desde 2020 y hasta 2028 un total de nueve finales de Copa del Rey\u00bb. Precis\u00f3 que las seis ya disputadas entre 2020 y 2025 en dicho recinto, construido para el Mundial de Atletismo de 1999 y que recientemente ha ampliado su aforo hasta los\u00a0<strong>70.000 espectadores<\/strong>, \u00abtuvieron un impacto econ\u00f3mico de <strong>257 millones de euros<\/strong>, incluyendo dos partidos sin p\u00fablico a causa de la pandemia\u00bb. \u00abUn estadio hoy convertido en una referencia, fruto de una apuesta acertada de este Gobierno. A la vista est\u00e1n los importantes r\u00e9ditos econ\u00f3micos y de imagen que est\u00e1n suponiendo para Andaluc\u00eda\u00bb, subray\u00f3 el presidente andaluz.<\/p>\n<p>En su comunicado, la Junta de Andaluc\u00eda destaca que \u00abla profunda remodelaci\u00f3n\u00bb de La Cartuja, estrenada en la final de Copa de 2025 que el Barcelona le gan\u00f3 al Real Madrid, conllev\u00f3, \u00abadem\u00e1s de la ampliaci\u00f3n del grader\u00edo -con 12.000 nuevos asientos m\u00e1s hasta alcanzar los 70.000-, la renovaci\u00f3n de vestuarios y vomitorios, t\u00fanel de jugadores o aseos.\u00a0Esta actuaci\u00f3n, que incluy\u00f3 otras mejoras, supuso una inversi\u00f3n de 10 millones de euros por parte de la Junta de Andaluc\u00eda, seg\u00fan la nota, que a\u00f1ade que actualmente este estadio acoge los partidos como local del Real Betis por las obras de la nueva Preferencia del Benito Villamar\u00edn y ser\u00e1 una de las sedes del Mundial 2030 compartido por Espa\u00f1a con Marruecos y Portugal.<\/p>\n<p>\u00abEl Estadio La Cartuja se ha asentado como uno de los grandes recintos del pa\u00eds, pasando de ser una gran infraestructura en desuso y en estado de abandono a erigirse en una referencia nacional e internacional con la capacidad necesaria para acoger grandes eventos de distinta tipolog\u00eda incluso m\u00e1s all\u00e1 del deporte, como por ejemplo grandes conciertos multitudinarios\u00bb, recalca la Junta.<\/p>\n<p>En esta l\u00ednea, el alcalde de Sevilla, <strong>Jos\u00e9 Luis Sanz<\/strong>, ha calificado la decisi\u00f3n como \u00abimportante para la ciudad\u00bb. Ha agradecido el esfuerzo de la Junta de Andaluc\u00eda en \u00abrecuperar\u00bb el estadio, asimismo se ha comprometido a que todos los accesos e instalaciones estar\u00e1n en \u00ablas mejores condiciones\u00bb para la final de 2023. \u00abSevilla volver\u00e1 a estar a la altura\u00bb, ha afirmado.<\/p>\n","protected":false},"excerpt":{"rendered":"El estadio de La Cartuja de Sevilla acoger\u00e1 la final de la Copa del Rey los pr\u00f3ximos tres&hellip;\n","protected":false},"author":2,"featured_media":241608,"comment_status":"","ping_status":"","sticky":false,"template":"","format":"standard","meta":{"footnotes":""},"categories":[93],"tags":[168,25,24,62166,23,167],"class_list":{"0":"post-241607","1":"post","2":"type-post","3":"status-publish","4":"format-standard","5":"has-post-thumbnail","7":"category-deportes","8":"tag-deportes","9":"tag-es","10":"tag-espana","11":"tag-la-final-de-la-copa-del-rey-de-futbol-se-jugara-en-la-cartuja-tres-anos-mas","12":"tag-spain","13":"tag-sports"},"share_on_mastodon":{"url":"https:\/\/pubeurope.com\/@es\/115567240430309832","error":""},"_links":{"self":[{"href":"https:\/\/www.europesays.com\/es\/wp-json\/wp\/v2\/posts\/241607","targetHints":{"allow":["GET"]}}],"collection":[{"href":"https:\/\/www.europesays.com\/es\/wp-json\/wp\/v2\/posts"}],"about":[{"href":"https:\/\/www.europesays.com\/es\/wp-json\/wp\/v2\/types\/post"}],"author":[{"embeddable":true,"href":"https:\/\/www.europesays.com\/es\/wp-json\/wp\/v2\/users\/2"}],"replies":[{"embeddable":true,"href":"https:\/\/www.europesays.com\/es\/wp-json\/wp\/v2\/comments?post=241607"}],"version-history":[{"count":0,"href":"https:\/\/www.europesays.com\/es\/wp-json\/wp\/v2\/posts\/241607\/revisions"}],"wp:featuredmedia":[{"embeddable":true,"href":"https:\/\/www.europesays.com\/es\/wp-json\/wp\/v2\/media\/241608"}],"wp:attachment":[{"href":"https:\/\/www.europesays.com\/es\/wp-json\/wp\/v2\/media?parent=241607"}],"wp:term":[{"taxonomy":"category","embeddable":true,"href":"https:\/\/www.europesays.com\/es\/wp-json\/wp\/v2\/categories?post=241607"},{"taxonomy":"post_tag","embeddable":true,"href":"https:\/\/www.europesays.com\/es\/wp-json\/wp\/v2\/tags?post=241607"}],"curies":[{"name":"wp","href":"https:\/\/api.w.org\/{rel}","templated":true}]}}