{"id":241609,"date":"2025-11-17T21:48:11","date_gmt":"2025-11-17T21:48:11","guid":{"rendered":"https:\/\/www.europesays.com\/es\/241609\/"},"modified":"2025-11-17T21:48:11","modified_gmt":"2025-11-17T21:48:11","slug":"una-investigacion-del-centro-genyo-del-pts-descubre-una-proteina-que-alimenta-el-cancer-de-pulmon","status":"publish","type":"post","link":"https:\/\/www.europesays.com\/es\/241609\/","title":{"rendered":"Una investigaci\u00f3n del centro Genyo del PTS descubre una prote\u00edna que &#8216;alimenta&#8217; el c\u00e1ncer de pulm\u00f3n"},"content":{"rendered":"<p>\u00abEste hallazgo nos permite pensar en terapias que no solo frenen el crecimiento del tumor, sino que apaguen la maquinaria que lo impulsa\u00bb, afirma el catedr\u00e1tico de la UGR Pedro Medina. \t\t\t\t\t\t<\/p>\n<p>\t\t\t\t\t\t\t<img loading=\"lazy\" decoding=\"async\" typeof=\"foaf:Image\" src=\"https:\/\/www.europesays.com\/es\/wp-content\/uploads\/2025\/11\/image001_8.jpg\" width=\"698\" height=\"557\" alt=\"Equipo de investigaci\u00f3n que ha realizado el trabajo. \"\/><\/p>\n<p>ugr<\/p>\n<p>Equipo de investigaci\u00f3n que ha realizado el trabajo. <\/p>\n<p>El c\u00e1ncer de pulm\u00f3n es el tumor con mayor mortalidad en Espa\u00f1a, responsable de m\u00e1s de 23.000 muertes cada a\u00f1o, y se encuentra entre los de mayor incidencia, especialmente en hombres, aunque su frecuencia est\u00e1 aumentando de forma preocupante en mujeres debido al incremento del h\u00e1bito tab\u00e1quico en las \u00faltimas d\u00e9cadas.<\/p>\n<p>Coincidiendo con del D\u00eda Internacional del C\u00e1ncer de Pulm\u00f3n, que se celebra el 17 de noviembre, un equipo de la Universidad de Granada ha presentado un avance que mejora la comprensi\u00f3n de esta enfermedad y abre nuevas v\u00edas terap\u00e9uticas. El trabajo ha sido coordinado por al catedr\u00e1tico de la Universidad de Granda <strong>Pedro P. Medina Vico<\/strong>, procedente del grupo \u201cRegulaci\u00f3n de la expresi\u00f3n gen\u00e9tica en c\u00e1ncer\u201d y con adscripci\u00f3n a Genyo y al Instituto de Investigaci\u00f3n Biosanitaria de Granada (ibs.Granada).\u00a0<\/p>\n<p>Investigadores de Genyo (Centro Pfizer-Universidad de Granada-Junta de Andaluc\u00eda de Gen\u00f3mica y Oncolog\u00eda, en el PTS) han descubierto que la prote\u00edna PKP1 (plakofilina 1) ayuda a las c\u00e9lulas tumorales a obtener energ\u00eda y a crecer m\u00e1s r\u00e1pidamente. El estudio demuestra que PKP1 estabiliza a otra prote\u00edna esencial, PFKP, encargada de controlar la entrada de glucosa en la ruta metab\u00f3lica que las c\u00e9lulas cancerosas utilizan para \u201calimentarse\u201d. En ausencia de PKP1, las c\u00e9lulas cancer\u00edgenas pierden capacidad energ\u00e9tica y frenan su crecimiento, lo que sugiere que bloquear esta prote\u00edna podr\u00eda ser una nueva estrategia terap\u00e9utica frente al carcinoma escamoso de pulm\u00f3n.<\/p>\n<p>El proyecto se ha desarrollado con la colaboraci\u00f3n de la Universidad de Aarhus (Dinamarca) y la Universidad de Roma Tor Vergata (Italia), gracias a las estancias de investigaci\u00f3n realizadas por los estudiantes de doctorado. cooperaci\u00f3n internacional ha permitido integrar enfoques complementarios en biolog\u00eda molecular, edici\u00f3n gen\u00e9tica y metabolismo celular, fortaleciendo el car\u00e1cter traslacional del estudio.<\/p>\n<p>Una nueva v\u00eda para tratar el c\u00e1ncer de pulm\u00f3n<\/p>\n<p>El profesor Pedro P. Medina Vico explica que \u201ceste hallazgo nos permite pensar en terapias que no solo frenen el crecimiento del tumor, sino que apaguen la maquinaria que lo impulsa. Si conseguimos bloquear PKP1 usando nuevas generaciones de f\u00e1rmacos como los PROTACs, podr\u00edamos da\u00f1ar las c\u00e9lulas tumorales cort\u00e1ndoles la fuente de energ\u00eda que necesitan para crecer\u201d.<\/p>\n<p>M\u00e1s all\u00e1 de su relevancia cient\u00edfica, este trabajo abre una puerta a la medicina personalizada y refuerza la idea de que comprender los mecanismos metab\u00f3licos del c\u00e1ncer es clave para dise\u00f1ar tratamientos m\u00e1s precisos.<\/p>\n<p>En un d\u00eda dedicado a la concienciaci\u00f3n y la prevenci\u00f3n, la Universidad de Granada y Genyo subrayan la importancia de la investigaci\u00f3n b\u00e1sica y traslacional como motor de progreso frente al c\u00e1ncer de pulm\u00f3n. Evitar el tabaco, reducir la exposici\u00f3n a contaminantes y consultar al m\u00e9dico ante s\u00edntomas persistentes siguen siendo las medidas m\u00e1s eficaces para prevenir la enfermedad, pero el futuro pasa tambi\u00e9n por la ciencia.<\/p>\n<p>\u201cCada avance en el laboratorio\u00a0 es un paso m\u00e1s hacia terapias que mejoren la vida de miles de pacientes y, en el c\u00e1ncer de pulm\u00f3n, que combina una alta incidencia con una elevada letalidad, resulta, si cabe, a\u00fan m\u00e1s importante seguir investigando para hacer de ello una realidad., recuerda Medina Vico,<\/p>\n<p>\u00a0<\/p>\n","protected":false},"excerpt":{"rendered":"\u00abEste hallazgo nos permite pensar en terapias que no solo frenen el crecimiento del tumor, sino que apaguen&hellip;\n","protected":false},"author":2,"featured_media":241610,"comment_status":"","ping_status":"","sticky":false,"template":"","format":"standard","meta":{"footnotes":""},"categories":[92],"tags":[25,24,165,166,23],"class_list":{"0":"post-241609","1":"post","2":"type-post","3":"status-publish","4":"format-standard","5":"has-post-thumbnail","7":"category-salud","8":"tag-es","9":"tag-espana","10":"tag-health","11":"tag-salud","12":"tag-spain"},"share_on_mastodon":{"url":"https:\/\/pubeurope.com\/@es\/115567244874062476","error":""},"_links":{"self":[{"href":"https:\/\/www.europesays.com\/es\/wp-json\/wp\/v2\/posts\/241609","targetHints":{"allow":["GET"]}}],"collection":[{"href":"https:\/\/www.europesays.com\/es\/wp-json\/wp\/v2\/posts"}],"about":[{"href":"https:\/\/www.europesays.com\/es\/wp-json\/wp\/v2\/types\/post"}],"author":[{"embeddable":true,"href":"https:\/\/www.europesays.com\/es\/wp-json\/wp\/v2\/users\/2"}],"replies":[{"embeddable":true,"href":"https:\/\/www.europesays.com\/es\/wp-json\/wp\/v2\/comments?post=241609"}],"version-history":[{"count":0,"href":"https:\/\/www.europesays.com\/es\/wp-json\/wp\/v2\/posts\/241609\/revisions"}],"wp:featuredmedia":[{"embeddable":true,"href":"https:\/\/www.europesays.com\/es\/wp-json\/wp\/v2\/media\/241610"}],"wp:attachment":[{"href":"https:\/\/www.europesays.com\/es\/wp-json\/wp\/v2\/media?parent=241609"}],"wp:term":[{"taxonomy":"category","embeddable":true,"href":"https:\/\/www.europesays.com\/es\/wp-json\/wp\/v2\/categories?post=241609"},{"taxonomy":"post_tag","embeddable":true,"href":"https:\/\/www.europesays.com\/es\/wp-json\/wp\/v2\/tags?post=241609"}],"curies":[{"name":"wp","href":"https:\/\/api.w.org\/{rel}","templated":true}]}}