{"id":241615,"date":"2025-11-17T21:51:21","date_gmt":"2025-11-17T21:51:21","guid":{"rendered":"https:\/\/www.europesays.com\/es\/241615\/"},"modified":"2025-11-17T21:51:21","modified_gmt":"2025-11-17T21:51:21","slug":"pradales-se-reune-con-sapa-para-conocer-sus-planesde-expansion-internacional","status":"publish","type":"post","link":"https:\/\/www.europesays.com\/es\/241615\/","title":{"rendered":"Pradales se re\u00fane con Sapa para conocer sus planesde expansi\u00f3n internacional"},"content":{"rendered":"<p>El lehendakari Imanol Pradales mantuvo ayer en Bilbao un encuentro con el presidente de Sapa, Jokin Aperribay, y con el vicepresidente, Ibon Aperribay, en una  &#8230; reuni\u00f3n de trabajo para compartir an\u00e1lisis con uno de los actores estrat\u00e9gicos de la industria de defensa de Euskadi. La cita, celebrada en el Edificio de la Bolsa, permiti\u00f3 analizar la situaci\u00f3n del sector en Espa\u00f1a \u2013en plena oleada de inversi\u00f3n por las exigencias desde el otro lado del Atl\u00e1ntico para alcanzar el 2% del PIB en gasto\u2013, y sirvi\u00f3 para que los directivos trasladaran al l\u00edder del Ejecutivo vasco los principales ejes de su hoja de ruta tecnol\u00f3gica e internacional.<\/p>\n<p class=\"v-p\">El encuentro llega en un momento especialmente relevante para Sapa. Solo unas semanas despu\u00e9s de la reuni\u00f3n mantenida en Moncloa con el presidente del Gobierno, Pedro S\u00e1nchez, la compa\u00f1\u00eda de Andoain vive la fase de mayor proyecci\u00f3n exterior de su historia, con presencia destacada en los programas de movilidad del Ej\u00e9rcito de Estados Unidos y un plan sostenido de crecimiento en el arco atl\u00e1ntico \u2014Estados Unidos y Europa\u2014, \u00fanico foco geogr\u00e1fico de su expansi\u00f3n industrial.<\/p>\n<p class=\"v-p\">No en vano, el grupo de la familia Aperribay fue la \u00fanica empresa espa\u00f1ola presente en Ausa 2025, la feria de defensa m\u00e1s importante de EE UU celebrada en Washington, un espacio reservado a proveedores directos del US Army. Esta participaci\u00f3n se enmarca en el gran programa de movilidad del Ej\u00e9rcito estadounidense en el que Sapa participa desde su filial de Shelby (Michigan). Desde esta planta \u2014situada junto al polo industrial de General Dynamics y al campo de pruebas de movilidad del US Army\u2014 la compa\u00f1\u00eda suministrar\u00e1 la transmisi\u00f3n del nuevo veh\u00edculo de referencia del Ej\u00e9rcito de EE UU.<\/p>\n<p><a href=\"http:\/\/www.diariovasco.com\/economia\/empresas\/guipuzcoanas\/respaldo-sanchez-refuerza-sapa-plena-reconfiguracion-defensa-20251112000736-nt.html#vtm_modulosEngag=mod-rel:economia:noticia:1:cmp:1-not\" class=\"v-a-link\" aria-label=\"Imagen\" rel=\"nofollow noopener\" target=\"_blank\"><\/p>\n<p><img decoding=\"async\" loading=\"lazy\" src=\"https:\/\/www.europesays.com\/es\/wp-content\/uploads\/2025\/11\/1502477404-kON--366x256@Diario Vasco.jpg\" class=\"v-a-img\" width=\"258\" height=\"180\" alt=\"\" data-voc-vtm-id=\"in-text-traffic\"\/><\/p>\n<p><\/a><\/p>\n<p class=\"v-p\">Adem\u00e1s de su expansi\u00f3n en EE UU, Sapa mantiene un papel central en Tess Defence, el consorcio encargado del blindado 8\u00d78 Drag\u00f3n para el Ej\u00e9rcito espa\u00f1ol, junto a Indra y Escribano. En la actualidad, la empresa moderniza tambi\u00e9n las transmisiones de los blindados Pizarro y Castor dentro de un contrato de 27 millones de euros, consolidando su perfil como proveedor tecnol\u00f3gico de referencia en la movilidad terrestre militar.<\/p>\n<p class=\"v-p\">El respaldo expresado por Pradales llega en un momento en el que el sector se encuentra en plena reconfiguraci\u00f3n, con Indra \u2014de la que Sapa es accionista con un 7,9 %\u2014 inmersa en el proceso de integraci\u00f3n de Escribano Mechanical &amp; Engineering. Mientras el grupo estatal reorganiza su per\u00edmetro, Sapa contin\u00faa centrada en su estrategia propia: tecnolog\u00eda, independencia industrial y crecimiento internacional en los programas m\u00e1s exigentes del \u00e1mbito atl\u00e1ntico.<\/p>\n","protected":false},"excerpt":{"rendered":"El lehendakari Imanol Pradales mantuvo ayer en Bilbao un encuentro con el presidente de Sapa, Jokin Aperribay, y&hellip;\n","protected":false},"author":2,"featured_media":241616,"comment_status":"","ping_status":"","sticky":false,"template":"","format":"standard","meta":{"footnotes":""},"categories":[80],"tags":[6635,82,95,94,25,24,8231,582,61,5670,33668,48838,49437,23,7674],"class_list":{"0":"post-241615","1":"post","2":"type-post","3":"status-publish","4":"format-standard","5":"has-post-thumbnail","7":"category-economia","8":"tag-apoyo","9":"tag-business","10":"tag-economia","11":"tag-economy","12":"tag-es","13":"tag-espana","14":"tag-expansion","15":"tag-gobierno","16":"tag-internacional","17":"tag-plena","18":"tag-pradales","19":"tag-reafirma","20":"tag-sapa","21":"tag-spain","22":"tag-vasco"},"share_on_mastodon":{"url":"https:\/\/pubeurope.com\/@es\/115567256473419122","error":""},"_links":{"self":[{"href":"https:\/\/www.europesays.com\/es\/wp-json\/wp\/v2\/posts\/241615","targetHints":{"allow":["GET"]}}],"collection":[{"href":"https:\/\/www.europesays.com\/es\/wp-json\/wp\/v2\/posts"}],"about":[{"href":"https:\/\/www.europesays.com\/es\/wp-json\/wp\/v2\/types\/post"}],"author":[{"embeddable":true,"href":"https:\/\/www.europesays.com\/es\/wp-json\/wp\/v2\/users\/2"}],"replies":[{"embeddable":true,"href":"https:\/\/www.europesays.com\/es\/wp-json\/wp\/v2\/comments?post=241615"}],"version-history":[{"count":0,"href":"https:\/\/www.europesays.com\/es\/wp-json\/wp\/v2\/posts\/241615\/revisions"}],"wp:featuredmedia":[{"embeddable":true,"href":"https:\/\/www.europesays.com\/es\/wp-json\/wp\/v2\/media\/241616"}],"wp:attachment":[{"href":"https:\/\/www.europesays.com\/es\/wp-json\/wp\/v2\/media?parent=241615"}],"wp:term":[{"taxonomy":"category","embeddable":true,"href":"https:\/\/www.europesays.com\/es\/wp-json\/wp\/v2\/categories?post=241615"},{"taxonomy":"post_tag","embeddable":true,"href":"https:\/\/www.europesays.com\/es\/wp-json\/wp\/v2\/tags?post=241615"}],"curies":[{"name":"wp","href":"https:\/\/api.w.org\/{rel}","templated":true}]}}