{"id":241617,"date":"2025-11-17T21:52:11","date_gmt":"2025-11-17T21:52:11","guid":{"rendered":"https:\/\/www.europesays.com\/es\/241617\/"},"modified":"2025-11-17T21:52:11","modified_gmt":"2025-11-17T21:52:11","slug":"condenan-a-pena-de-muerte-a-la-ex-primera-ministra-sheikh-hasina-por-crimenes-de-lesa-humanidad","status":"publish","type":"post","link":"https:\/\/www.europesays.com\/es\/241617\/","title":{"rendered":"Condenan a pena de muerte a la ex primera ministra Sheikh Hasina por cr\u00edmenes de lesa humanidad"},"content":{"rendered":"\n<p> El Tribunal Internacional de Cr\u00edmenes de Banglad\u00e9s (ICT, por sus siglas en ingl\u00e9s) conden\u00f3 este lunes a<strong> pena de muerte a la ex primera ministra Sheikh Hasina<\/strong> por considerarla<strong> culpable de cr\u00edmenes de lesa humanidad <\/strong>durante la <a href=\"https:\/\/www.elconfidencial.com\/mundo\/2024-07-19\/bangladesh-protestas-estudiantiles-cambiar-sistema_3927928\/\" target=\"_self\" rel=\"nofollow noopener\">represi\u00f3n de las protestas de 2024<\/a>, que culminaron con su dimisi\u00f3n e huida a India. <\/p>\n<p> \u00abPor sus cargos (de cr\u00edmenes de lesa humanidad) hemos decidido imponerle s\u00f3lo una sentencia, que<strong> es la pena de muerte\u00bb<\/strong>, dijo el juez <strong>Golam Mortuza Mozumder,<\/strong> indic\u00f3 en la lectura del<strong> veredicto retransmitido <\/strong>por la cadena de televisi\u00f3n de Banglad\u00e9s BTV. <\/p>\n<p> Justo despu\u00e9s de la lectura de la sentencia, los asistentes a la sala del tribunal en Daca <strong>lanzaron v\u00edtores y mostraron su entusiasmo.<\/strong> <\/p>\n<p> Antes de la condena final, el tribunal<strong> ya hab\u00eda impuesto a Hasina una sentencia de cadena perpetua<\/strong> por otro de <a href=\"https:\/\/www.elconfidencial.com\/mundo\/2024-01-21\/democracia-o-comida-mesa-bangladesh_3814312\/\" target=\"_self\" rel=\"nofollow noopener\">los hechos del expediente<\/a>, al considerarla responsable <strong>de incitar a la violencia,<\/strong> ordenar el uso de armas letales contra los estudiantes que protestaban y no tomar medidas para evitar los abusos. <\/p>\n<p>              <img decoding=\"async\" class=\"inTextNews__img\" alt=\"Foto: seis-muertos-fugados-motin-carcel-bangladesh\" src=\"https:\/\/www.europesays.com\/es\/wp-content\/uploads\/2025\/11\/f.elconfidencial.com\/original\/024\/1a8\/e5b\/0241a8e5bf6d93675fceb864831afaaa.jpg\"  \/>     <\/p>\n<p>TE PUEDE INTERESAR<\/p>\n<p>      <a class=\"inTextNews__title\" href=\"https:\/\/www.elconfidencial.com\/mundo\/2024-08-08\/seis-muertos-fugados-motin-carcel-bangladesh_3939118\/\" onclick=\"window.ECCO.emit(&#039;amplitude&#039;, { dataEventName: &#039;click_related_article_module&#039;, data: { related_article_url: &#039;https:\/\/www.elconfidencial.com\/mundo\/2024-08-08\/seis-muertos-fugados-motin-carcel-bangladesh_3939118\/&#039;, related_article_author: &#039;Paola Andrea Poveda&#039;, related_article_section: &#039;mundo&#039; } })\" rel=\"nofollow noopener\" target=\"_blank\"> Al menos seis presos muertos y m\u00e1s de 200 fugados tras un mot\u00edn en la c\u00e1rcel de Bangladesh <\/a>   <\/p>\n<p>    Europa Press   <\/p>\n<p> El exministro del Interior, <strong>Asaduzzaman Khan Kamal<\/strong>, tambi\u00e9n fue condenado a muerte en el mismo caso, mientras que el exinspector general de polic\u00eda Chowdhury <strong>Abdullah Al-Mamun <\/strong>\u2014quien declar\u00f3 como testigo del Estado\u2014 recibi\u00f3 una pena reducida de<strong> cinco a\u00f1os de prisi\u00f3n<\/strong>. <\/p>\n<p> Seg\u00fan el fallo, la condena capital contra Hasina corresponde a su<strong> responsabilidad en el tiroteo y asesinato de seis manifestantes desarmados en Daca <\/strong>el 5 de agosto del a\u00f1o pasado, uno de los episodios m\u00e1s graves de la represi\u00f3n del levantamiento estudiantil. <\/p>\n<p>              <img decoding=\"async\" class=\"inTextNews__img\" alt=\"Foto: bangladesh-apagon-total-internet-protestas\" src=\"https:\/\/www.europesays.com\/es\/wp-content\/uploads\/2025\/11\/f.elconfidencial.com\/original\/a80\/6c7\/df3\/a806c7df37ab6ffd44374548580f1871.jpg\"  \/>     <\/p>\n<p>TE PUEDE INTERESAR<\/p>\n<p>      <a class=\"inTextNews__title\" href=\"https:\/\/www.elconfidencial.com\/mundo\/2024-08-05\/bangladesh-apagon-total-internet-protestas_3937144\/\" onclick=\"window.ECCO.emit(&#039;amplitude&#039;, { dataEventName: &#039;click_related_article_module&#039;, data: { related_article_url: &#039;https:\/\/www.elconfidencial.com\/mundo\/2024-08-05\/bangladesh-apagon-total-internet-protestas_3937144\/&#039;, related_article_author: &#039;M\u00f3nica Redondo&#039;, related_article_section: &#039;mundo&#039; } })\" rel=\"nofollow noopener\" target=\"_blank\"> Dimite la primera ministra de Bangladesh tras la jornada m\u00e1s violenta de las protestas <\/a>   <\/p>\n<p>    El Confidencial   <\/p>\n<p> El tribunal revis\u00f3 <strong>cinco cargos en total<\/strong>, que inclu\u00edan asesinato,<a href=\"https:\/\/www.elconfidencial.com\/mundo\/2024-08-05\/bangladesh-apagon-total-internet-protestas_3937144\/\" target=\"_self\" rel=\"nofollow noopener\"> intento de asesinato, torturas, otros actos inhumanos<\/a> y la omisi\u00f3n<strong> deliberada de impedir abusos cometidos<\/strong> por las fuerzas de seguridad y militantes de la Liga Awami (partido entonces de Gobierno). La sentencia se anunci\u00f3 bajo un fuerte dispositivo de seguridad que <strong>involucr\u00f3 al Ej\u00e9rcito, la Polic\u00eda y otros cuerpos de seguridad.<\/strong> <\/p>\n<p> Sheikh Hasina, l\u00edder hist\u00f3rica de la Liga Awami y la primera ministra que<strong> m\u00e1s tiempo ha gobernado Banglad\u00e9s,<\/strong> dej\u00f3 el poder en agosto de 2024 tras un levantamiento <strong>encabezado por estudiantes y j\u00f3venes<\/strong> que denunciaban abusos de las fuerzas de seguridad, corrupci\u00f3n y represi\u00f3n pol\u00edtica. <\/p>\n<p> Las manifestaciones comenzaron de forma pac\u00edfica, pero pronto fueron <strong>duramente reprimidas por las fuerzas de seguridad<\/strong> bajo su mando, lo que forz\u00f3 su dimisi\u00f3n el 5 de agosto y su posterior huida a la India, donde permanece desde entonces. La ONU estim\u00f3 en febrero de 2025 que unas 1.500 personas murieron<strong> durante la denominada \u00abRevoluci\u00f3n de julio\u00bb<\/strong>, tras la cual asumi\u00f3 un Gobierno interino encabezado por el Nobel de la Paz Muhammad Yunus. <\/p>\n<p> El Tribunal Internacional de Cr\u00edmenes de Banglad\u00e9s (ICT, por sus siglas en ingl\u00e9s) conden\u00f3 este lunes a<strong> pena de muerte a la ex primera ministra Sheikh Hasina<\/strong> por considerarla<strong> culpable de cr\u00edmenes de lesa humanidad <\/strong>durante la <a href=\"https:\/\/www.elconfidencial.com\/mundo\/2024-07-19\/bangladesh-protestas-estudiantiles-cambiar-sistema_3927928\/\" target=\"_self\" rel=\"nofollow noopener\">represi\u00f3n de las protestas de 2024<\/a>, que culminaron con su dimisi\u00f3n e huida a India. <\/p>\n","protected":false},"excerpt":{"rendered":"El Tribunal Internacional de Cr\u00edmenes de Banglad\u00e9s (ICT, por sus siglas en ingl\u00e9s) conden\u00f3 este lunes a pena&hellip;\n","protected":false},"author":2,"featured_media":241618,"comment_status":"","ping_status":"","sticky":false,"template":"","format":"standard","meta":{"footnotes":""},"categories":[42],"tags":[17,18,13,14,11,61,62,63,64,19,20,9,10,15,16,12,21,22,65,66,67],"class_list":{"0":"post-241617","1":"post","2":"type-post","3":"status-publish","4":"format-standard","5":"has-post-thumbnail","7":"category-internacional","8":"tag-breaking-news","9":"tag-breakingnews","10":"tag-featured-news","11":"tag-featurednews","12":"tag-headlines","13":"tag-internacional","14":"tag-international","15":"tag-international-news","16":"tag-internationalnews","17":"tag-latest-news","18":"tag-latestnews","19":"tag-news","20":"tag-noticias","21":"tag-noticias-destacadas","22":"tag-noticiasdestacadas","23":"tag-titulares","24":"tag-ultimas-noticias","25":"tag-ultimasnoticias","26":"tag-world","27":"tag-world-news","28":"tag-worldnews"},"share_on_mastodon":{"url":"https:\/\/pubeurope.com\/@es\/115567260329774547","error":""},"_links":{"self":[{"href":"https:\/\/www.europesays.com\/es\/wp-json\/wp\/v2\/posts\/241617","targetHints":{"allow":["GET"]}}],"collection":[{"href":"https:\/\/www.europesays.com\/es\/wp-json\/wp\/v2\/posts"}],"about":[{"href":"https:\/\/www.europesays.com\/es\/wp-json\/wp\/v2\/types\/post"}],"author":[{"embeddable":true,"href":"https:\/\/www.europesays.com\/es\/wp-json\/wp\/v2\/users\/2"}],"replies":[{"embeddable":true,"href":"https:\/\/www.europesays.com\/es\/wp-json\/wp\/v2\/comments?post=241617"}],"version-history":[{"count":0,"href":"https:\/\/www.europesays.com\/es\/wp-json\/wp\/v2\/posts\/241617\/revisions"}],"wp:featuredmedia":[{"embeddable":true,"href":"https:\/\/www.europesays.com\/es\/wp-json\/wp\/v2\/media\/241618"}],"wp:attachment":[{"href":"https:\/\/www.europesays.com\/es\/wp-json\/wp\/v2\/media?parent=241617"}],"wp:term":[{"taxonomy":"category","embeddable":true,"href":"https:\/\/www.europesays.com\/es\/wp-json\/wp\/v2\/categories?post=241617"},{"taxonomy":"post_tag","embeddable":true,"href":"https:\/\/www.europesays.com\/es\/wp-json\/wp\/v2\/tags?post=241617"}],"curies":[{"name":"wp","href":"https:\/\/api.w.org\/{rel}","templated":true}]}}