{"id":241621,"date":"2025-11-17T21:54:26","date_gmt":"2025-11-17T21:54:26","guid":{"rendered":"https:\/\/www.europesays.com\/es\/241621\/"},"modified":"2025-11-17T21:54:26","modified_gmt":"2025-11-17T21:54:26","slug":"caso-leire-leire-diez-asegura-ante-el-juez-que-antonio-hernando-participo-en-la-reunion-en-la-que-informo-a-cerdan-de-las-causas-en-las-que-el-psoe-era-victima","status":"publish","type":"post","link":"https:\/\/www.europesays.com\/es\/241621\/","title":{"rendered":"CASO LEIRE | Leire D\u00edez asegura ante el juez que Antonio Hernando particip\u00f3 en la reuni\u00f3n en la que inform\u00f3 a Cerd\u00e1n de las causas en las que el PSOE era \u00abv\u00edctima\u00bb"},"content":{"rendered":"<p class=\"ft-text ft-helper-closenews\">La\u00a0<a href=\"https:\/\/www.elperiodico.com\/es\/videos\/politica\/leire-senala-fiscal-grinda-operacion-cataluna\/123696507.shtml\" class=\"ft-link ft-link--decoration\" rel=\"nofollow noopener\" target=\"_blank\">exmilitante del PSOE Leire D\u00edez,<\/a>\u00a0investigada por integrar junto al empresario Javier P\u00e9rez Dolset una trama que pretend\u00eda presuntamente sabotear la labor de la Unidad Central Operativa (UCO) de la Guardia Civil en las causas relacionadas con el Gobierno del PSOE, ha insistido este lunes ante el juez de Madrid Arturo Zamarriego en que ella no trabaja para el PSOE y <strong>solo es una periodista que iba buscando informaci\u00f3n y que apenas conoc\u00eda al que fuera n\u00famero 3 del PSOE Santos Cerd\u00e1n. <\/strong>S\u00ed ha reconocido, no obstante, dos encuentros en 2024 en los que inform\u00f3 al entonces secretario de Organizaci\u00f3n del PSOE de cuestiones relacionadas con <strong>los casos de los que este partido era \u00abv\u00edctima\u00bb.<\/strong><\/p>\n<p class=\"ft-text\">Esas reuniones, de 40 minutos cada una, se produjeron en abril de 2024, despu\u00e9s de que Pedro S\u00e1nchez se tomara un periodo de reflexi\u00f3n tras abrierse una <a class=\"ft-link ft-link--decoration\" href=\"https:\/\/www.elperiodico.com\/es\/politica\/20251116\/juez-peinado-interroga-imputada-secretaria-presidencia-begona-gomez-123757474\" target=\"_blank\" rel=\"nofollow noopener\">causa penal contra su esposa, Bego\u00f1a G\u00f3mez<\/a>. El empresario P\u00e9rez Dolset declar\u00f3 ante el juez que a ellas asistieron \u00abocho o nueve personas\u00bb del partido, entre las que estaba el <strong>exdiputado, vocal en la Ejecutiva Federal del PSOE y actual secretario de Estado de Telecomunicaciones e Infraestructura Digitales, Antonio Hernando, que entonces era director adjunto del gabinete de la Presidencia del Gobierno.<\/strong> La otra imputada tambi\u00e9n ha confirmado que estuvo en ella.<\/p>\n<p class=\"ft-text\">Fuentes del entorno de Antonio Hernando confirman su presencia en la reuni\u00f3n pero explican a EL PERI\u00d3DICO que <strong>no lo hizo por su puesto de alto cargo en La Moncloa,<\/strong> sino por sus conocimientos en el &#8216;caso VIllarejo&#8217; dado su pasado como portavoz parlamentario del PSOE, <strong>informa May Mari\u00f1o.<\/strong><\/p>\n<p class=\"ft-text\">Ambos imputados han sostenido, seg\u00fan fuentes presentes en las declaraciones, que el objetivo de los encuentros, celebrados en una de las plantas superiores de la sede central socialista en la madrile\u00f1a calle Ferraz, era<strong> trasladar el resultado de sus investigaciones en relaci\u00f3n al excomisario <\/strong><a class=\"ft-link ft-link--decoration\" href=\"https:\/\/www.elperiodico.com\/es\/politica\/20250711\/saunas-suegro-sanchez-misil-flotacion-villarejo-119593930\" target=\"_blank\" rel=\"nofollow noopener\"><strong>Jos\u00e9 Manuel Villarejo<\/strong><\/a><a class=\"ft-link ft-link--decoration\" href=\"https:\/\/www.elperiodico.com\/es\/politica\/20250711\/saunas-suegro-sanchez-misil-flotacion-villarejo-119593930\" target=\"_blank\" rel=\"nofollow noopener\">,<\/a> al que en uno de los audios del caso T\u00e1ndem, en el que se investigan las cloacas policiales, se le oye hablar de las saunas del suegro de S\u00e1nchez, ya fallecido. Al t\u00e9rmino de las declaraciones, las mismas fuentes han se\u00f1alado que Leire D\u00edez tambi\u00e9n ha declarado ante el juez que se reuni\u00f3, adem\u00e1s, <strong>con responsables del PP, Vox, Podemos y Junts.<\/strong><\/p>\n<p class=\"ft-text\">Las declaraciones se produjeron tras haberse reproducido en el Juzgado de Instrucci\u00f3n n\u00famero 9 de Madrid <strong>el audio grabado por el fiscal de Madrid Ignacio Stampa<\/strong> durante un encuentro el pasado mes de mayo en el que se le intent\u00f3 chantajear y un v\u00eddeo de otra reuni\u00f3n similar en un despacho de abogados, en la que se ofrec\u00eda un trato a un empresario investigado en el caso Hidrocarburos. La investigada ha se\u00f1alado no reconocerse en ninguna de estas grabaciones.<\/p>\n<p>La mujer del presidente<\/p>\n<p class=\"ft-text\">En ellas se oye al empresario al que\u00a0<a class=\"ft-link ft-link--decoration\" href=\"https:\/\/www.elperiodico.com\/es\/politica\/20250626\/anticorrupcion-acusa-empresario-colaboro-leire-119061864\" target=\"_blank\" rel=\"nofollow noopener\">Anticorrupci\u00f3n acusa de apropiarse\u00a0de 37,5 millones <\/a>de la tecnol\u00f3gica Zed afirmar que las acusaciones en su contra son falsas y asegura que obtuvo pruebas de ello, que habr\u00eda entregado en el Juzgado Central de Instrucci\u00f3n n\u00famero 6, cuyo entonces titular, Manuel Garc\u00eda Castell\u00f3n, declar\u00f3 secreto. \u00ab<strong>La vida sigue, hasta que sale la imputaci\u00f3n de Bego\u00f1a, la mujer del presidente<\/strong>, en abril del a\u00f1o pasado, y entonces Leire me llama y claro, se monta un revuelo tan grande\u2026 \u00bf<a class=\"ft-link ft-link--decoration\" href=\"https:\/\/www.elperiodico.com\/es\/politica\/20251112\/fontanera-psoe-dijo-fiscal-stampa-123614885\" target=\"_blank\" rel=\"nofollow noopener\">No est\u00e1n todos los audios de los espionajes al presidente ah\u00ed<\/a>? Y le dije s\u00ed, y se los di, entonces ella ya volvi\u00f3 all\u00ed a su casa y le dijo mira hay todo esto, y entonces\u00a0<strong>el presidente ya dijo: &#8216;Que se limpie todo&#8217;<\/strong>\u00ab, se puede o\u00edr en el audio entregado al juez Zamarriego.<\/p>\n<p class=\"ft-text\">Fuentes presentes en la declaraci\u00f3n se\u00f1alan que la exmilitante del PSOE \u00fanicamente ha respondido al juez Zamarriego, al fiscal y a su propia defensa, y a sus preguntas ha se\u00f1alado que n<strong>o conoce al presidente del Gobierno, <\/strong>al que \u00fanicamente ha visto en alg\u00fan mitin, y que con respecto a Cerd\u00e1n \u00fanicamente ha estado con \u00e9l en dos ocasiones, tambi\u00e9n en relaci\u00f3n con la investigaci\u00f3n period\u00edstica que estaba llevando a cabo y que a dichos encuentros le llev\u00f3 otra compa\u00f1era, la tambi\u00e9n informadora Patricia L\u00f3pez. Su trabajo como periodista comenz\u00f3 cuando dej\u00f3 su puesto en Correos, en relaci\u00f3n con el caso Villarejo porque L\u00f3pez se hab\u00eda puesto enferma, seg\u00fan las mismas fuentes.<\/p>\n<p>En pol\u00edtica por las aguas fecales<\/p>\n<p class=\"ft-text\">En cuanto a su labor pol\u00edtica, la propia D\u00edez ha confirmado a los periodistas que cubr\u00edan su declaraci\u00f3n que entr\u00f3 en el PSOE como concejal en Vega de Pas en 2011 porque el agua del municipio llevaba aguas fecales, y <strong>se ha quejado de haber sufrido un hackeo <\/strong>de la nube en la que guarda todos los datos de sus investigaciones, adem\u00e1s de recibir amenazas.<\/p>\n<p class=\"ft-text\">Antes de prestar declaraci\u00f3n, la defensa de D\u00edez hab\u00eda presentado un escrito solicitando la <strong>\u00ab<\/strong><a class=\"ft-link ft-link--decoration\" href=\"https:\/\/www.elperiodico.com\/es\/politica\/20251117\/leire-diez-pide-anular-grabaciones-123813128\" rel=\"nofollow noopener\" target=\"_blank\">nulidad de la totalidad de las grabaciones\u00bb<\/a> aportadas por Stampa. Tambi\u00e9n solicitaba que no se de valor en el procedimiento a la grabaci\u00f3n que destap\u00f3 el caso, relativa a otra reuni\u00f3n que ella mantuvo en febrero pasado con otras personas en el despacho del abogado Jacobo Teijelo -uno de los letrados de <a class=\"ft-link ft-link--decoration\" href=\"https:\/\/www.elperiodico.com\/es\/politica\/20250712\/cerdan-quiso-ocultar-salellas-defensa-abogado-maniobro-leire-diez-uco-119609786\" target=\"_blank\" rel=\"nofollow noopener\">Santos Cerd\u00e1n<\/a>&#8211; y que desvelan los presuntos ama\u00f1os y presiones investigadas.<\/p>\n<p class=\"ft-text\">Por su parte<strong>, la defensa de P\u00e9rez Dolset entreg\u00f3 otro escrito tambi\u00e9n previo a la declaraci\u00f3n<\/strong>\u00a0en el que -en una estrategia similar a la utilizada en su d\u00eda por la esposa del presidente del Gobierno, Pedro S\u00e1nchez, ante el juez Peinado-<strong> pide que se le aclaren \u00abcu\u00e1les son los hechos por los que declara como investigado,<\/strong>\u00a0y en su caso, que se ci\u00f1a tanto la declaraci\u00f3n como el \u00e1mbito de la instrucci\u00f3n estrictamente a los hechos objeto del procedimiento\u00bb, seg\u00fan el escrito al que tambi\u00e9n ha tenido acceso este peri\u00f3dico. A juicio de la defensa del empresario, l<strong>a instrucci\u00f3n realizada hasta el momento es prospectiva y basada en recortes de prensa.<\/strong><\/p>\n<p data-close=\"closedContent\" class=\"subscribeHideForDisplay\">Suscr\u00edbete para seguir leyendo<\/p>\n","protected":false},"excerpt":{"rendered":"La\u00a0exmilitante del PSOE Leire D\u00edez,\u00a0investigada por integrar junto al empresario Javier P\u00e9rez Dolset una trama que pretend\u00eda presuntamente&hellip;\n","protected":false},"author":2,"featured_media":241622,"comment_status":"","ping_status":"","sticky":false,"template":"","format":"standard","meta":{"footnotes":""},"categories":[5],"tags":[17,18,14762,62167,25,24,13,14,11,19,20,25809,53620,9,10,15,16,1699,25943,23,12,2155,21,22],"class_list":{"0":"post-241621","1":"post","2":"type-post","3":"status-publish","4":"format-standard","5":"has-post-thumbnail","7":"category-titulares","8":"tag-breaking-news","9":"tag-breakingnews","10":"tag-declaraciones","11":"tag-dolset","12":"tag-es","13":"tag-espana","14":"tag-featured-news","15":"tag-featurednews","16":"tag-headlines","17":"tag-latest-news","18":"tag-latestnews","19":"tag-leire","20":"tag-leire-diez","21":"tag-news","22":"tag-noticias","23":"tag-noticias-destacadas","24":"tag-noticiasdestacadas","25":"tag-psoe","26":"tag-sabotaje","27":"tag-spain","28":"tag-titulares","29":"tag-uco","30":"tag-ultimas-noticias","31":"tag-ultimasnoticias"},"share_on_mastodon":{"url":"https:\/\/pubeurope.com\/@es\/115567267891706648","error":""},"_links":{"self":[{"href":"https:\/\/www.europesays.com\/es\/wp-json\/wp\/v2\/posts\/241621","targetHints":{"allow":["GET"]}}],"collection":[{"href":"https:\/\/www.europesays.com\/es\/wp-json\/wp\/v2\/posts"}],"about":[{"href":"https:\/\/www.europesays.com\/es\/wp-json\/wp\/v2\/types\/post"}],"author":[{"embeddable":true,"href":"https:\/\/www.europesays.com\/es\/wp-json\/wp\/v2\/users\/2"}],"replies":[{"embeddable":true,"href":"https:\/\/www.europesays.com\/es\/wp-json\/wp\/v2\/comments?post=241621"}],"version-history":[{"count":0,"href":"https:\/\/www.europesays.com\/es\/wp-json\/wp\/v2\/posts\/241621\/revisions"}],"wp:featuredmedia":[{"embeddable":true,"href":"https:\/\/www.europesays.com\/es\/wp-json\/wp\/v2\/media\/241622"}],"wp:attachment":[{"href":"https:\/\/www.europesays.com\/es\/wp-json\/wp\/v2\/media?parent=241621"}],"wp:term":[{"taxonomy":"category","embeddable":true,"href":"https:\/\/www.europesays.com\/es\/wp-json\/wp\/v2\/categories?post=241621"},{"taxonomy":"post_tag","embeddable":true,"href":"https:\/\/www.europesays.com\/es\/wp-json\/wp\/v2\/tags?post=241621"}],"curies":[{"name":"wp","href":"https:\/\/api.w.org\/{rel}","templated":true}]}}