{"id":241625,"date":"2025-11-17T21:59:10","date_gmt":"2025-11-17T21:59:10","guid":{"rendered":"https:\/\/www.europesays.com\/es\/241625\/"},"modified":"2025-11-17T21:59:10","modified_gmt":"2025-11-17T21:59:10","slug":"queremos-un-jannik-mas-agresivo","status":"publish","type":"post","link":"https:\/\/www.europesays.com\/es\/241625\/","title":{"rendered":"Queremos un Jannik m\u00e1s agresivo"},"content":{"rendered":"<p class=\"L6-news-detail__text\"><b>Jannik Sinner<\/b> se ha llevado las <b><a title=\"ATP Finals\" href=\"https:\/\/www.lasexta.com\/noticias\/deportes\/tenis\/rocambolesco-dato-que-muestra-colosal-igualdad-carlos-alcaraz-sinner_20251117691afdc1eba8bc0ece03294c.html\" target=\"_blank\" rel=\"nofollow noopener\">ATP Finals<\/a><\/b>, el \u00faltimo torneo que reparte puntos, contra su gran rival, <b>Carlos Alcaraz<\/b>. Un a\u00f1o brillante para \u00e9l a pesar de haber &#8216;cedido&#8217; el n\u00famero 1 a Carlos. Y su entrenador ya lanza un serio aviso de cara al pr\u00f3ximo calendario de 2026.<\/p>\n<p class=\"L6-news-detail__text\">Quieren entrenar en invierno en busca de <b>un Sinner \u00abm\u00e1s agresivo\u00bb en sus golpes<\/b>, que ataque desde el minuto uno de los partidos.<\/p>\n<p class=\"L6-news-detail__text\">\u00abTenemos la fortuna de que Sinner aprende muy r\u00e1pido y ha entendido perfectamente los nuevos tiros y t\u00e1cticas que quer\u00edamos que desarrollara. <b>Nuestro objetivo para el 2026 es que sea a\u00fan m\u00e1s agresivo<\/b>. Hoy en el segundo set ha tenido un poco de dificultad\u00bb, dijo en Tur\u00edn Simone Vagnozzi.<\/p>\n<p class=\"L6-news-detail__text\">Esa agresividad se podr\u00eda ver en el saque: \u00abNo hay nada m\u00e1s importante en el tenis que el saque, porque es el \u00fanico golpe en el que tienes control absoluto sobre lo que puedes hacer. Las cinco semanas en las que entrenamos el nuevo saque fueron genial y Jannik ha sido capaz meter m\u00e1s porcentaje de primer servicio y encontrar mayores \u00e1ngulos, acercando la pelota a las l\u00edneas\u00bb.<\/p>\n<p class=\"L6-news-detail__text\">\u00abAl resto dependes de tu rival, pero una vez consigue poner la pelota en juego, J<b>annik sabe meter mucha presi\u00f3n<\/b>\u00ab, se\u00f1ala el entrenador italiano.<\/p>\n<p class=\"L6-news-detail__text\">La temporada de Jannik ha terminado. Y su equipo cree que de cara a 2026 puede vivir una importante mejora. Una mejora que le har\u00eda temible en el circuito. Si ahora s\u00f3lo Alcaraz le puede competir&#8230; <b>\u00bfqu\u00e9 pasar\u00eda con un Sinner todav\u00eda m\u00e1s agresivo?<\/b><\/p>\n<p class=\"L6-support-news-video__title\">MotoGP<\/p>\n<p>            <a href=\"https:\/\/www.lasexta.com\/noticias\/deportes\/motor\/increible-transformacion-circuito-ricardo-tormo-tragedia-dana-era-pelicula-apocaliptica_2025111669199d8039b3f1652bf23651.html\" class=\"L6-news__link\" rel=\"nofollow noopener\" target=\"_blank\"><br \/>\n                La incre\u00edble transformaci\u00f3n del circuito Ricardo Tormo tras la tragedia de la DANA: \u00abEra de pel\u00edcula apocal\u00edptica\u00bb<\/p>\n<p class=\"recirculation-video-desc\">El director del circuito, Nico Collado, le ha explicado a &#8216;laSexta&#8217; que la pista era un \u00abbarrizal\u00bb despu\u00e9s de la tragedia de la DANA que oblig\u00f3 a suspender el GP de Valencia de 2024.<\/p>\n<p>            <\/a><\/p>\n","protected":false},"excerpt":{"rendered":"Jannik Sinner se ha llevado las ATP Finals, el \u00faltimo torneo que reparte puntos, contra su gran rival,&hellip;\n","protected":false},"author":2,"featured_media":241626,"comment_status":"","ping_status":"","sticky":false,"template":"","format":"standard","meta":{"footnotes":""},"categories":[274],"tags":[168,25,24,23,167,327,326],"class_list":{"0":"post-241625","1":"post","2":"type-post","3":"status-publish","4":"format-standard","5":"has-post-thumbnail","7":"category-tenis","8":"tag-deportes","9":"tag-es","10":"tag-espana","11":"tag-spain","12":"tag-sports","13":"tag-tenis","14":"tag-tennis"},"share_on_mastodon":{"url":"https:\/\/pubeurope.com\/@es\/115567287562932676","error":""},"_links":{"self":[{"href":"https:\/\/www.europesays.com\/es\/wp-json\/wp\/v2\/posts\/241625","targetHints":{"allow":["GET"]}}],"collection":[{"href":"https:\/\/www.europesays.com\/es\/wp-json\/wp\/v2\/posts"}],"about":[{"href":"https:\/\/www.europesays.com\/es\/wp-json\/wp\/v2\/types\/post"}],"author":[{"embeddable":true,"href":"https:\/\/www.europesays.com\/es\/wp-json\/wp\/v2\/users\/2"}],"replies":[{"embeddable":true,"href":"https:\/\/www.europesays.com\/es\/wp-json\/wp\/v2\/comments?post=241625"}],"version-history":[{"count":0,"href":"https:\/\/www.europesays.com\/es\/wp-json\/wp\/v2\/posts\/241625\/revisions"}],"wp:featuredmedia":[{"embeddable":true,"href":"https:\/\/www.europesays.com\/es\/wp-json\/wp\/v2\/media\/241626"}],"wp:attachment":[{"href":"https:\/\/www.europesays.com\/es\/wp-json\/wp\/v2\/media?parent=241625"}],"wp:term":[{"taxonomy":"category","embeddable":true,"href":"https:\/\/www.europesays.com\/es\/wp-json\/wp\/v2\/categories?post=241625"},{"taxonomy":"post_tag","embeddable":true,"href":"https:\/\/www.europesays.com\/es\/wp-json\/wp\/v2\/tags?post=241625"}],"curies":[{"name":"wp","href":"https:\/\/api.w.org\/{rel}","templated":true}]}}