{"id":241629,"date":"2025-11-17T22:03:12","date_gmt":"2025-11-17T22:03:12","guid":{"rendered":"https:\/\/www.europesays.com\/es\/241629\/"},"modified":"2025-11-17T22:03:12","modified_gmt":"2025-11-17T22:03:12","slug":"queremos-la-explotacion-del-estadio-tenemos-un-business-plan","status":"publish","type":"post","link":"https:\/\/www.europesays.com\/es\/241629\/","title":{"rendered":"\u00abQueremos la explotaci\u00f3n del estadio. Tenemos un business plan\u00bb"},"content":{"rendered":"<p>        <a href=\"https:\/\/www.udlaspalmas.net\/wp-content\/2025\/09\/Miguel-Angel-Ramirez.jpeg\" data-caption=\"\" rel=\"nofollow noopener\" target=\"_blank\"><img loading=\"lazy\" decoding=\"async\" width=\"640\" height=\"427\" class=\"entry-thumb td-modal-image\" src=\"https:\/\/www.europesays.com\/es\/wp-content\/uploads\/2025\/11\/Miguel-Angel-Ramirez-640x427.jpeg\"   alt=\"\" title=\"Miguel \u00c1ngel Ram\u00edrez\"\/><\/a><\/p>\n<p><strong>Miguel \u00c1ngel Ram\u00edrez habl\u00f3 en 7.7 Radio de la nueva adquisici\u00f3n de la Uni\u00f3n Deportiva Las Palmas, una hist\u00f3rica mansi\u00f3n en Las Meleguinas, y la importancia de la entrada de dinero m\u00e1s all\u00e1 del f\u00fatbol.<\/strong><\/p>\n<p>Hace pocas semanas sali\u00f3 a la luz p\u00fablica la adquisici\u00f3n por parte de la Uni\u00f3n Deportiva Las Palmas de la hist\u00f3rica mansi\u00f3n de <strong>Eufemiano<\/strong> <strong>Fuentes<\/strong>, situado en Las Meleguinas. Este lunes, en El Espejo Canario de 7.7 Radio, <strong>Miguel \u00c1ngel Ram\u00edrez<\/strong> dio detalles de lo que se quiere hacer.<\/p>\n<p>\u00abEs un aut\u00e9ntico lujo que nosotros queremos reconvertir, queremos darle una vuelta a todo eso, queremos hacer un peque\u00f1o hotel que nos valga como residencia para el primer equipo, que antes de los partidos se concentren ah\u00ed, va a tener su campo de f\u00fatbol para hacer los trabajos que se hacen previo a los encuentros de f\u00fatbol. Tambi\u00e9n queremos que la zona de cultivo, tratar de ponerla en funcionamiento, tiene unos jardines preciosos para hacer eventos sociales, bodas, celebraciones y dem\u00e1s. Es una finca de aproximadamente 40.000 metros. Seguramente el fin de semana que Las Palmas no juegue y alguien realice un evento ah\u00ed y necesita hospedarse, se le alquilar\u00eda. Va a haber un restaurante de cara al p\u00fablico que adem\u00e1s ser\u00e1 quien haga el catering de todos los eventos y creo que va a estar muy bien, es otra l\u00ednea de negocio, es del club y lo que queremos es no solo ingresar dividendos por el trabajo que se realiza, sino adem\u00e1s poder beneficiarnos de esas concentraciones que tenemos que hacer con el primer equipo pero eso est\u00e1 a disposici\u00f3n del club y se podr\u00e1 alquilar para otros equipos\u00bb, explic\u00f3 el presidente grancanario.<\/p>\n<p>A nivel econ\u00f3mico, espera que la inversi\u00f3n no supere los diez millones de euros: \u00abEs una oportunidad que nosotros ven\u00edamos so\u00f1ando hace mucho tiempo, pero no pod\u00edamos llegar a esas cantidades. A m\u00ed hablar del precio de venta \u2026 no lo quiero decir porque entre otras cosas hay un contrato de confidencialidad. Pero lo m\u00e1s importante no es lo que ha costado, lo m\u00e1s importante es lo que hay que gastarse. Vamos a invertir en torno a 6-7 millones de euros en finalizar aquello. Eso no nos tiene que costar m\u00e1s de diez millones de euro en total, pero creo que es un activo importante para el club y una fuente de negocio que yo creo que puede ser bastante importante para el club\u00bb, valor\u00f3 <strong>Miguel \u00c1ngel Ram\u00edrez<\/strong>.<\/p>\n<p><img title=\"Ram\u00edrez 900 partidos | udlaspalmas.NET\" fetchpriority=\"high\" decoding=\"async\" width=\"1024\" height=\"683\" src=\"https:\/\/www.europesays.com\/es\/wp-content\/uploads\/2025\/11\/Ramirez-900-partidos-1024x683.jpeg\" alt=\"Miguel \u00c1ngel Ram\u00edrez habl\u00f3 en 7.7 Radio de la nueva adquisici\u00f3n de la Uni\u00f3n Deportiva Las Palmas, una hist\u00f3rica mansi\u00f3n en Las Meleguinas, y la importancia de la entrada de dinero m\u00e1s all\u00e1 del f\u00fatbol. Hace pocas semanas sali\u00f3 a la luz p\u00fablica la adquisici\u00f3n por parte de la Uni\u00f3n Deportiva Las Palmas de la\" class=\"wp-image-225974\"  \/><\/p>\n<p>Entre otras fuentes de negocio, la Uni\u00f3n Deportiva quiere la explotaci\u00f3n del nuevo Estadio de Gran Canaria: \u00abNo puedes tener una instalaci\u00f3n que cuesta tanto dinero para solo abrirlo cada quince d\u00edas para ver un partido de f\u00fatbol de dos horas. Con estas instalaciones, tenemos que ponernos a la altura de los nuevos momentos. Por ejemplo, el Estadio de Gran Canaria, el Cabildo ahora va a invertir mucho dinero en dejar un estadio en condiciones. Pero ese estadio no puede valer para que la UD Las Palmas juegue cada quince d\u00edas. Hay que hacer un \u00e1rea comercial, tratar de buscar espect\u00e1culos alternativos que puedan convivir con el f\u00fatbol, por eso nosotros queremos la explotaci\u00f3n del estadio, tenemos un business plan, sabemos como se puede llevar a cabo esa gesti\u00f3n\u00bb.<\/p>\n<p>Tenemos que \u00abser referente del espect\u00e1culo en Canarias, que cuando haya que hacer un evento multitudinario el Estadio de Gran Canaria sea una prioridad para el promotor porque no hay ninguna instalaci\u00f3n en Canarias que te de esas posibilidades, sobre todo con esas comodidades\u00bb, explic\u00f3 <strong>Miguel \u00c1ngel Ram\u00edrez.<\/strong><\/p>\n<p>De hecho, el presidente de la entidad amarilla considera que \u00abcon los recursos normales, convencionales, te cuesta mucho mantenerte. Si quieres dar un salto, ser algo m\u00e1s que un equipo ascensor, tienes que ser una gran corporaci\u00f3n, una gran empresa, que tenga recursos al margen de la situaci\u00f3n deportiva, que lo que hace es consolidarte con unos ingresos importantes para hacer apuestas e inversiones importantes\u00bb, concluy\u00f3 <strong>Miguel \u00c1ngel Ram\u00edrez<\/strong>.<\/p>\n<p><img loading=\"lazy\" title=\"Screenshot | udlaspalmas.NET\" decoding=\"async\" width=\"1024\" height=\"518\" src=\"https:\/\/www.europesays.com\/es\/wp-content\/uploads\/2025\/11\/NuevoEstadioGC-1024x518.jpg\" alt=\"Miguel \u00c1ngel Ram\u00edrez habl\u00f3 en 7.7 Radio de la nueva adquisici\u00f3n de la Uni\u00f3n Deportiva Las Palmas, una hist\u00f3rica mansi\u00f3n en Las Meleguinas, y la importancia de la entrada de dinero m\u00e1s all\u00e1 del f\u00fatbol. Hace pocas semanas sali\u00f3 a la luz p\u00fablica la adquisici\u00f3n por parte de la Uni\u00f3n Deportiva Las Palmas de la\" class=\"wp-image-216162\"  \/><\/p>\n<p>\t\t\t<img decoding=\"async\" class=\"aioseo-author-bio-compact-image\" src=\"https:\/\/www.europesays.com\/es\/wp-content\/uploads\/2025\/11\/1763416992_478_bdcab7cbdd83c0ba802aae628d9f846c76a05196a570d0208caa9768a56331dc\" alt=\"author avatar\"\/><\/p>\n<p>\t\t\tJavier Marrero es experto en informaci\u00f3n de la UD Las Palmas y su cadena de filiales. Comunicador desde el a\u00f1o 2007, con trayectoria en udlaspalmas.NET y colaboraciones en distintos medios de comunicaci\u00f3n.<\/p>\n","protected":false},"excerpt":{"rendered":"Miguel \u00c1ngel Ram\u00edrez habl\u00f3 en 7.7 Radio de la nueva adquisici\u00f3n de la Uni\u00f3n Deportiva Las Palmas, una&hellip;\n","protected":false},"author":2,"featured_media":241630,"comment_status":"","ping_status":"","sticky":false,"template":"","format":"standard","meta":{"footnotes":""},"categories":[268],"tags":[168,25,24,62168,280,282,62169,281,23,167],"class_list":{"0":"post-241629","1":"post","2":"type-post","3":"status-publish","4":"format-standard","5":"has-post-thumbnail","7":"category-futbol","8":"tag-deportes","9":"tag-es","10":"tag-espana","11":"tag-estadio-de-gran-canaria","12":"tag-football","13":"tag-futbol","14":"tag-miguel-angel-ramirez","15":"tag-soccer","16":"tag-spain","17":"tag-sports"},"share_on_mastodon":{"url":"https:\/\/pubeurope.com\/@es\/115567303783073593","error":""},"_links":{"self":[{"href":"https:\/\/www.europesays.com\/es\/wp-json\/wp\/v2\/posts\/241629","targetHints":{"allow":["GET"]}}],"collection":[{"href":"https:\/\/www.europesays.com\/es\/wp-json\/wp\/v2\/posts"}],"about":[{"href":"https:\/\/www.europesays.com\/es\/wp-json\/wp\/v2\/types\/post"}],"author":[{"embeddable":true,"href":"https:\/\/www.europesays.com\/es\/wp-json\/wp\/v2\/users\/2"}],"replies":[{"embeddable":true,"href":"https:\/\/www.europesays.com\/es\/wp-json\/wp\/v2\/comments?post=241629"}],"version-history":[{"count":0,"href":"https:\/\/www.europesays.com\/es\/wp-json\/wp\/v2\/posts\/241629\/revisions"}],"wp:featuredmedia":[{"embeddable":true,"href":"https:\/\/www.europesays.com\/es\/wp-json\/wp\/v2\/media\/241630"}],"wp:attachment":[{"href":"https:\/\/www.europesays.com\/es\/wp-json\/wp\/v2\/media?parent=241629"}],"wp:term":[{"taxonomy":"category","embeddable":true,"href":"https:\/\/www.europesays.com\/es\/wp-json\/wp\/v2\/categories?post=241629"},{"taxonomy":"post_tag","embeddable":true,"href":"https:\/\/www.europesays.com\/es\/wp-json\/wp\/v2\/tags?post=241629"}],"curies":[{"name":"wp","href":"https:\/\/api.w.org\/{rel}","templated":true}]}}