{"id":241631,"date":"2025-11-17T22:04:17","date_gmt":"2025-11-17T22:04:17","guid":{"rendered":"https:\/\/www.europesays.com\/es\/241631\/"},"modified":"2025-11-17T22:04:17","modified_gmt":"2025-11-17T22:04:17","slug":"mis-hijos-aguantan-una-semana-en-madrid-se-suben-por-las-paredes-estan-acostumbrados-a-saltar-y-correr-en-australia","status":"publish","type":"post","link":"https:\/\/www.europesays.com\/es\/241631\/","title":{"rendered":"Mis hijos aguantan una semana en Madrid. Se suben por las paredes, est\u00e1n acostumbrados a saltar y correr en Australia"},"content":{"rendered":"<p class=\"c-paragraph\">La actriz Elsa Pataky -que es madrile\u00f1a de Chamber\u00ed- recorre con la revista Glamour el centro de Madrid, desde la Puerta del Sol hasta el bar Postas, donde la actriz se ha comido un bocadillo de calamares que, seg\u00fan ha confesado, siempre le recuerda a su padre. Estas son algunas de las frases destacadas de la conversaci\u00f3n con la actriz,<b> casada con el actor Chris\u00a0\u00a0Hemsworth\u00a0y madre de tres hijos. Glamour la ha nombrado\u00a0<\/b>Premio a Icono de fortaleza, vitalidad y bienestar en los Glamour Women of the Year 2025.<\/p>\n<p class=\"c-paragraph\">Elsa vive en Australia, de donde es su marido. \u00abEs maravilloso vivir en un sitio en el que pueden disfrutar de la playa, del mar. Si hay olas, si no hay olas, d\u00f3nde pueden ir, de d\u00f3nde viene el viento\u2026 Ellos tienen <b>esa ilusi\u00f3n de ir a disfrutar de la naturaleza ya desde por la ma\u00f1ana\u00bb.<\/b><\/p>\n<p class=\"c-paragraph\">No descarta regresar a Espa\u00f1a, aunque con muchos condicionantes. \u00abS\u00ed, pero me ir\u00eda al norte, cerca de la playa. No podr\u00eda vivir en una ciudad, ya no me veo\u00bb. Y a\u00f1ade: \u00abCuando vengo a Madrid mis hijos lo aguantan una semana como mucho, luego se suben por las paredes porque est\u00e1n acostumbrados a correr, saltar, actividad continua. <b>Los llevas a un restaurante y en dos minutos est\u00e1n corriendo por todos lados\u00bb.<\/b><\/p>\n<p class=\"c-paragraph\">No se arrepiente de haber dedicado muchos a\u00f1os a criar a sus tres hijos: India y los mellizos Tristan y Sasha. <b>\u00abDecid\u00ed que prefer\u00eda ser madre al 100%.<\/b> Quiz\u00e1 hubiera podido desarrollarme profesionalmente m\u00e1s, pero no me arrepiento de nada\u00bb.<\/p>\n<p class=\"c-paragraph\">Elsa, que <b>cumplir\u00e1 50 a\u00f1os en 2026, ha asumido con total naturalidad el paso del tiempo. <\/b>\u00abEs el momento en el que tienes que dedicarte m\u00e1s tiempo a ti como mujer. Te tienes que conocer, te tienes que estudiar. Los cambios hormonales adem\u00e1s no se pueden valorar solo con ir al m\u00e9dico y ver los niveles que tienes, t\u00fa tienes que valorar lo que te est\u00e1 pasando desde un punto de vista totalmente personal\u00bb.\u00a0<\/p>\n<p class=\"c-paragraph\">\u00abY luego el ayudarnos entre nosotras, el hablarlo, no sentirte avergonzada por esas cosas. Yo, por ejemplo, hubo una \u00e9poca que no sab\u00eda qu\u00e9 me estaba pasando, porque soy una <b>persona positiva y de repente empezaba a llorar\u00bb, revela.<\/b><\/p>\n","protected":false},"excerpt":{"rendered":"La actriz Elsa Pataky -que es madrile\u00f1a de Chamber\u00ed- recorre con la revista Glamour el centro de Madrid,&hellip;\n","protected":false},"author":2,"featured_media":241632,"comment_status":"","ping_status":"","sticky":false,"template":"","format":"standard","meta":{"footnotes":""},"categories":[174],"tags":[255,20942,146,147,25,24,256,20943,23],"class_list":{"0":"post-241631","1":"post","2":"type-post","3":"status-publish","4":"format-standard","5":"has-post-thumbnail","7":"category-famosos","8":"tag-celebrities","9":"tag-elsa","10":"tag-entertainment","11":"tag-entretenimiento","12":"tag-es","13":"tag-espana","14":"tag-famosos","15":"tag-pataky","16":"tag-spain"},"share_on_mastodon":{"url":"https:\/\/pubeurope.com\/@es\/115567307279685910","error":""},"_links":{"self":[{"href":"https:\/\/www.europesays.com\/es\/wp-json\/wp\/v2\/posts\/241631","targetHints":{"allow":["GET"]}}],"collection":[{"href":"https:\/\/www.europesays.com\/es\/wp-json\/wp\/v2\/posts"}],"about":[{"href":"https:\/\/www.europesays.com\/es\/wp-json\/wp\/v2\/types\/post"}],"author":[{"embeddable":true,"href":"https:\/\/www.europesays.com\/es\/wp-json\/wp\/v2\/users\/2"}],"replies":[{"embeddable":true,"href":"https:\/\/www.europesays.com\/es\/wp-json\/wp\/v2\/comments?post=241631"}],"version-history":[{"count":0,"href":"https:\/\/www.europesays.com\/es\/wp-json\/wp\/v2\/posts\/241631\/revisions"}],"wp:featuredmedia":[{"embeddable":true,"href":"https:\/\/www.europesays.com\/es\/wp-json\/wp\/v2\/media\/241632"}],"wp:attachment":[{"href":"https:\/\/www.europesays.com\/es\/wp-json\/wp\/v2\/media?parent=241631"}],"wp:term":[{"taxonomy":"category","embeddable":true,"href":"https:\/\/www.europesays.com\/es\/wp-json\/wp\/v2\/categories?post=241631"},{"taxonomy":"post_tag","embeddable":true,"href":"https:\/\/www.europesays.com\/es\/wp-json\/wp\/v2\/tags?post=241631"}],"curies":[{"name":"wp","href":"https:\/\/api.w.org\/{rel}","templated":true}]}}