{"id":241639,"date":"2025-11-17T22:09:08","date_gmt":"2025-11-17T22:09:08","guid":{"rendered":"https:\/\/www.europesays.com\/es\/241639\/"},"modified":"2025-11-17T22:09:08","modified_gmt":"2025-11-17T22:09:08","slug":"the-mandalorian-and-grogu-lanza-un-nuevo-adelanto-con-sus-protagonistas-en-plena-aventura","status":"publish","type":"post","link":"https:\/\/www.europesays.com\/es\/241639\/","title":{"rendered":"The Mandalorian and Grogu lanza un nuevo adelanto con sus protagonistas en plena aventura"},"content":{"rendered":"<p class=\"c-paragraph\">El pr\u00f3ximo a\u00f1o llega a los cines\u00a0<a href=\"https:\/\/www.hobbyconsolas.com\/noticias\/mandalorian-and-grogu-ha-dado-protagonismo-sigourney-weaver-tendra-pero-encantada-1488566\" title=\"The Mandalorian and Grogu ha dado m\u00e1s importancia a Sigourney Weaver del protagonismo que tendr\u00e1, pero \" rel=\"nofollow noopener\" target=\"_blank\">The Mandalorian and Grogu<\/a>, la nueva <b>pel\u00edcula<\/b> del universo\u00a0<a href=\"https:\/\/www.hobbyconsolas.com\/listas\/15-sets-grandes-lego-star-wars-llenar-casa-naves-saga-1411777\" title=\"Los 15 sets m\u00e1s grandes de LEGO Star Wars para llenar tu casa con las naves de la saga\" rel=\"nofollow noopener\" target=\"_blank\">Star Wars<\/a>\u00a0que vuelve a contar con el guion de Dave Filoni y Jon Favreau, este \u00faltimo adem\u00e1s ejerciendo de director de la cinta.<\/p>\n<p class=\"c-paragraph\">Con <b>Pedro Pascal<\/b> al frente del elenco, la trama de la serie nos sit\u00faa unos a\u00f1os despu\u00e9s de los eventos de <a href=\"https:\/\/www.hobbyconsolas.com\/reviews\/cine-ciencia-ficcion-critica-star-wars-retorno-jedi-79420\" title=\"  Cine de ciencia ficci\u00f3n: Cr\u00edtica de Star Wars (El retorno del jedi)\" rel=\"nofollow noopener\" target=\"_blank\">Star Wars: El retorno del Jedi<\/a>.<\/p>\n<p class=\"c-paragraph\">Bajo esta premisa conocemos a\u00a0<a href=\"https:\/\/www.hobbyconsolas.com\/noticias\/pedro-pascal-estrella-mandalorian-une-criticas-disney-ceder-presiones-politicas-1484805\" title=\"Pedro Pascal, la estrella de The Mandalorian, se une a las cr\u00edticas a Disney por ceder a presiones pol\u00edticas\" rel=\"nofollow noopener\" target=\"_blank\">Din Djarin<\/a>, un cazarrecompensas mandaloriano cuya vida da todo un vuelco cuando, durante un encargo, descubre que\u00a0<b><b>su objetivo es un beb\u00e9 de la misma especie que Yoda y dotado de poderes de la Fuerza<\/b><\/b>.<\/p>\n<p>Nuevo vistazo a The Mandalorian and Grogu<\/p>\n<p class=\"c-paragraph\">Por el momento apenas se conocen detalles sobre la trama de la pel\u00edcula m\u00e1s all\u00e1 de que transcurrir\u00e1 tras los eventos de la temporada 3 de la serie, cuyos episodios se encuentran disponibles en el cat\u00e1logo de Disney+.<\/p>\n<p class=\"c-paragraph\">A lo largo de los \u00faltimos meses hemos ido conociendo poco a poco a los personajes que conformar\u00e1n la nueva pel\u00edcula del universo\u00a0<a href=\"https:\/\/www.hobbyconsolas.com\/listas\/15-sets-grandes-lego-star-wars-llenar-casa-naves-saga-1411777\" title=\"Los 15 sets m\u00e1s grandes de LEGO Star Wars para llenar tu casa con las naves de la saga\" rel=\"nofollow noopener\" target=\"_blank\">Star Wars<\/a>\u00a0a trav\u00e9s de su tr\u00e1iler e im\u00e1genes oficiales.<\/p>\n<p class=\"c-paragraph\">En aras de seguir abriendo boca, la revista <a href=\"https:\/\/www.empireonline.com\/movies\/news\/mandalorian-and-grogu-din-djarin-priorities-exclusive\/\" rel=\"nofollow noreferrer noopener\" title=\"Empire\" target=\"_blank\">Empire<\/a> ha presentado una <b>nueva imagen oficial de The Mandalorian and Grogu<\/b>, la cual puedes echar un ojo a continuaci\u00f3n.<\/p>\n<p class=\"c-paragraph\">En esta ocasi\u00f3n la imagen se centra en sus principales protagonistas, el ex-cazarrecompensas mandaloriano <b>Din Djarin<\/b> (<a href=\"https:\/\/www.hobbyconsolas.com\/listas\/mejores-trabajos-pedro-pascal-papi-internet-1224994\" title=\"Los mejores trabajos de Pedro Pascal, el \" rel=\"nofollow noopener\" target=\"_blank\">Pedro Pascal<\/a>) y su adorable acompa\u00f1ante Grogu.<\/p>\n<p class=\"c-paragraph\">El elenco de la cinta se completa con\u00a0<b>Sigourney Weaver, Jeremy Allen White, Jonny Coyne, Hemky Madera y London Stubblefield<\/b>.<\/p>\n<p class=\"c-paragraph\">Bajo la producci\u00f3n de Lucasfilm, Golem Creations e Ian Bryce Productions,\u00a0<b><b>The Mandalorian and Grogu<\/b><\/b><b><b>\u00a0se estrena en las salas de cine de Espa\u00f1a el pr\u00f3ximo 22 de mayo de 2026<\/b><\/b>. \u00bfQu\u00e9 te parece este nuevo vistazo a la pr\u00f3xima\u00a0<a href=\"https:\/\/www.hobbyconsolas.com\/listas\/monsterverso-peliculas-series-franquicia-legendary-orden-verlas-1459075\" title=\"Monsterverso: pel\u00edculas y series de la franquicia de Legendary y orden para verlas\" rel=\"nofollow noopener\" target=\"_blank\">pel\u00edcula<\/a>\u00a0de la saga\u00a0<b><b>Star Wars<\/b><\/b>?<\/p>\n","protected":false},"excerpt":{"rendered":"El pr\u00f3ximo a\u00f1o llega a los cines\u00a0The Mandalorian and Grogu, la nueva pel\u00edcula del universo\u00a0Star Wars\u00a0que vuelve a&hellip;\n","protected":false},"author":2,"featured_media":241640,"comment_status":"","ping_status":"","sticky":false,"template":"","format":"standard","meta":{"footnotes":""},"categories":[169],"tags":[10347,177,146,147,25,24,176,42326,2629,17353,175,23,3498],"class_list":{"0":"post-241639","1":"post","2":"type-post","3":"status-publish","4":"format-standard","5":"has-post-thumbnail","7":"category-cine","8":"tag-and","9":"tag-cine","10":"tag-entertainment","11":"tag-entretenimiento","12":"tag-es","13":"tag-espana","14":"tag-film","15":"tag-grogu","16":"tag-lanza","17":"tag-mandalorian","18":"tag-movies","19":"tag-spain","20":"tag-the"},"share_on_mastodon":{"url":"","error":""},"_links":{"self":[{"href":"https:\/\/www.europesays.com\/es\/wp-json\/wp\/v2\/posts\/241639","targetHints":{"allow":["GET"]}}],"collection":[{"href":"https:\/\/www.europesays.com\/es\/wp-json\/wp\/v2\/posts"}],"about":[{"href":"https:\/\/www.europesays.com\/es\/wp-json\/wp\/v2\/types\/post"}],"author":[{"embeddable":true,"href":"https:\/\/www.europesays.com\/es\/wp-json\/wp\/v2\/users\/2"}],"replies":[{"embeddable":true,"href":"https:\/\/www.europesays.com\/es\/wp-json\/wp\/v2\/comments?post=241639"}],"version-history":[{"count":0,"href":"https:\/\/www.europesays.com\/es\/wp-json\/wp\/v2\/posts\/241639\/revisions"}],"wp:featuredmedia":[{"embeddable":true,"href":"https:\/\/www.europesays.com\/es\/wp-json\/wp\/v2\/media\/241640"}],"wp:attachment":[{"href":"https:\/\/www.europesays.com\/es\/wp-json\/wp\/v2\/media?parent=241639"}],"wp:term":[{"taxonomy":"category","embeddable":true,"href":"https:\/\/www.europesays.com\/es\/wp-json\/wp\/v2\/categories?post=241639"},{"taxonomy":"post_tag","embeddable":true,"href":"https:\/\/www.europesays.com\/es\/wp-json\/wp\/v2\/tags?post=241639"}],"curies":[{"name":"wp","href":"https:\/\/api.w.org\/{rel}","templated":true}]}}