{"id":241651,"date":"2025-11-17T22:15:11","date_gmt":"2025-11-17T22:15:11","guid":{"rendered":"https:\/\/www.europesays.com\/es\/241651\/"},"modified":"2025-11-17T22:15:11","modified_gmt":"2025-11-17T22:15:11","slug":"por-que-los-paises-europeos-no-tienen-mas-remedio-que-aumentar-la-edad-de-jubilacion-el-caso-de-espana","status":"publish","type":"post","link":"https:\/\/www.europesays.com\/es\/241651\/","title":{"rendered":"Por qu\u00e9 los pa\u00edses europeos no tienen m\u00e1s remedio que aumentar la edad de jubilaci\u00f3n: el caso de Espa\u00f1a"},"content":{"rendered":"<p>A principios de octubre de 2025, con su futuro pol\u00edtico pendiendo de un hilo, el primer ministro franc\u00e9s S\u00e9bastien Lecornu, que <a href=\"https:\/\/theconversation.com\/crisis-politica-en-francia-guia-rapida-para-entender-que-esta-ocurriendo-en-el-pais-264904\" rel=\"nofollow noopener\" target=\"_blank\">dimiti\u00f3 y fue renombrado<\/a>, se comprometi\u00f3 a suspender las impopulares reformas de las pensiones hasta 2027, cuando se celebrar\u00e1n las elecciones presidenciales.<\/p>\n<p>Los diputados socialistas <a href=\"https:\/\/www.reuters.com\/business\/french-socialist-partys-faure-says-it-would-propose-zucman-wealth-tax-2025-10-15\/\" rel=\"nofollow noopener\" target=\"_blank\">declararon la victoria<\/a>. Los empresarios franceses <a href=\"https:\/\/www.ft.com\/content\/c5416818-c7cd-40d5-a9d7-9860685df772\" rel=\"nofollow noopener\" target=\"_blank\">se quejaron<\/a>. El \u00edndice burs\u00e1til <a href=\"https:\/\/www.spglobal.com\/ratings\/en\/regulatory\/article\/-\/view\/sourceId\/101651950\" rel=\"nofollow noopener\" target=\"_blank\">S&amp;P rebaj\u00f3 la calificaci\u00f3n crediticia de Francia<\/a>, citando preocupaciones presupuestarias.<\/p>\n<p>Dado que Francia ha pospuesto las inevitables reformas al menos dos a\u00f1os y que muchos pa\u00edses europeos se enfrentan a sus propias crisis de pensiones, vale la pena analizar c\u00f3mo dise\u00f1ar <a href=\"https:\/\/doi.org\/10.1016\/j.euroecorev.2025.104988\" rel=\"nofollow noopener\" target=\"_blank\">reformas de pensiones que sean sostenibles, equitativas y pol\u00edticamente viables<\/a>.<\/p>\n<p>Unos sistemas desconectados de la realidad actual<\/p>\n<p>Una caracter\u00edstica llamativa del debate sobre la reforma de las pensiones en Europa es lo bien comprendidos y ampliamente documentados que est\u00e1n sus problemas fundamentales. La poblaci\u00f3n europea est\u00e1 envejeciendo. La tasa de natalidad est\u00e1 disminuyendo. La esperanza de vida es cada vez mayor. Cada vez son menos las personas que contribuyen a financiar los sistemas p\u00fablicos, de los que cada vez m\u00e1s personas obtienen dinero durante per\u00edodos de tiempo m\u00e1s largos. Al mismo tiempo, los avances tecnol\u00f3gicos est\u00e1n <a href=\"https:\/\/www.iese.edu\/insight\/articles\/labor-income-public-pensions\/\" rel=\"nofollow noopener\" target=\"_blank\">reduciendo la proporci\u00f3n de los ingresos laborales en el producto interior bruto<\/a>.<\/p>\n<p>Dado que la mayor\u00eda de los sistemas de reparto de Europa se dise\u00f1aron cuando la demograf\u00eda era completamente diferente, deben ajustarse para reflejar la realidad actual. Aceptamos esto en otros \u00e1mbitos, como la educaci\u00f3n, donde rezonificamos los distritos escolares y recortamos la construcci\u00f3n de nuevas escuelas para reflejar el menor n\u00famero de ni\u00f1os en nuestros barrios. Pero cualquier debate sobre el ajuste de la edad de jubilaci\u00f3n se encuentra con miles de manifestantes furiosos que llenan las calles de Par\u00eds, Madrid o Bruselas.<\/p>\n<p>En Francia, tambi\u00e9n es importante <a href=\"https:\/\/theconversation.com\/the-french-economy-has-a-boomer-problem-and-is-spending-way-too-much-on-pensions-264912\" rel=\"nofollow noopener\" target=\"_blank\">poner la reforma en perspectiva<\/a>: se propuso aumentar la edad de jubilaci\u00f3n en dos a\u00f1os, hasta los 64. Dinamarca ajusta su edad de jubilaci\u00f3n cada cinco a\u00f1os en funci\u00f3n de la esperanza de vida, y a principios de a\u00f1o aprob\u00f3 su aumento hasta los 70 a\u00f1os en 2040, desde los 67 actuales.<\/p>\n<p>Las reformas de las pensiones siguen fracasando porque la pol\u00edtica se impone a la econom\u00eda. Las transiciones demogr\u00e1ficas son predecibles, sus costes son cuantificables y ya existen las herramientas pol\u00edticas necesarias para abordar sus consecuencias. Pero las reformas fracasan cuando chocan con los incentivos electorales y la desconfianza de la ciudadan\u00eda.<\/p>\n<p>\u00bfC\u00f3mo superar estos problemas? En lugar de centrarnos en un solo aspecto, como la edad de jubilaci\u00f3n, proponemos un enfoque multidimensional que aborde tanto los gastos como las cotizaciones y compense a quienes se ven inicialmente afectados por las reformas. Espa\u00f1a nos ha servido como <a href=\"https:\/\/www.ugr.es\/%7Ejulianalbertodiaz\/research\/PEN110-D27.pdf\" rel=\"nofollow noopener\" target=\"_blank\">estudio de caso<\/a>, pero las lecciones son v\u00e1lidas para muchos pa\u00edses europeos, entre ellos Francia.<\/p>\n<p>Ajustes autom\u00e1ticos y compensaciones puntuales<\/p>\n<p>Parte de la soluci\u00f3n consiste en incorporar nuevos mecanismos de ajuste autom\u00e1tico, o normas que adapten las pensiones a las realidades econ\u00f3micas y demogr\u00e1ficas cambiantes. Estos mecanismos hacen que los sistemas de pensiones sean m\u00e1s predecibles y cre\u00edbles, y reducen su dependencia de una serie de reformas ad hoc que plantean dificultades pol\u00edticas.<\/p>\n<p>Tambi\u00e9n proponemos compensar a los trabajadores y jubilados que soportan la mayor parte de la reducci\u00f3n de las pensiones. Esto se har\u00eda mediante una transferencia \u00fanica de activos l\u00edquidos del Gobierno a los hogares.<\/p>\n<p>La desventaja de esta pol\u00edtica es que los Gobiernos tendr\u00edan que financiar estos pagos, muy probablemente mediante la emisi\u00f3n de nueva deuda p\u00fablica. Pero como hemos visto muchas veces, las reformas que se impulsan sin ning\u00fan intento de compensar a los que salen perdiendo suelen revertirse. Los votantes de m\u00e1s edad que tienen la vista puesta en la jubilaci\u00f3n \u2013y cada d\u00eda son m\u00e1s\u2013 bloquear\u00e1n cualquier intento de recortar sus prestaciones a menos que comprendan que se les compensar\u00e1 por sus p\u00e9rdidas.<\/p>\n<p>    <strong><br \/>\n      Read more:<br \/>\n      <a href=\"https:\/\/theconversation.com\/espana-y-la-reforma-de-su-sistema-de-pensiones-una-tirita-pequena-para-una-herida-enorme-236081\" rel=\"nofollow noopener\" target=\"_blank\">Espa\u00f1a y la reforma de su sistema de pensiones: una tirita peque\u00f1a para una herida enorme<\/a><br \/>\n    <\/strong><\/p>\n<p>Hacer viable la reforma de las pensiones<\/p>\n<p>Para que las reformas de las pensiones funcionen realmente, deben basarse en cinco elementos:<\/p>\n<ol>\n<li>\n<p>Introducir un factor de sostenibilidad que ajuste el importe de las pensiones iniciales a la esperanza de vida de la cohorte de trabajadores que se jubilan. En la pr\u00e1ctica, esto significa que las personas que se jubilan m\u00e1s j\u00f3venes recibir\u00e1n una pensi\u00f3n m\u00e1s baja, ya que es probable que reciban pagos durante m\u00e1s a\u00f1os. Esto crea un incentivo para que los trabajadores prolonguen su vida laboral.<\/p>\n<\/li>\n<li>\n<p>Introducir una norma de ajuste autom\u00e1tico que actualice los derechos de pensi\u00f3n y las pensiones para garantizar la sostenibilidad financiera del sistema. En la actualidad, muchos sistemas actualizan las pensiones utilizando el <a href=\"https:\/\/theconversation.com\/whats-in-the-cpi-and-what-does-it-actually-measure-165162\" rel=\"nofollow noopener\" target=\"_blank\">\u00edndice de precios al consumo<\/a>. Esto no es sostenible, ya que reduce la <a href=\"https:\/\/www.oecd.org\/en\/data\/indicators\/net-pension-replacement-rates.html\" rel=\"nofollow noopener\" target=\"_blank\">tasa de sustituci\u00f3n de la pensi\u00f3n<\/a>, es decir, la relaci\u00f3n entre el salario previo a la jubilaci\u00f3n y los ingresos por pensi\u00f3n. Esto es especialmente cierto en un entorno de crecimiento bajo o incluso nulo de la productividad laboral (como es el caso de Espa\u00f1a).<\/p>\n<\/li>\n<li>\n<p>Calcular las pensiones utilizando las cotizaciones realizadas durante toda la vida laboral de los trabajadores que se jubilan, en lugar de los \u00faltimos 25 a\u00f1os o alguna otra medida reducida. No tener en cuenta los primeros a\u00f1os trabajados tiende a beneficiar a los que m\u00e1s ganan y a infradotar el sistema en su conjunto.<\/p>\n<\/li>\n<li>\n<p>Eliminar los l\u00edmites m\u00e1ximos de las cotizaciones a la seguridad social, pero mantener las pensiones m\u00e1ximas, de modo que los que m\u00e1s ganan paguen m\u00e1s al sistema sin recibir a cambio pensiones m\u00e1s altas.<\/p>\n<\/li>\n<li>\n<p>Ofrecer una compensaci\u00f3n \u00fanica a los trabajadores y jubilados que salgan perdiendo con estas reformas. Estas compensaciones pueden financiarse con deuda p\u00fablica. Este componente transitorio facilita una transici\u00f3n justa y evita el rechazo social que a menudo provoca el fracaso de las reformas de las pensiones.<\/p>\n<\/li>\n<\/ol>\n<p>En conjunto, estas medidas no solo mejoran la sostenibilidad financiera de los sistemas de pensiones al reducir los gastos futuros en pensiones, sino que tambi\u00e9n fomentan el ahorro privado y promueven una vida laboral m\u00e1s larga. Si las reformas se anuncian con suficiente antelaci\u00f3n, el coste de la transici\u00f3n puede ser menor, ya que los hogares tienen m\u00e1s margen para ajustar su consumo, sus ahorros y sus opciones de jubilaci\u00f3n.<\/p>\n<p>Esto no significa que las reformas de las pensiones no vayan a generar controversia. Si se adoptaran estas medidas, los gobiernos tendr\u00edan que explicarlas claramente y anticiparse a la reacci\u00f3n negativa de la opini\u00f3n p\u00fablica. Tambi\u00e9n tendr\u00edan que dejar claro que, sin reformas, ser\u00e1 inevitable un aumento sustancial de los impuestos.<\/p>\n<p>Sin embargo, la alternativa es peor. Seg\u00fan nuestros c\u00e1lculos, Espa\u00f1a tendr\u00eda que aumentar su impuesto sobre el valor a\u00f1adido medio en 9 puntos porcentuales, del 16\u00a0% al 25\u00a0%, para recaudar ingresos suficientes para mantener el sistema actual de forma indefinida. Al retrasar las decisiones impopulares sobre las pensiones, los pol\u00edticos se est\u00e1n preparando para subidas de impuestos a\u00fan m\u00e1s impopulares en el futuro.<\/p>\n","protected":false},"excerpt":{"rendered":"A principios de octubre de 2025, con su futuro pol\u00edtico pendiendo de un hilo, el primer ministro franc\u00e9s&hellip;\n","protected":false},"author":2,"featured_media":241652,"comment_status":"","ping_status":"","sticky":false,"template":"","format":"standard","meta":{"footnotes":""},"categories":[42],"tags":[17,18,13,14,11,61,62,63,64,19,20,9,10,15,16,12,21,22,65,66,67],"class_list":{"0":"post-241651","1":"post","2":"type-post","3":"status-publish","4":"format-standard","5":"has-post-thumbnail","7":"category-internacional","8":"tag-breaking-news","9":"tag-breakingnews","10":"tag-featured-news","11":"tag-featurednews","12":"tag-headlines","13":"tag-internacional","14":"tag-international","15":"tag-international-news","16":"tag-internationalnews","17":"tag-latest-news","18":"tag-latestnews","19":"tag-news","20":"tag-noticias","21":"tag-noticias-destacadas","22":"tag-noticiasdestacadas","23":"tag-titulares","24":"tag-ultimas-noticias","25":"tag-ultimasnoticias","26":"tag-world","27":"tag-world-news","28":"tag-worldnews"},"share_on_mastodon":{"url":"https:\/\/pubeurope.com\/@es\/115567350485833314","error":""},"_links":{"self":[{"href":"https:\/\/www.europesays.com\/es\/wp-json\/wp\/v2\/posts\/241651","targetHints":{"allow":["GET"]}}],"collection":[{"href":"https:\/\/www.europesays.com\/es\/wp-json\/wp\/v2\/posts"}],"about":[{"href":"https:\/\/www.europesays.com\/es\/wp-json\/wp\/v2\/types\/post"}],"author":[{"embeddable":true,"href":"https:\/\/www.europesays.com\/es\/wp-json\/wp\/v2\/users\/2"}],"replies":[{"embeddable":true,"href":"https:\/\/www.europesays.com\/es\/wp-json\/wp\/v2\/comments?post=241651"}],"version-history":[{"count":0,"href":"https:\/\/www.europesays.com\/es\/wp-json\/wp\/v2\/posts\/241651\/revisions"}],"wp:featuredmedia":[{"embeddable":true,"href":"https:\/\/www.europesays.com\/es\/wp-json\/wp\/v2\/media\/241652"}],"wp:attachment":[{"href":"https:\/\/www.europesays.com\/es\/wp-json\/wp\/v2\/media?parent=241651"}],"wp:term":[{"taxonomy":"category","embeddable":true,"href":"https:\/\/www.europesays.com\/es\/wp-json\/wp\/v2\/categories?post=241651"},{"taxonomy":"post_tag","embeddable":true,"href":"https:\/\/www.europesays.com\/es\/wp-json\/wp\/v2\/tags?post=241651"}],"curies":[{"name":"wp","href":"https:\/\/api.w.org\/{rel}","templated":true}]}}