{"id":241657,"date":"2025-11-17T22:22:08","date_gmt":"2025-11-17T22:22:08","guid":{"rendered":"https:\/\/www.europesays.com\/es\/241657\/"},"modified":"2025-11-17T22:22:08","modified_gmt":"2025-11-17T22:22:08","slug":"alcaraz-no-sufre-rotura-muscular-y-podria-jugar-ante-republica-checa-se-probara-el-miercoles-eurosport","status":"publish","type":"post","link":"https:\/\/www.europesays.com\/es\/241657\/","title":{"rendered":"Alcaraz no sufre rotura muscular y podr\u00eda jugar ante Rep\u00fablica Checa: se probar\u00e1 el mi\u00e9rcoles &#8211; Eurosport"},"content":{"rendered":"<ol>\n<li><a href=\"https:\/\/news.google.com\/rss\/articles\/CBMi_AFBVV95cUxNMnMwVmxNT1VDOUxTT2NzcElJTFI2cDE0a0tlaXNaLWtMX19yODVqT2hBcnhtcWFkekl5d3dyaEw5ckd3bVluakZSOU9VZmMtU2xJYkFjVUlmUzc5V3dZWld4cTBkczhwT1dZaHVrOE1icWlaLVRMdzFFNWxFYXNrV0JqcW45VFc1M3lOLXk0S2Fmb2RpWDlvUHJVWUxEZV9YQXJIY0didFVwRjB0UjZDakxMVm1vTjE2SjZKY1pweEo0djNOVlRFM0xxY1VFbWJNeDdEQnVFU2hqMXlQZkNrOGFpS1d0MGp2ZlJMZEU5ejVSX2NsT1gteEY3WHc?oc=5\" target=\"_blank\" rel=\"nofollow noopener\">Alcaraz no sufre rotura muscular y podr\u00eda jugar ante Rep\u00fablica Checa: se probar\u00e1 el mi\u00e9rcoles<\/a>&nbsp;&nbsp;Eurosport<\/li>\n<li><a href=\"https:\/\/news.google.com\/rss\/articles\/CBMikAFBVV95cUxNeGhRS3hCdGVHeWlEZXYzWGlEQkQ4VmZYNjZ4a3B5QzVLbUxMTGhTVnUzZi1qVG14TzRybmlVbnVZeXdueEl6eUJYa1B2QkFvbzNwdmRGb09DYVlYMTdaQUNfaE5LN2R3aDBYZlY4UnQzMjNHU043T2RkV2JXMVRYVHdEVDZfNFlGLWRrWnZ0T0XSAaQBQVVfeXFMUGo5VmsxcTlvcEptTVFBWS1LTENzaU1oZEhNa0lxMlJaQm9saGNoUms2RnRMdE56UEdpajl1aWpmcUZ2ZUNRYVI0cGttV1cyZ2NpV1dSNzJuSnZaVlNLRkVsMndBSmdnMGNQQkxjR094WHZ6ZjI5TUozNEVUOE5teFdIN3BST195RmVRRXRxVWJGOFZ6UGZoSHF0akZFRnRJeUk0c1c?oc=5\" target=\"_blank\" rel=\"nofollow noopener\">Alcaraz tiene una sobrecarga y no entrenar\u00e1 este martes<\/a>&nbsp;&nbsp;Diario AS<\/li>\n<li><a href=\"https:\/\/news.google.com\/rss\/articles\/CBMiwgFBVV95cUxPSlFnNWxJM2JPd2NFNmRMZWJtOUdOSG1LREhCMzM2ZjhtOEw3bDRfc0NnU20wUktTd2hnS0sxZEh4dkZ0THVYbnRaMFR2MFpKeTZMWDAtT1JTMzRnb3cza3lkdTlQUmw1LS1DTVpEY0M2VGpVNjJmYWNjRm1aQ0YwakdWbjlSWGFsTTkxUGg0VUF3aHE2LWdyTS1lZ0hxWlREeXM4RlZvYnhwbDlnSEU5M3VQRHItTHpkWVZCNXV5aEw1dw?oc=5\" target=\"_blank\" rel=\"nofollow noopener\">Copa Davis 2025: Alcaraz, entre la cautela y una resonancia esperanzadora: no hay rotura muscular | Tenis | Deportes<\/a>&nbsp;&nbsp;EL PA\u00cdS<\/li>\n<li><a href=\"https:\/\/news.google.com\/rss\/articles\/CBMirwFBVV95cUxPbXdySlVxVS1rSTlBRXRmWWJOd19wc000ejJUUGRhaXFPT1d6Mm1PRnhMek92ZlRBRUJwZHp1THRtVkRrQ3B2MGJjdFNlWnRCZGVpWjRyLS1CeVVEQXo1SHBIaGpxQTRnaDd5dHZXUVVPNkstemR1Ml9rUjVHYmZCbDNaX0xpaTQ3bElGX01xTnVRTHBSVTFRLTFrX0VOX29IRV9FUWRWalpXVjZCel800gGvAUFVX3lxTFBsMzFmdkxtV2VTVlNZYXQzM0ZubkVSYzFPWEZvblN3R09Za1doUXhXOXpyYzNnMWxJWUJnQnBwdU03TXRrc3lraGh2SzFITzJDQU1uUS1xdVZPQUwxWnpiNnE1UmFvVnlrZTNEaHhWLWFqQkJkLU0xcDJXQnR1clEwUmVSSEV1YUZJYm9hczVEQ0xmeTBsRU5pbFJXTGpGYzlPQnFwMnRyM2NPWDRxOGs?oc=5\" target=\"_blank\" rel=\"nofollow noopener\">Alcaraz sufre una sobrecarga en el isquiotibial y no entrenar\u00e1 hasta el mi\u00e9rcoles en Bolonia<\/a>&nbsp;&nbsp;MARCA<\/li>\n<li><a href=\"https:\/\/news.google.com\/rss\/articles\/CBMi1wFBVV95cUxPWXJUQkE2bDRjZlNmejFfN2RWa1k4V2xqM2tzdjhnWG9MUk5wLWNCcW5aNVBJMFd1NXY3TmtwRHVCVzVNS1NVRzhQUER0SWQ2Y1AtZHhHTU16YXZfV3JoM001a3BHRGRPaGpTcWc3YTIwcWNoU0cyRHRzUWoyU29BTHhOUWJBMG1UQ0U3a0xRd2cyclBlak1XcjhfUGg1V3ZRa0N4X2hmdFJBaGpteGIyX2I1Nkh4WlFIV0xGRzR4Rm1WUDFSYUplRlQ2M19Ra29qTXdIaVpwRdIB3AFBVV95cUxNNmVKakU5eldhRWs4bVhBRGUzSWVzdUtFdmZnUllyUHpISkpEQ3RLRldJcmdhb284dTVJbVVOci1IeTlKbC1tR0Z3emhLbHZMUVVZaVNUb1hTaDNfRnVxZ1oycFNmMzdjLUNwSWdZWm1hWS14RXF1VVc2RDNBak9pcWZDbWlEMExwN254N0o1NVFtNmhVRG9pbmJ5LTRManhCMXNlbk5mOU1GWXF4V2Zmb3BpOUM2YWFxNDNUZXVoVXhSeURqQ19tTGttamJpc1RrdVJmbFd5TS1fSEN1?oc=5\" target=\"_blank\" rel=\"nofollow noopener\">Finales de la Copa Davis 2025: cu\u00e1ndo empieza, calendario y d\u00f3nde ver por TV a Espa\u00f1a y a Alcaraz<\/a>&nbsp;&nbsp;El Confidencial<\/li>\n<\/ol>\n","protected":false},"excerpt":{"rendered":"Alcaraz no sufre rotura muscular y podr\u00eda jugar ante Rep\u00fablica Checa: se probar\u00e1 el mi\u00e9rcoles&nbsp;&nbsp;Eurosport Alcaraz tiene una&hellip;\n","protected":false},"author":2,"featured_media":233937,"comment_status":"","ping_status":"","sticky":false,"template":"","format":"standard","meta":{"footnotes":""},"categories":[274],"tags":[168,25,24,23,167,327,326],"class_list":{"0":"post-241657","1":"post","2":"type-post","3":"status-publish","4":"format-standard","5":"has-post-thumbnail","7":"category-tenis","8":"tag-deportes","9":"tag-es","10":"tag-espana","11":"tag-spain","12":"tag-sports","13":"tag-tenis","14":"tag-tennis"},"share_on_mastodon":{"url":"https:\/\/pubeurope.com\/@es\/115567378028528453","error":""},"_links":{"self":[{"href":"https:\/\/www.europesays.com\/es\/wp-json\/wp\/v2\/posts\/241657","targetHints":{"allow":["GET"]}}],"collection":[{"href":"https:\/\/www.europesays.com\/es\/wp-json\/wp\/v2\/posts"}],"about":[{"href":"https:\/\/www.europesays.com\/es\/wp-json\/wp\/v2\/types\/post"}],"author":[{"embeddable":true,"href":"https:\/\/www.europesays.com\/es\/wp-json\/wp\/v2\/users\/2"}],"replies":[{"embeddable":true,"href":"https:\/\/www.europesays.com\/es\/wp-json\/wp\/v2\/comments?post=241657"}],"version-history":[{"count":0,"href":"https:\/\/www.europesays.com\/es\/wp-json\/wp\/v2\/posts\/241657\/revisions"}],"wp:featuredmedia":[{"embeddable":true,"href":"https:\/\/www.europesays.com\/es\/wp-json\/wp\/v2\/media\/233937"}],"wp:attachment":[{"href":"https:\/\/www.europesays.com\/es\/wp-json\/wp\/v2\/media?parent=241657"}],"wp:term":[{"taxonomy":"category","embeddable":true,"href":"https:\/\/www.europesays.com\/es\/wp-json\/wp\/v2\/categories?post=241657"},{"taxonomy":"post_tag","embeddable":true,"href":"https:\/\/www.europesays.com\/es\/wp-json\/wp\/v2\/tags?post=241657"}],"curies":[{"name":"wp","href":"https:\/\/api.w.org\/{rel}","templated":true}]}}