{"id":241660,"date":"2025-11-17T22:26:09","date_gmt":"2025-11-17T22:26:09","guid":{"rendered":"https:\/\/www.europesays.com\/es\/241660\/"},"modified":"2025-11-17T22:26:09","modified_gmt":"2025-11-17T22:26:09","slug":"julian-alvarez-deja-la-puerta-abierta-a-fichar-por-el-psg","status":"publish","type":"post","link":"https:\/\/www.europesays.com\/es\/241660\/","title":{"rendered":"Juli\u00e1n \u00c1lvarez deja la puerta abierta a fichar por el PSG"},"content":{"rendered":"<p><b>Juli\u00e1n \u00c1lvarez<\/b> quiere ganar t\u00edtulos con el <b>Atl\u00e9tico de Madrid<\/b> y esa ha sido su respuesta cada vez que ha sido relacionado con otros equipos. Y es que, el argentino ha sonado con fuerza como posible recambio de <a title=\"Robert Lewandowski\" href=\"https:\/\/www.larazon.es\/deportes\/laotraliga\/sorprendente-equipo-laliga-que-sido-relacionado-lewandowski_2025102568fd2545abed5e585bce08e5.html\" target=\"_blank\" rel=\"nofollow noopener\">Robert Lewandowski<\/a> en el <a title=\"Barcelona\" href=\"https:\/\/www.larazon.es\/deportes\/laotraliga\/dos-condiciones-barcelona-fichar-julian-alvarez-atletico-madrid_2025102268f90db15ddd5447a1bf4bd9.html\" target=\"_blank\" rel=\"nofollow noopener\">Barcelona<\/a>. Incluso, <a title=\"Hugo Rafael Varas\" href=\"https:\/\/www.larazon.es\/deportes\/laotraliga\/incomodo-atletico-julian-alvarez-esta-dispuesto-fichar-este-equipo-segun-primer-entrenador_2025092468d3eb75d06d8c46f2900795.html\" target=\"_blank\" rel=\"nofollow noopener\">Hugo Rafael Varas<\/a>, su primer entrenador, ha dicho que el delantero de <b>25 a\u00f1os<\/b> siempre ha sentido simpat\u00eda por el conjunto azulgrana y que si no fich\u00f3 el club catal\u00e1n hace dos veranos fue porque la entidad presidida por Joan Laporta no dispon\u00eda de liquidez. No obstante, ahora las \u00faltimas informaciones aseguran que Juli\u00e1n \u00c1lvarez habr\u00eda dejado la puerta abierta a fichar por el <b>PSG<\/b>.<\/p>\n<p>\u201c<b>El jugador ha dejado la puerta abierta a un traspaso a Par\u00eds, siempre que los clubes lleguen a un acuerdo<\/b>\u201d, afirm\u00f3 Sacha Tavolieri, periodista de Sky Sport.<\/p>\n<p>\u00bfCu\u00e1nto le costar\u00eda al PSG y al Barcelona fichar a Juli\u00e1n \u00c1lvarez?<\/p>\n<p>Tambi\u00e9n se ha publicado que el Atl\u00e9tico de Madrid no dejar\u00e1 salir a Juli\u00e1n \u00c1lvarez por menos de <b>120 millones <\/b>de euros, una cifra imposible de alcanzar para el Barcelona, pero s\u00ed para el PSG.<\/p>\n<p>Cuestionado por dichos rumores, en especial por los que sit\u00faan al argentino en el conjunto azulgrana, fue cuestionado recientemente Fernando Hidalgo, su agente, que dijo: \u201c<b>Nada de lo que se est\u00e1 escribiendo es cierto. Solo son hip\u00f3tesis imaginativas en estos momentos<\/b>\u201d.<\/p>\n<p>\u201c<b>Obviamente, Juli\u00e1n tiene admiraci\u00f3n por los clubes espa\u00f1oles, y al seguir cuando era ni\u00f1o la carrera de Leo Messi&#8230; No hay muchos argentinos que no tengan un sentimiento especial hacia el Barcelona<\/b>\u201d, a\u00f1adi\u00f3.<\/p>\n","protected":false},"excerpt":{"rendered":"Juli\u00e1n \u00c1lvarez quiere ganar t\u00edtulos con el Atl\u00e9tico de Madrid y esa ha sido su respuesta cada vez&hellip;\n","protected":false},"author":2,"featured_media":241661,"comment_status":"","ping_status":"","sticky":false,"template":"","format":"standard","meta":{"footnotes":""},"categories":[268],"tags":[168,25,24,280,282,281,23,167],"class_list":{"0":"post-241660","1":"post","2":"type-post","3":"status-publish","4":"format-standard","5":"has-post-thumbnail","7":"category-futbol","8":"tag-deportes","9":"tag-es","10":"tag-espana","11":"tag-football","12":"tag-futbol","13":"tag-soccer","14":"tag-spain","15":"tag-sports"},"share_on_mastodon":{"url":"https:\/\/pubeurope.com\/@es\/115567393842833854","error":""},"_links":{"self":[{"href":"https:\/\/www.europesays.com\/es\/wp-json\/wp\/v2\/posts\/241660","targetHints":{"allow":["GET"]}}],"collection":[{"href":"https:\/\/www.europesays.com\/es\/wp-json\/wp\/v2\/posts"}],"about":[{"href":"https:\/\/www.europesays.com\/es\/wp-json\/wp\/v2\/types\/post"}],"author":[{"embeddable":true,"href":"https:\/\/www.europesays.com\/es\/wp-json\/wp\/v2\/users\/2"}],"replies":[{"embeddable":true,"href":"https:\/\/www.europesays.com\/es\/wp-json\/wp\/v2\/comments?post=241660"}],"version-history":[{"count":0,"href":"https:\/\/www.europesays.com\/es\/wp-json\/wp\/v2\/posts\/241660\/revisions"}],"wp:featuredmedia":[{"embeddable":true,"href":"https:\/\/www.europesays.com\/es\/wp-json\/wp\/v2\/media\/241661"}],"wp:attachment":[{"href":"https:\/\/www.europesays.com\/es\/wp-json\/wp\/v2\/media?parent=241660"}],"wp:term":[{"taxonomy":"category","embeddable":true,"href":"https:\/\/www.europesays.com\/es\/wp-json\/wp\/v2\/categories?post=241660"},{"taxonomy":"post_tag","embeddable":true,"href":"https:\/\/www.europesays.com\/es\/wp-json\/wp\/v2\/tags?post=241660"}],"curies":[{"name":"wp","href":"https:\/\/api.w.org\/{rel}","templated":true}]}}