{"id":241668,"date":"2025-11-17T22:32:14","date_gmt":"2025-11-17T22:32:14","guid":{"rendered":"https:\/\/www.europesays.com\/es\/241668\/"},"modified":"2025-11-17T22:32:14","modified_gmt":"2025-11-17T22:32:14","slug":"el-grupo-britanico-saxon-actuara-en-zamora-en-el-z-live-de-2026","status":"publish","type":"post","link":"https:\/\/www.europesays.com\/es\/241668\/","title":{"rendered":"El grupo brit\u00e1nico Saxon actuar\u00e1 en Zamora en el Z! Live de 2026"},"content":{"rendered":"<p class=\"ft-text\">Uno de los grupos m\u00e1s importantes del heavy metal europeo tocar\u00e1 en Zamora.<\/p>\n<p class=\"ft-text\">\u00a0La m\u00edtica banda brit\u00e1nica <strong>Saxon <\/strong>actuar\u00e1 en junio en la ciudad<strong>, <\/strong>seg\u00fan confirman desde el <a class=\"ft-link ft-link--decoration\" href=\"https:\/\/www.laopiniondezamora.es\/tags\/z-live-rock-fest\/\" rel=\"nofollow noopener\" target=\"_blank\">Z! Live Rock Fest<\/a>, que celebrar\u00e1 su edici\u00f3n de 2026 del 11 al 13 de junio en <a class=\"ft-link ft-link--decoration\" href=\"https:\/\/www.laopiniondezamora.es\/tags\/ifeza\/\" rel=\"nofollow noopener\" target=\"_blank\">Ifeza<\/a>.<\/p>\n<p class=\"ft-text\">La banda brit\u00e1nica se une as\u00ed al hist\u00f3rico regreso de Twisted Sister, comunicaci\u00f3n d\u00edas atr\u00e1s, y refuerza el atractivo cultural y musical de una edici\u00f3n que promete atraer a miles de visitantes a la ciudad.<\/p>\n<p>Una banda hist\u00f3rica, en plena forma<\/p>\n<p class=\"ft-text\">S<strong>axon cuenta con casi 50 a\u00f1os de trayectoria<\/strong> y es una de las <strong>formaciones <\/strong>m\u00e1s<strong> influyentes del metal brit\u00e1nico<\/strong>. Con canciones emblem\u00e1ticas como \u201cWheels of Steel\u201d o \u201cDenim and Leather\u201d, la banda ha marcado a varias generaciones de aficionados.<\/p>\n<p class=\"ft-text\">La formaci\u00f3n llega <strong>a Zamora en un momento especialmente s\u00f3lido<\/strong>, tras la publicaci\u00f3n de su \u00faltimo trabajo, \u201cHell, Fire and Damnation\u201d, considerado uno de los mejores discos de su etapa moderna, \u00a1estiman desde el Z! Live.<\/p>\n<p><img decoding=\"async\" src=\"https:\/\/www.europesays.com\/es\/wp-content\/uploads\/2025\/11\/4bf997ac-9485-438a-a8ef-cfffbfc33b3d_alta-libre-aspect-ratio_default_0.jpg\" width=\"1200\" height=\"1497\" alt=\"La formaci\u00f3n brit\u00e1nica.\" class=\"ft-helper-img-rd\" loading=\"lazy\"\/><\/p>\n<p class=\"ft-helper-fontColor-quaternary ft-helper-fontSize-body-S ft-helper-spacer-t-xxs\">La formaci\u00f3n brit\u00e1nica.  \/ Cedida<\/p>\n<p>Un concierto de gran formato<\/p>\n<p class=\"ft-text\">El grupo actuar\u00e1 con su actual formaci\u00f3n, encabezada por el vocalista Biff Byford, en un espect\u00e1culo de gran formato que se vivir\u00e1 en el entorno caracter\u00edstico del Z! Live: un festival que apuesta por limitar su aforo para ofrecer comodidad, cercan\u00eda y una experiencia cuidada al p\u00fablico.<\/p>\n<p>Recinto<\/p>\n<p class=\"ft-text\">El recinto contar\u00e1 con zonas de restauraci\u00f3n con producto local, foodtrucks de calidad, bebidas de primeras marcas y barras atendidas por el equipo propio del <a class=\"ft-link ft-link--decoration\" href=\"https:\/\/www.laopiniondezamora.es\/vida-y-estilo\/tecnologia\/videojuegos\/2025\/11\/13\/festival-animales-steam-comenzado-hemos-123677981.html\" rel=\"nofollow noopener\" target=\"_blank\">festival<\/a>, elementos que han convertido al Z! Live en una cita destacada dentro de la oferta cultural de Zamora.<\/p>\n<p class=\"ft-text\">Un avance de cartel de primer nivel<\/p>\n<p class=\"ft-text\">Adem\u00e1s de Saxon y <a class=\"ft-link ft-link--decoration\" href=\"https:\/\/www.laopiniondezamora.es\/zamora\/2025\/09\/26\/twisted-sister-actuara-festival-z-121996624.html\" rel=\"nofollow noopener\" target=\"_blank\">Twisted Sister,<\/a> el Z! Live 2026 ya ha anunciado a grupos internacionales y nacionales como Emperor, H.E.A.T., Tesseract, Soziedad Alkoh\u00f3lika, Brothers of Metal, Delalma, Su Ta Gar, Latzen, o L\u00e8poka y promesas como Headon, Romanthica, Noah Histeria o Xeria.<\/p>\n<p>Entradas disponibles<\/p>\n<p class=\"ft-text\">Los abonos para el Z! Live 2026 est\u00e1n a la venta a 130 euros m\u00e1s gastos de gesti\u00f3n en la web del festival.<\/p>\n","protected":false},"excerpt":{"rendered":"Uno de los grupos m\u00e1s importantes del heavy metal europeo tocar\u00e1 en Zamora. \u00a0La m\u00edtica banda brit\u00e1nica Saxon&hellip;\n","protected":false},"author":2,"featured_media":241669,"comment_status":"","ping_status":"","sticky":false,"template":"","format":"standard","meta":{"footnotes":""},"categories":[170],"tags":[32364,5830,146,147,25,24,100,184,185,38739,23,62173,42228,2946],"class_list":{"0":"post-241668","1":"post","2":"type-post","3":"status-publish","4":"format-standard","5":"has-post-thumbnail","7":"category-musica","8":"tag-actuara","9":"tag-britanico","10":"tag-entertainment","11":"tag-entretenimiento","12":"tag-es","13":"tag-espana","14":"tag-grupo","15":"tag-music","16":"tag-musica","17":"tag-saxon","18":"tag-spain","19":"tag-z-live-fest","20":"tag-z-live-rock-fest","21":"tag-zamora"},"share_on_mastodon":{"url":"https:\/\/pubeurope.com\/@es\/115567418005050811","error":""},"_links":{"self":[{"href":"https:\/\/www.europesays.com\/es\/wp-json\/wp\/v2\/posts\/241668","targetHints":{"allow":["GET"]}}],"collection":[{"href":"https:\/\/www.europesays.com\/es\/wp-json\/wp\/v2\/posts"}],"about":[{"href":"https:\/\/www.europesays.com\/es\/wp-json\/wp\/v2\/types\/post"}],"author":[{"embeddable":true,"href":"https:\/\/www.europesays.com\/es\/wp-json\/wp\/v2\/users\/2"}],"replies":[{"embeddable":true,"href":"https:\/\/www.europesays.com\/es\/wp-json\/wp\/v2\/comments?post=241668"}],"version-history":[{"count":0,"href":"https:\/\/www.europesays.com\/es\/wp-json\/wp\/v2\/posts\/241668\/revisions"}],"wp:featuredmedia":[{"embeddable":true,"href":"https:\/\/www.europesays.com\/es\/wp-json\/wp\/v2\/media\/241669"}],"wp:attachment":[{"href":"https:\/\/www.europesays.com\/es\/wp-json\/wp\/v2\/media?parent=241668"}],"wp:term":[{"taxonomy":"category","embeddable":true,"href":"https:\/\/www.europesays.com\/es\/wp-json\/wp\/v2\/categories?post=241668"},{"taxonomy":"post_tag","embeddable":true,"href":"https:\/\/www.europesays.com\/es\/wp-json\/wp\/v2\/tags?post=241668"}],"curies":[{"name":"wp","href":"https:\/\/api.w.org\/{rel}","templated":true}]}}