{"id":241693,"date":"2025-11-17T22:51:17","date_gmt":"2025-11-17T22:51:17","guid":{"rendered":"https:\/\/www.europesays.com\/es\/241693\/"},"modified":"2025-11-17T22:51:17","modified_gmt":"2025-11-17T22:51:17","slug":"la-sorprendente-reaccion-en-redes-de-isa-pantoja-a-las-disculpas-publicas-de-kiko-rivera","status":"publish","type":"post","link":"https:\/\/www.europesays.com\/es\/241693\/","title":{"rendered":"La sorprendente reacci\u00f3n en redes de Isa Pantoja a las disculpas p\u00fablicas de Kiko Rivera"},"content":{"rendered":"<p id=\"e6ZgdGR6Vk\" data-wc=\"83\"><strong>Isa Pantoja<\/strong> ha respondido a las declaraciones de su hermano tras su paso por <strong>&#8216;\u00a1De viernes!&#8217;<\/strong>, donde habl\u00f3 de uno de los momentos m\u00e1s duros que vivi\u00f3 la hija adoptiva de la tonadillera. <a class=\"hm-link ho-link\" href=\"https:\/\/www.hola.com\/actualidad\/20251115867655\/kiko-rivera-de-viernes-entrevsita\/\" data-mrf-recirculation=\"article-body-link\" rel=\"nofollow noopener\" target=\"_blank\">Kiko Rivera<\/a> pidi\u00f3 perd\u00f3n a su hermana peque\u00f1a por los errores que hab\u00eda cometido en el pasado y de los cuales se avergonzaba. \u00ab<strong>Le dir\u00eda que la quiero mucho, sigue siendo mi ni\u00f1a peque\u00f1a<\/strong>. Me encantar\u00eda que pudi\u00e9ramos sentarnos a hablar, la extra\u00f1o. <strong>Ojal\u00e1 volver a ser una familia<\/strong>\u00bb confes\u00f3.<\/p>\n<p> <img src=\"https:\/\/www.europesays.com\/es\/wp-content\/uploads\/2025\/11\/182f4f574236-kiko-rivera-e-isa-pantoja-t.jpg\"   width=\"1024\" height=\"614\" loading=\"lazy\" decoding=\"async\" alt=\"Kiko Rivera e Isa Pantoja\" fetchpriority=\"auto\" class=\"image ho-image\"\/>\u00a9 @riverakikoKiko Rivera e Isa Pantoja<\/p>\n<p id=\"eWJs8ZaWLfV\" data-wc=\"80\">El DJ volvi\u00f3 a pisar un plat\u00f3 despu\u00e9s de tres a\u00f1os y adem\u00e1s de su madre, tambi\u00e9n habl\u00f3 sobre las otras dos mujeres de su vida. Por un lado, de <a class=\"hm-link ho-link\" href=\"https:\/\/www.hola.com\/actualidad\/20251115867708\/irene-rosales-responde-a-kiko-rivera-con-una-enigmatica-foto-de-su-novio-guillermo-y-un-mensaje-de-calma\/\" data-mrf-recirculation=\"article-body-link\" rel=\"nofollow noopener\" target=\"_blank\">Irene Rosales<\/a>, la esposa de Kiko durante nueve a\u00f1os y madre de sus dos hijas, y por el otro, de su hermana <a class=\"hm-link ho-link\" href=\"https:\/\/www.hola.com\/actualidad\/20251115867708\/irene-rosales-responde-a-kiko-rivera-con-una-enigmatica-foto-de-su-novio-guillermo-y-un-mensaje-de-calma\/\" data-mrf-recirculation=\"article-body-link\" rel=\"nofollow noopener\" target=\"_blank\">Isa Pantoja<\/a>, que tiene heridas abiertas de la infancia por episodios vividos dentro del n\u00facleo familiar, y con la que casi no mantiene relaci\u00f3n a d\u00eda de hoy.\u00a0<\/p>\n<p> <img src=\"https:\/\/www.europesays.com\/es\/wp-content\/uploads\/2025\/11\/207464095873-captura-de-pantalla-5.png\"   width=\"1024\" height=\"576\" loading=\"lazy\" decoding=\"async\" alt=\"El DJ en el plat\u00f3 de '\u00a1De viernes!'\" fetchpriority=\"auto\" class=\"image ho-image\"\/>\u00a9 TelecincoEl DJ en el plat\u00f3 de &#8216;\u00a1De viernes!&#8217;<\/p>\n<p id=\"ed0gbx5mRb-\" data-wc=\"71\">Kiko Rivera record\u00f3 el episodio en el que humill\u00f3 a su hermana reg\u00e1ndole con una manguera, a ra\u00edz de que \u00e9l y su madre se enterasen de que estaba conociendo a un chico. Isa Pantoja expres\u00f3 haber sufrido much\u00edsimo durante ese momento, recordando que <strong>\u00abme quer\u00eda morir\u00bb.<\/strong> Una escena totalmente traum\u00e1tica para Isa de la que el DJ se arrepiente much\u00edsimo. <strong>\u00abEs algo que no me perdonar\u00e9 jam\u00e1s en la vida\u00bb.<\/strong><\/p>\n<p> <img src=\"https:\/\/www.europesays.com\/es\/wp-content\/uploads\/2025\/11\/72a72b1e77f6-captura-de-pantalla-4.png\"   width=\"1024\" height=\"576\" loading=\"lazy\" decoding=\"async\" alt=\"Isa Pantoja cuenta el momento de la ducha\" fetchpriority=\"auto\" class=\"image ho-image\"\/>\u00a9 TelecincoIsa Pantoja cuenta el momento de la ducha<\/p>\n<p id=\"erDjC-EH7-A\" data-wc=\"89\">Aunque no haya contestado de forma directa a su hermano mayor, Isa Pantoja ha decidido subir algunas capturas de los mensajes de cari\u00f1o de sus seguidores, que se han volcado con ella despu\u00e9s de saber el sufrimiento que vivi\u00f3 en el pasado. <strong>\u201cEstoy viendo en estos momentos la entrevista a tu hermano, y me partes el alma. Esos hechos y comportamientos que cuentas rompen el coraz\u00f3n. Ojal\u00e1 la vida te devuelva tanta felicidad como llantos de aquella juventud\u00bb\u00a0<\/strong>fue uno de los mensajes que comparti\u00f3 a Instagram la influencer.<\/p>\n<p> <img src=\"https:\/\/www.europesays.com\/es\/wp-content\/uploads\/2025\/08\/cfad2c11aa3a-kiko-rivera-isabel-pantoja-e-isa-pantoja.jpg\"   width=\"1024\" height=\"614\" loading=\"lazy\" decoding=\"async\" alt=\"kiko rivera isabel pantoja e isa pantoja\" fetchpriority=\"auto\" class=\"image ho-image\"\/>\u00a9 GTresIsabel Pantoja con sus hijos<\/p>\n<p id=\"ef002sfZO1t\" data-wc=\"81\">Tambi\u00e9n ha recibido mensajes de empat\u00eda. <strong>\u00abQue te dejen vivir en paz, que te dejen construir en paz\u2026 Est\u00e1s en tu derecho si no quieres perdonar\u201d<\/strong> dec\u00eda uno de los comentarios. Adem\u00e1s, ha habido muchas personas que se han identificado con su dolor, asegurando que <strong>\u00abmucha gente hemos vivido infancias complicadas\u00bb<\/strong>. As\u00ed mismo, destacan que actualmente Isa P \u00abes un mujer\u00f3n\u00bb valiente y fuerte\u00bb. Unas palabras que la han emocionado especialmente, tal y como ha demostrado compartiendo dos emojis de coraz\u00f3n.<\/p>\n<p> <img src=\"https:\/\/www.europesays.com\/es\/wp-content\/uploads\/2025\/11\/05d37779a2ff-581927134185332954990639155650330933824713077n.jpg\"   width=\"768\" height=\"1024\" loading=\"lazy\" decoding=\"async\" alt=\"Isa disfrutando de el viaje\" fetchpriority=\"auto\" class=\"image ho-image\"\/>\u00a9 isapantojamIsa disfrutando del viaje<\/p>\n<p id=\"eYGVvunB9q9\" data-wc=\"76\">Para Isa Pantoja ha sido doloroso revivir este cap\u00edtulo, y ha decidido refugiarse en los suyos. La hermana de Kiko se ha ido de escapada rural a Pedraza, en Castilla y Le\u00f3n, acompa\u00f1ada de <a class=\"hm-link ho-link\" href=\"https:\/\/www.hola.com\/actualidad\/20251115867708\/irene-rosales-responde-a-kiko-rivera-con-una-enigmatica-foto-de-su-novio-guillermo-y-un-mensaje-de-calma\/\" data-mrf-recirculation=\"article-body-link\" rel=\"nofollow noopener\" target=\"_blank\">Asraf Beno<\/a>, con el que lleva casada desde finales de 2023, y de sus dos hijos: <strong>Alberto<\/strong>, de 11 a\u00f1os, que comparte con <strong>Alberto Isla<\/strong>, y <strong>Cairo<\/strong>, su primer hijo en com\u00fan con su marido, nacido en junio de este mismo a\u00f1o.<\/p>\n<p> <img src=\"https:\/\/www.europesays.com\/es\/wp-content\/uploads\/2025\/08\/42d6704fc3a9-europapress6820694isapantojaasrafbenosalidahospitalpascualsanrafaelju.jpg\"   width=\"1024\" height=\"682\" loading=\"lazy\" decoding=\"async\" alt=\"(Foto de ARCHIVO) Isa Pantoja y Asraf Beno a la salida del Hospital Pascual San Rafael junto al peque\u00f1o Cairo, a 25 de junio de 2025, en C\u00e1diz (Espa\u00f1a).  Leandro Wassaul FAMOSOS;ALTA;BEB\u00c3\u0089;HOSPITAL 25\/6\/2025\" fetchpriority=\"auto\" class=\"image ho-image\"\/>\u00a9 Europa Press(Foto de ARCHIVO)<br \/>\nIsa Pantoja y Asraf Beno a la salida del Hospital Pascual San Rafael junto al peque\u00f1o Cairo, a 25 de junio de 2025, en C\u00e1diz (Espa\u00f1a).<\/p>\n<p>Leandro Wassaul<br \/>\nFAMOSOS;ALTA;BEB\u00c3\u0089;HOSPITAL<br \/>\n25\/6\/2025<\/p>\n<p id=\"eg4yEi3CP6J\" data-wc=\"49\">Los cuatro han disfrutado de la tranquilidad del pueblo y de sus preciosos paisajes, as\u00ed lo comparti\u00f3 en redes. \u201cPerderse por Pedraza para encontrarme un poquito m\u00e1s. Justo lo que necesitaba\u201d. Isa Pantoja se encuentra en un buen momento vital y no quiere pensar en episodios oscuros del pasado.<\/p>\n","protected":false},"excerpt":{"rendered":"Isa Pantoja ha respondido a las declaraciones de su hermano tras su paso por &#8216;\u00a1De viernes!&#8217;, donde habl\u00f3&hellip;\n","protected":false},"author":2,"featured_media":241694,"comment_status":"","ping_status":"","sticky":false,"template":"","format":"standard","meta":{"footnotes":""},"categories":[174],"tags":[517,255,146,147,25,24,256,23,692,807],"class_list":{"0":"post-241693","1":"post","2":"type-post","3":"status-publish","4":"format-standard","5":"has-post-thumbnail","7":"category-famosos","8":"tag-actualidad","9":"tag-celebrities","10":"tag-entertainment","11":"tag-entretenimiento","12":"tag-es","13":"tag-espana","14":"tag-famosos","15":"tag-spain","16":"tag-telecinco","17":"tag-television"},"share_on_mastodon":{"url":"https:\/\/pubeurope.com\/@es\/115567492456159953","error":""},"_links":{"self":[{"href":"https:\/\/www.europesays.com\/es\/wp-json\/wp\/v2\/posts\/241693","targetHints":{"allow":["GET"]}}],"collection":[{"href":"https:\/\/www.europesays.com\/es\/wp-json\/wp\/v2\/posts"}],"about":[{"href":"https:\/\/www.europesays.com\/es\/wp-json\/wp\/v2\/types\/post"}],"author":[{"embeddable":true,"href":"https:\/\/www.europesays.com\/es\/wp-json\/wp\/v2\/users\/2"}],"replies":[{"embeddable":true,"href":"https:\/\/www.europesays.com\/es\/wp-json\/wp\/v2\/comments?post=241693"}],"version-history":[{"count":0,"href":"https:\/\/www.europesays.com\/es\/wp-json\/wp\/v2\/posts\/241693\/revisions"}],"wp:featuredmedia":[{"embeddable":true,"href":"https:\/\/www.europesays.com\/es\/wp-json\/wp\/v2\/media\/241694"}],"wp:attachment":[{"href":"https:\/\/www.europesays.com\/es\/wp-json\/wp\/v2\/media?parent=241693"}],"wp:term":[{"taxonomy":"category","embeddable":true,"href":"https:\/\/www.europesays.com\/es\/wp-json\/wp\/v2\/categories?post=241693"},{"taxonomy":"post_tag","embeddable":true,"href":"https:\/\/www.europesays.com\/es\/wp-json\/wp\/v2\/tags?post=241693"}],"curies":[{"name":"wp","href":"https:\/\/api.w.org\/{rel}","templated":true}]}}