{"id":241710,"date":"2025-11-17T23:01:12","date_gmt":"2025-11-17T23:01:12","guid":{"rendered":"https:\/\/www.europesays.com\/es\/241710\/"},"modified":"2025-11-17T23:01:12","modified_gmt":"2025-11-17T23:01:12","slug":"facua-denuncia-la-venta-en-aliexpress-de-muneca-sexuales-con-aspecto-de-ninas","status":"publish","type":"post","link":"https:\/\/www.europesays.com\/es\/241710\/","title":{"rendered":"Facua denuncia la venta en AliExpress de mu\u00f1eca sexuales con aspecto de ni\u00f1as"},"content":{"rendered":"<p>La asociaci\u00f3n <strong>Facua<\/strong>-Consumidores en Acci\u00f3n ha presentado una queja ante el Ministerio de Derechos Sociales, Consumo y Agenda 2030 y la Comisi\u00f3n Nacional de los Mercados y la Competencia (CNMC) por la venta en el portal <strong>AliExpress<\/strong> de <strong>mu\u00f1ecas sexuales<\/strong> con rasgos ani\u00f1ados y en los que se promocionan, entre otras cuestiones, su \u00abcara linda e infantil\u00bb o un \u00abcuerpo de aproximadamente 120 cent\u00edmetros\u00bb.<\/p>\n<p>Los anuncios no indican de manera expl\u00edcita el car\u00e1cter sexual de las mu\u00f1ecas, pero los mensajes y las im\u00e1genes s\u00ed acreditar\u00edan esta condici\u00f3n, seg\u00fan un comunicado de la asociaci\u00f3n.   Se venden a un precio que oscila entre los 241 y los 442 euros.<\/p>\n<p>Los productos fueron localizados con b\u00fasquedas en las que se introdujeron t\u00e9rminos expl\u00edcitos como \u00abmu\u00f1ecas sexuales ni\u00f1as\u00bb. Varios de los modelos denunciados por Facua ya han sido retirados de la plataforma, pero otros siguen a la venta. <\/p>\n<p>La organizaci\u00f3n advierte de que este tipo de productos <strong>viola la ley<\/strong> de garant\u00eda integral de la libertad sexual, en la que se proh\u00edbe la publicidad que fomente o normalice la violencia sexual contra mujeres, adolescentes o menores de edad. Adem\u00e1s, entiende que incumple tambi\u00e9n la Ley General de Publicidad por tratarse de un contenido que puede fomentar la violencia contra la infancia.<\/p>\n<p>Francia pone a varias compa\u00f1\u00edas en el punto de mira<\/p>\n<p>El Gobierno franc\u00e9s ya inici\u00f3 a comienzos de mes <a href=\"https:\/\/www.rtve.es\/noticias\/20251105\/gobierno-frances-suspension-plataforma-shein-cumple-ley\/16802478.shtml\" rel=\"nofollow noopener\" target=\"_blank\">un procedimiento legal contra la firma Shein <\/a>por poner a la venta mu\u00f1ecas de silicona con aspecto infantil, lo que supuso la retirada de todos los productos considerados ilegales. La semana pasada se\u00f1al\u00f3 a otras cinco empresas \u2014AliExpress, Joom, eBay, Temu y Wish\u2014 por la venta de mu\u00f1ecas sexuales con aspecto infantil y de armas como machetes y pu\u00f1os americanos, todos ellos productos ilegales en Francia.<\/p>\n<p>El Ejecutivo galo tambi\u00e9n ha puesto en el foco a Vinted, aunque en este caso por los anuncios que muestra. La Alta Comisionada para la Infancia, Sarah El Ha\u00efry, ha advertido este lunes en Franceinfo de que Vinted es \u00abdirectamente responsable\u00bb de anuncios que enlazan con contenido pornogr\u00e1fico y ha confirmado contactos con el regulador digital Arcom para tomar medidas.<\/p>\n<p>La Comisi\u00f3n Europea ya abri\u00f3 el a\u00f1o pasado <a href=\"https:\/\/www.rtve.es\/noticias\/20240314\/bruselas-investigacion-aliexpress-por-vender-productos-ilegales-pornografia\/16015269.shtml\" rel=\"nofollow noopener\" target=\"_blank\">una investigaci\u00f3n formal contra AliExpress<\/a> justificada, entre otras cosas, en la difusi\u00f3n de contenidos pornogr\u00e1ficos. Por otro lado, el Parlamento Europeo tiene previsto votar la pr\u00f3xima semana una resoluci\u00f3n sobre la venta por internet de productos ilegales en territorio comunitario.<\/p>\n","protected":false},"excerpt":{"rendered":"La asociaci\u00f3n Facua-Consumidores en Acci\u00f3n ha presentado una queja ante el Ministerio de Derechos Sociales, Consumo y Agenda&hellip;\n","protected":false},"author":2,"featured_media":241711,"comment_status":"","ping_status":"","sticky":false,"template":"","format":"standard","meta":{"footnotes":""},"categories":[80],"tags":[82,95,94,25,24,23],"class_list":{"0":"post-241710","1":"post","2":"type-post","3":"status-publish","4":"format-standard","5":"has-post-thumbnail","7":"category-economia","8":"tag-business","9":"tag-economia","10":"tag-economy","11":"tag-es","12":"tag-espana","13":"tag-spain"},"share_on_mastodon":{"url":"https:\/\/pubeurope.com\/@es\/115567531392903933","error":""},"_links":{"self":[{"href":"https:\/\/www.europesays.com\/es\/wp-json\/wp\/v2\/posts\/241710","targetHints":{"allow":["GET"]}}],"collection":[{"href":"https:\/\/www.europesays.com\/es\/wp-json\/wp\/v2\/posts"}],"about":[{"href":"https:\/\/www.europesays.com\/es\/wp-json\/wp\/v2\/types\/post"}],"author":[{"embeddable":true,"href":"https:\/\/www.europesays.com\/es\/wp-json\/wp\/v2\/users\/2"}],"replies":[{"embeddable":true,"href":"https:\/\/www.europesays.com\/es\/wp-json\/wp\/v2\/comments?post=241710"}],"version-history":[{"count":0,"href":"https:\/\/www.europesays.com\/es\/wp-json\/wp\/v2\/posts\/241710\/revisions"}],"wp:featuredmedia":[{"embeddable":true,"href":"https:\/\/www.europesays.com\/es\/wp-json\/wp\/v2\/media\/241711"}],"wp:attachment":[{"href":"https:\/\/www.europesays.com\/es\/wp-json\/wp\/v2\/media?parent=241710"}],"wp:term":[{"taxonomy":"category","embeddable":true,"href":"https:\/\/www.europesays.com\/es\/wp-json\/wp\/v2\/categories?post=241710"},{"taxonomy":"post_tag","embeddable":true,"href":"https:\/\/www.europesays.com\/es\/wp-json\/wp\/v2\/tags?post=241710"}],"curies":[{"name":"wp","href":"https:\/\/api.w.org\/{rel}","templated":true}]}}