{"id":241712,"date":"2025-11-17T23:02:09","date_gmt":"2025-11-17T23:02:09","guid":{"rendered":"https:\/\/www.europesays.com\/es\/241712\/"},"modified":"2025-11-17T23:02:09","modified_gmt":"2025-11-17T23:02:09","slug":"el-consejo-de-seguridad-de-la-onu-aprueba-la-resolucion-sobre-el-plan-de-trump-para-gaza-internacional","status":"publish","type":"post","link":"https:\/\/www.europesays.com\/es\/241712\/","title":{"rendered":"El Consejo de Seguridad de la ONU aprueba la resoluci\u00f3n sobre el plan de Trump para Gaza | Internacional"},"content":{"rendered":"<p class=\"\">El Consejo de Seguridad de Naciones Unidas ha aprobado este lunes la resoluci\u00f3n inspirada en el plan de paz para Gaza promovido por el presidente estadounidense, Donald Trump, por trece votos a favor y las abstenciones de Rusia y China. El respaldo de la instituci\u00f3n multilateral representa un espaldarazo para el republicano y sus afanes de forjarse una imagen de pacificador que le valga un premio Nobel de la Paz.<\/p>\n<p class=\"\">La nueva resoluci\u00f3n 2803, y el plan original estadounidense de veinte puntos \u2014incluido en ella como un anexo\u2014, prev\u00e9n el establecimiento de una fuerza internacional de seguridad en la franja (ISF, por sus siglas en ingl\u00e9s) que operar\u00e1 al menos hasta diciembre de 2027.<\/p>\n<p class=\"\">Esa fuerza tendr\u00e1 como misi\u00f3n asegurar las fronteras de Gaza con Israel y Egipto. Tambi\u00e9n deber\u00e1 proteger a los civiles y los corredores humanitarios dentro de la franja, as\u00ed como capacitar a una futura fuerza de polic\u00eda palestina. Pero el texto de la resoluci\u00f3n no explica si la ISF llevar\u00e1 a cabo uno de los puntos clave del plan de paz, el desarme de la milicia radical palestina Ham\u00e1s. Y en caso afirmativo, c\u00f3mo, dado que el grupo islamista rechaza entregar las armas.<\/p>\n<p class=\"\">Varios pa\u00edses que hab\u00edan participado en las negociaciones de paz que llevaron al fr\u00e1gil alto el fuego que se pact\u00f3 el mes pasado entre Israel y Ham\u00e1s con la mediaci\u00f3n de Estados Unidos, Qatr, Egipto y otras naciones, hab\u00edan expresado su inter\u00e9s en participar en la ISF. Pero para poder hacerlo, alegaban, necesitaban un mandato de Naciones Unidas que les proporcionase una base legal.<\/p>\n<p class=\"\">El pa\u00eds que s\u00ed se ha descartado de plano para participar en la fuerza internacional es el propio Estados Unidos, cuyo presidente se encuentra bajo fuertes presiones de su propia base conservadora. Esta base le reclama que se centre m\u00e1s en los problemas internos de su pa\u00eds y se implique menos en conflictos internacionales que perciben como ajenos a los intereses clave de Washington.<\/p>\n<p class=\"\">En un breve discurso tras la votaci\u00f3n, el embajador estadounidense ante la ONU, Michael Waltz, ha dado la bienvenida a la resoluci\u00f3n, que ha calificado de un \u201cpaso significativo para una Gaza estable\u201d.<\/p>\n<p class=\"\">La resoluci\u00f3n tambi\u00e9n establece los mimbres para la creaci\u00f3n de un nuevo gobierno de transici\u00f3n en Gaza a trav\u00e9s de un \u201cconsejo de paz\u201d que supervisar\u00e1 la reconstrucci\u00f3n de la franja.<\/p>\n<p class=\"\">La medida se aprueba en Nueva York un d\u00eda antes de que el presidente estadounidense reciba en la Casa Blanca al pr\u00edncipe heredero saud\u00ed, Mohamed bin Salman. <\/p>\n<p class=\"\">Trump aspira a que Arabia Saud\u00ed se adhiera a los acuerdos de Abraham de normalizaci\u00f3n entre Israel y los pa\u00edses \u00e1rabes y musulmanes, pero Riad rechaza tajantemente esa posibilidad en tanto no se establezca una hoja de ruta para el establecimiento de un Estado palestino. El plan de paz no contempla un camino para ello, e Israel deja clara su oposici\u00f3n encarnizada a cualquier paso de ese tipo ahora o en el futuro. <\/p>\n<p class=\"\">El texto declara que \u201cfinalmente pueden darse las condiciones para un camino cre\u00edble a la autodeterminaci\u00f3n y un Estado palestino\u201d una vez que la Autoridad Palestina haya completado un programa de reforma y la reconstrucci\u00f3n de Gaza se encuentre avanzada.<\/p>\n<p class=\"\">\u201cEstados Unidos establecer\u00e1 un di\u00e1logo entre Israel y los palestinos para acordar un horizonte pol\u00edtico para una coexistencia pac\u00edfica y pr\u00f3spera\u201d, declara la resoluci\u00f3n.<\/p>\n","protected":false},"excerpt":{"rendered":"El Consejo de Seguridad de Naciones Unidas ha aprobado este lunes la resoluci\u00f3n inspirada en el plan de&hellip;\n","protected":false},"author":2,"featured_media":241713,"comment_status":"","ping_status":"","sticky":false,"template":"","format":"standard","meta":{"footnotes":""},"categories":[42],"tags":[17,18,68,70,71,72,13,14,73,69,75,11,61,62,63,64,74,19,20,9,10,15,16,77,76,12,21,22,65,66,67],"class_list":{"0":"post-241712","1":"post","2":"type-post","3":"status-publish","4":"format-standard","5":"has-post-thumbnail","7":"category-internacional","8":"tag-breaking-news","9":"tag-breakingnews","10":"tag-conflicto-arabe-israeli","11":"tag-conflictos","12":"tag-conflictos-armados","13":"tag-conflictos-internacionales","14":"tag-featured-news","15":"tag-featurednews","16":"tag-franja-gaza","17":"tag-guerra","18":"tag-hamas","19":"tag-headlines","20":"tag-internacional","21":"tag-international","22":"tag-international-news","23":"tag-internationalnews","24":"tag-israel","25":"tag-latest-news","26":"tag-latestnews","27":"tag-news","28":"tag-noticias","29":"tag-noticias-destacadas","30":"tag-noticiasdestacadas","31":"tag-oriente-proximo","32":"tag-palestina","33":"tag-titulares","34":"tag-ultimas-noticias","35":"tag-ultimasnoticias","36":"tag-world","37":"tag-world-news","38":"tag-worldnews"},"share_on_mastodon":{"url":"","error":"Validation failed: Text character limit of 500 exceeded"},"_links":{"self":[{"href":"https:\/\/www.europesays.com\/es\/wp-json\/wp\/v2\/posts\/241712","targetHints":{"allow":["GET"]}}],"collection":[{"href":"https:\/\/www.europesays.com\/es\/wp-json\/wp\/v2\/posts"}],"about":[{"href":"https:\/\/www.europesays.com\/es\/wp-json\/wp\/v2\/types\/post"}],"author":[{"embeddable":true,"href":"https:\/\/www.europesays.com\/es\/wp-json\/wp\/v2\/users\/2"}],"replies":[{"embeddable":true,"href":"https:\/\/www.europesays.com\/es\/wp-json\/wp\/v2\/comments?post=241712"}],"version-history":[{"count":0,"href":"https:\/\/www.europesays.com\/es\/wp-json\/wp\/v2\/posts\/241712\/revisions"}],"wp:featuredmedia":[{"embeddable":true,"href":"https:\/\/www.europesays.com\/es\/wp-json\/wp\/v2\/media\/241713"}],"wp:attachment":[{"href":"https:\/\/www.europesays.com\/es\/wp-json\/wp\/v2\/media?parent=241712"}],"wp:term":[{"taxonomy":"category","embeddable":true,"href":"https:\/\/www.europesays.com\/es\/wp-json\/wp\/v2\/categories?post=241712"},{"taxonomy":"post_tag","embeddable":true,"href":"https:\/\/www.europesays.com\/es\/wp-json\/wp\/v2\/tags?post=241712"}],"curies":[{"name":"wp","href":"https:\/\/api.w.org\/{rel}","templated":true}]}}