{"id":241714,"date":"2025-11-17T23:03:10","date_gmt":"2025-11-17T23:03:10","guid":{"rendered":"https:\/\/www.europesays.com\/es\/241714\/"},"modified":"2025-11-17T23:03:10","modified_gmt":"2025-11-17T23:03:10","slug":"la-concejala-socialista-inmaculada-medina-dimite-al-ser-acorralada-por-el-caso-valka","status":"publish","type":"post","link":"https:\/\/www.europesays.com\/es\/241714\/","title":{"rendered":"La concejala socialista Inmaculada Medina, dimite al ser &#8216;acorralada&#8217; por el caso Valka"},"content":{"rendered":"<p style=\"\">La concejala del gobierno de Carolina Darias, edil de Coordinaci\u00f3n Territorial, Aguas, Carnaval y Fiestas del Ayuntamiento de Las Palmas de Gran Canaria, Inmaculada Medina (PSOE), ha <strong>renunciado a su acta<\/strong> tras ser imputada dentro de la investigaci\u00f3n del <a href=\"https:\/\/www.abc.es\/espana\/canarias\/imputada-concejala-socialista-palmas-gran-canaria-dentro-20251114114544-nt.html\" target=\"_self\" data-voc-vtm-id=\"in-text-traffic\" title=\"caso Valka\" data-mrf-link=\"www.abc.es\" rel=\"nofollow noopener\">caso Valka<\/a> por una  &#8230; presunta malversaci\u00f3n de caudales p\u00fablicos. <\/p>\n<p class=\"voc-p\" style=\"\">En una comparecencia, Medina renunciaba al cargo \u00abpor <strong>responsabilidad<\/strong> y, sobre todo, por respeto a esta instituci\u00f3n, a este grupo de Gobierno, al Partido Socialista y a los ciudadanos de la capital que durante todos estos a\u00f1os me han otorgado su confianza\u00bb, como ha expresado ante los medios.<\/p>\n<p class=\"voc-p\" style=\"\">Arropada por varios de los concejales municipales, Medina ha asegurado que \u00ablas circunstancias actuales le exigen <strong>dar un paso al lado<\/strong>, matizando que lo hace para no perjudicar ni al Ayuntamiento de Las Palmas de Gran Canaria ni al PSOE\u00bb. Aunque ha matizad que a\u00fan no le han sido notificados los hechos que se le imputan, no debe \u00abseguir desempe\u00f1ando sus funciones\u00bb. <\/p>\n<p class=\"voc-p\" style=\"\">\u00abQuiero disponer de <strong>plena libertad<\/strong> para que, una vez reciba la notificaci\u00f3n, poder dedicarme a mi defensa. Conf\u00edo en la Justicia y s\u00e9 que har\u00e1 su trabajo con todas las garant\u00edas\u00bb, ha dicho.<\/p>\n<p class=\"voc-p\" style=\"\">A Inmaculada Medina se la investiga dentro de una presunta trama de corrupci\u00f3n en el \u00c1rea de Parques y Jardines del Ayuntamiento de Las Palmas de Gran Canaria desde 2015 y 2022. Se le vinculan, junto al jefe de la unidad t\u00e9cnica de Parques y Jardines delitos de prevaricaci\u00f3n administrativa, <strong>prevaricaci\u00f3n<\/strong> urban\u00edstica, tr\u00e1fico de influencias, entre otros.<\/p>\n<p class=\"voc-p\" style=\"\">Ambos est\u00e1n investigados como supuestos autores de delitos de <strong>malversaci\u00f3n de caudales p\u00fablicos agravado<\/strong> por perjuicio superior a 250.000 euros, en concurso medial con delito de falsedad en documento p\u00fablico, delito de prevaricaci\u00f3n administrativa y delito de fraude a la administraci\u00f3n.<\/p>\n<p class=\"voc-p\" style=\"\">La trama emit\u00eda facturas falsas y<strong> sobrecostes superiores al 70%<\/strong> del consumo real en agua, sin verificaci\u00f3n t\u00e9cnica ni control material del suministro, adem\u00e1s de un modus operandi donde la manipulaci\u00f3n de los pliegos de prescripciones t\u00e9cnicas permiti\u00f3 crear un marco contractual artificial que legitimaba la<strong> facturaci\u00f3n \u00abinflada\u00bb<\/strong> por parte de la empresa adjudicataria, eliminando en la pr\u00e1ctica los controles t\u00e9cnicos exigidos por la Ley de Contratos del Sector P\u00fablico, para encubrir la desviaci\u00f3n sistem\u00e1tica de fondos p\u00fablicos, con la connivencia de los responsables t\u00e9cnicos y pol\u00edticos municipales, seg\u00fan apunta el juzgado.<\/p>\n<p>\nEn el punto de mira en otra investigaci\u00f3n\n<\/p>\n<p class=\"voc-p\" style=\"\">La concejala Inmaculada Medina, miembro del Consejo de Administraci\u00f3n de Sociedad Mercantil Promoci\u00f3n de la Ciudad de Las Palmas de Gran Canaria, est\u00e1 tambi\u00e9n en el punto de mira de la investigaci\u00f3n que estudia la adjudicaci\u00f3n a tres sociedades administradas por una misma persona de <a href=\"https:\/\/www.abc.es\/espana\/fiscalia-investiga-contratos-dedo-gobierno-socialista-darias-20250806040508-nt.html\" target=\"_self\" data-voc-vtm-id=\"in-text-traffic\" title=\"34 contratos a dedo\" data-mrf-link=\"www.abc.es\" rel=\"nofollow noopener\">34 contratos a dedo<\/a> por valor total de <strong>354.517,04 euros<\/strong> del ayuntamiento socialista de Las Palmas de Gran Canaria.<\/p>\n<p class=\"voc-p\" style=\"\">La investigaci\u00f3n, a cargo de la Fiscal\u00eda Anticorrupci\u00f3n, apunta a la \u00abexistencia de pr\u00e1cticas potencialmente contrarias a la normativa de contrataci\u00f3n p\u00fablica y a los principios de transparencia, libre concurrencia, igualdad de trato y eficiencia\u00bb, tal y como inform\u00f3 ABC el pasado mes de agosto. <\/p>\n","protected":false},"excerpt":{"rendered":"La concejala del gobierno de Carolina Darias, edil de Coordinaci\u00f3n Territorial, Aguas, Carnaval y Fiestas del Ayuntamiento de&hellip;\n","protected":false},"author":2,"featured_media":241715,"comment_status":"","ping_status":"","sticky":false,"template":"","format":"standard","meta":{"footnotes":""},"categories":[8],"tags":[2856,17,18,38317,2334,25,24,13,14,11,3742,19,20,769,9,10,15,16,11825,23,12,21,22,62177],"class_list":{"0":"post-241714","1":"post","2":"type-post","3":"status-publish","4":"format-standard","5":"has-post-thumbnail","7":"category-espana","8":"tag-acorralada","9":"tag-breaking-news","10":"tag-breakingnews","11":"tag-concejala","12":"tag-dimite","13":"tag-es","14":"tag-espana","15":"tag-featured-news","16":"tag-featurednews","17":"tag-headlines","18":"tag-inmaculada","19":"tag-latest-news","20":"tag-latestnews","21":"tag-medina","22":"tag-news","23":"tag-noticias","24":"tag-noticias-destacadas","25":"tag-noticiasdestacadas","26":"tag-socialista","27":"tag-spain","28":"tag-titulares","29":"tag-ultimas-noticias","30":"tag-ultimasnoticias","31":"tag-valka"},"share_on_mastodon":{"url":"https:\/\/pubeurope.com\/@es\/115567539343403092","error":""},"_links":{"self":[{"href":"https:\/\/www.europesays.com\/es\/wp-json\/wp\/v2\/posts\/241714","targetHints":{"allow":["GET"]}}],"collection":[{"href":"https:\/\/www.europesays.com\/es\/wp-json\/wp\/v2\/posts"}],"about":[{"href":"https:\/\/www.europesays.com\/es\/wp-json\/wp\/v2\/types\/post"}],"author":[{"embeddable":true,"href":"https:\/\/www.europesays.com\/es\/wp-json\/wp\/v2\/users\/2"}],"replies":[{"embeddable":true,"href":"https:\/\/www.europesays.com\/es\/wp-json\/wp\/v2\/comments?post=241714"}],"version-history":[{"count":0,"href":"https:\/\/www.europesays.com\/es\/wp-json\/wp\/v2\/posts\/241714\/revisions"}],"wp:featuredmedia":[{"embeddable":true,"href":"https:\/\/www.europesays.com\/es\/wp-json\/wp\/v2\/media\/241715"}],"wp:attachment":[{"href":"https:\/\/www.europesays.com\/es\/wp-json\/wp\/v2\/media?parent=241714"}],"wp:term":[{"taxonomy":"category","embeddable":true,"href":"https:\/\/www.europesays.com\/es\/wp-json\/wp\/v2\/categories?post=241714"},{"taxonomy":"post_tag","embeddable":true,"href":"https:\/\/www.europesays.com\/es\/wp-json\/wp\/v2\/tags?post=241714"}],"curies":[{"name":"wp","href":"https:\/\/api.w.org\/{rel}","templated":true}]}}